{"id":928,"date":"2024-05-27T19:19:22","date_gmt":"2024-05-27T17:19:22","guid":{"rendered":"https:\/\/academiespatiale.fr\/?p=928"},"modified":"2026-01-06T17:51:29","modified_gmt":"2026-01-06T16:51:29","slug":"suivez-le-lancement-en-direct-de-earthcare","status":"publish","type":"post","link":"https:\/\/academiespatiale.fr\/index.php\/2024\/05\/27\/suivez-le-lancement-en-direct-de-earthcare\/","title":{"rendered":"Suivez le lancement en direct de EarthCARE"},"content":{"rendered":"\n<div class=\"wp-block-columns has-text-color has-link-color wp-elements-e673af4000d0b3c096a66b181f7b0bbd is-layout-flex wp-container-core-columns-is-layout-deb2fee4 wp-block-columns-is-layout-flex\" style=\"color:#b1b1b1;margin-top:-25px;margin-bottom:20px;padding-top:0;padding-right:0;padding-bottom:0;padding-left:0;font-size:15px\">\n<div class=\"wp-block-column has-text-color has-link-color wp-elements-5a4d4e7b16cdb21f05469acdf2368671 is-layout-flow wp-block-column-is-layout-flow\" style=\"color:#a1a1a1;padding-top:0;padding-bottom:0;font-size:15px;font-style:normal;font-weight:100;flex-basis:100%\"><div class=\"aioseo-breadcrumbs\"><span class=\"aioseo-breadcrumb\">\n\t\t\t<a href=\"https:\/\/academiespatiale.fr\" title=\"Home\">Home<\/a>\n\t\t<\/span><span class=\"aioseo-breadcrumb-separator\">&raquo;<\/span><span class=\"aioseo-breadcrumb\">\n\t\t\t<a href=\"https:\/\/academiespatiale.fr\/index.php\/category\/evenements\/\" title=\"\u00c9v\u00e8nements\">\u00c9v\u00e8nements<\/a>\n\t\t<\/span><span class=\"aioseo-breadcrumb-separator\">&raquo;<\/span><span class=\"aioseo-breadcrumb\">\n\t\t\tSuivez le lancement en direct de EarthCARE\n\t\t<\/span><\/div><\/div>\n<\/div>\n\n\n\n<p class=\"has-text-align-center has-accent-color has-text-color has-link-color wp-elements-dcf868f94494aa9f67375b881d4230fb\">Revivez le lancement de EarthCARE<\/p>\n\n\n\n<div class=\"wp-block-buttons is-content-justification-center is-layout-flex wp-container-core-buttons-is-layout-a89b3969 wp-block-buttons-is-layout-flex\">\n<div class=\"wp-block-button\"><a class=\"wp-block-button__link has-accent-background-color has-background wp-element-button\" href=\"https:\/\/academiespatiale.fr\/index.php\/2024\/05\/30\/revivez-le-lancement-dearthcare\/\">REPLAY<\/a><\/div>\n<\/div>\n\n\n\n<div style=\"height:10px\" aria-hidden=\"true\" class=\"wp-block-spacer\"><\/div>\n\n\n\n<hr class=\"wp-block-separator has-alpha-channel-opacity\"\/>\n\n\n\n<div style=\"height:20px\" aria-hidden=\"true\" class=\"wp-block-spacer\"><\/div>\n\n\n\n<p>La mission EarthCARE (Earth Cloud Aerosol and Radiation Explorer) promet de contribuer \u00e0 une meilleure compr\u00e9hension du changement climatique. Elle quantifiera et r\u00e9duira l&rsquo;incertitude sur le r\u00f4le que jouent les nuages et les a\u00e9rosols dans le rechauffement et le refroidissement de l&rsquo;atmosph\u00e8re terrestre.<\/p>\n\n\n\n<div style=\"height:20px\" aria-hidden=\"true\" class=\"wp-block-spacer\"><\/div>\n\n\n\n<p>          &gt;&gt;&gt; Lancement pr\u00e9vu <strong>mardi 28 mai 2024<\/strong> <\/p>\n\n\n\n<div style=\"height:20px\" aria-hidden=\"true\" class=\"wp-block-spacer\"><\/div>\n\n\n\n<div class=\"wp-block-columns is-layout-flex wp-container-core-columns-is-layout-28f84493 wp-block-columns-is-layout-flex\">\n<div class=\"wp-block-column is-layout-flow wp-block-column-is-layout-flow\" style=\"flex-basis:66.66%\">\n<figure class=\"wp-block-image size-large\"><img loading=\"lazy\" decoding=\"async\" width=\"1024\" height=\"768\" src=\"https:\/\/academiespatiale.fr\/wp-content\/uploads\/2024\/05\/EarthCARE_on_board_a_Falcon_9_launch_vehicle_pillars-1024x768.jpg\" alt=\"\" class=\"wp-image-930\" srcset=\"https:\/\/academiespatiale.fr\/wp-content\/uploads\/2024\/05\/EarthCARE_on_board_a_Falcon_9_launch_vehicle_pillars-1024x768.jpg 1024w, https:\/\/academiespatiale.fr\/wp-content\/uploads\/2024\/05\/EarthCARE_on_board_a_Falcon_9_launch_vehicle_pillars-300x225.jpg 300w, https:\/\/academiespatiale.fr\/wp-content\/uploads\/2024\/05\/EarthCARE_on_board_a_Falcon_9_launch_vehicle_pillars-768x576.jpg 768w, https:\/\/academiespatiale.fr\/wp-content\/uploads\/2024\/05\/EarthCARE_on_board_a_Falcon_9_launch_vehicle_pillars-1536x1152.jpg 1536w, https:\/\/academiespatiale.fr\/wp-content\/uploads\/2024\/05\/EarthCARE_on_board_a_Falcon_9_launch_vehicle_pillars.jpg 1920w\" sizes=\"auto, (max-width: 1024px) 100vw, 1024px\" \/><figcaption class=\"wp-element-caption\">\u00a9 ESA<\/figcaption><\/figure>\n<\/div>\n\n\n\n<div class=\"wp-block-column is-vertically-aligned-center is-layout-flow wp-block-column-is-layout-flow\" style=\"flex-basis:33.33%\">\n<p>Mission : <strong>EarthCARE<\/strong><br>Agence : <strong>ESA <\/strong>(Europe) <strong>et JAXA<\/strong> (Japon)<br><mark style=\"background-color:rgba(0, 0, 0, 0)\" class=\"has-inline-color has-accent-color\">Date de lancement : <strong>28 mai 2024<\/strong><br><\/mark>Base de lancement : <strong>Vanderberg, Californie<\/strong><br>Lanceur : <strong>Falcon 9 SpaceX<\/strong><\/p>\n<\/div>\n<\/div>\n\n\n\n<p class=\"has-background-color-background-color has-background\">Pour suivre le lancement en direct, le 28 mai \u00e0 partir de 23h30 : <br>   &#8211;   <span class=\"highlight\"><a href=\"https:\/\/www.esa.int\/ESA_Multimedia\/ESA_Web_TV\" target=\"_blank\" rel=\"noopener\" title=\"\">ESA &#8211; ESA Web TV<\/a> <\/span><br>   &#8211;   <a href=\"https:\/\/www.youtube.com\/@EuropeanSpaceAgency\" target=\"_blank\" rel=\"noopener\" title=\"\">This is ESA (youtube.com)<\/a><\/p>\n\n\n\n<p class=\"has-background-color-background-color has-background\">Pour en savoir plus : <a href=\"https:\/\/www.esa.int\/Applications\/Observing_the_Earth\/FutureEO\/EarthCARE\/Watch_EarthCARE_launch_live\"><\/a><a href=\"https:\/\/www.esa.int\/Applications\/Observing_the_Earth\/FutureEO\/EarthCARE\/Watch_EarthCARE_launch_live\" target=\"_blank\" rel=\"noopener\" title=\"\">ESA &#8211; Watch EarthCARE launch live<\/a><\/p>\n\n\n\n<div style=\"height:20px\" aria-hidden=\"true\" class=\"wp-block-spacer\"><\/div>\n\n\n\n<h5 class=\"wp-block-heading\"><strong>Programme (horaire en CEST)<\/strong><\/h5>\n\n\n\n<p>23:34    Start of ESA WebTV Programme &#8211; Live from the European Space Operations Centre<br>00:05    SpaceX live broadcast begins<br>00:20    Lift-off&nbsp;<br>00:30    Spacecraft deployment<br>01:12    Acquisition of signal<br>01:20    End of ESA TV webcast<\/p>\n","protected":false},"excerpt":{"rendered":"<p>Revivez le lancement de EarthCARE La mission EarthCARE (Earth Cloud Aerosol and Radiation Explorer) promet de contribuer \u00e0 une meilleure compr\u00e9hension du changement climatique. Elle quantifiera et r\u00e9duira l&rsquo;incertitude sur le r\u00f4le que jouent les nuages et les a\u00e9rosols dans le rechauffement et le refroidissement de l&rsquo;atmosph\u00e8re terrestre. &gt;&gt;&gt; Lancement [&hellip;]<\/p>\n","protected":false},"author":1,"featured_media":929,"comment_status":"closed","ping_status":"closed","sticky":false,"template":"","format":"standard","meta":{"_monsterinsights_skip_tracking":false,"_monsterinsights_sitenote_active":false,"_monsterinsights_sitenote_note":"","_monsterinsights_sitenote_category":0,"_EventAllDay":false,"_EventTimezone":"","_EventStartDate":"","_EventEndDate":"","_EventStartDateUTC":"","_EventEndDateUTC":"","_EventShowMap":false,"_EventShowMapLink":false,"_EventURL":"","_EventCost":"","_EventCostDescription":"","_EventCurrencySymbol":"","_EventCurrencyCode":"","_EventCurrencyPosition":"","_EventDateTimeSeparator":"","_EventTimeRangeSeparator":"","_EventOrganizerID":[],"_EventVenueID":[],"_OrganizerEmail":"","_OrganizerPhone":"","_OrganizerWebsite":"","_VenueAddress":"","_VenueCity":"","_VenueCountry":"","_VenueProvince":"","_VenueState":"","_VenueZip":"","_VenuePhone":"","_VenueURL":"","_VenueStateProvince":"","_VenueLat":"","_VenueLng":"","_VenueShowMap":false,"_VenueShowMapLink":false,"footnotes":""},"categories":[14,35],"tags":[],"class_list":["post-928","post","type-post","status-publish","format-standard","has-post-thumbnail","hentry","category-evenements","category-secteur-spatial"],"aioseo_notices":[],"_links":{"self":[{"href":"https:\/\/academiespatiale.fr\/index.php\/wp-json\/wp\/v2\/posts\/928","targetHints":{"allow":["GET"]}}],"collection":[{"href":"https:\/\/academiespatiale.fr\/index.php\/wp-json\/wp\/v2\/posts"}],"about":[{"href":"https:\/\/academiespatiale.fr\/index.php\/wp-json\/wp\/v2\/types\/post"}],"author":[{"embeddable":true,"href":"https:\/\/academiespatiale.fr\/index.php\/wp-json\/wp\/v2\/users\/1"}],"replies":[{"embeddable":true,"href":"https:\/\/academiespatiale.fr\/index.php\/wp-json\/wp\/v2\/comments?post=928"}],"version-history":[{"count":23,"href":"https:\/\/academiespatiale.fr\/index.php\/wp-json\/wp\/v2\/posts\/928\/revisions"}],"predecessor-version":[{"id":7450,"href":"https:\/\/academiespatiale.fr\/index.php\/wp-json\/wp\/v2\/posts\/928\/revisions\/7450"}],"wp:featuredmedia":[{"embeddable":true,"href":"https:\/\/academiespatiale.fr\/index.php\/wp-json\/wp\/v2\/media\/929"}],"wp:attachment":[{"href":"https:\/\/academiespatiale.fr\/index.php\/wp-json\/wp\/v2\/media?parent=928"}],"wp:term":[{"taxonomy":"category","embeddable":true,"href":"https:\/\/academiespatiale.fr\/index.php\/wp-json\/wp\/v2\/categories?post=928"},{"taxonomy":"post_tag","embeddable":true,"href":"https:\/\/academiespatiale.fr\/index.php\/wp-json\/wp\/v2\/tags?post=928"}],"curies":[{"name":"wp","href":"https:\/\/api.w.org\/{rel}","templated":true}]}}