{"id":7492,"date":"2026-01-09T16:35:30","date_gmt":"2026-01-09T15:35:30","guid":{"rendered":"https:\/\/academiespatiale.fr\/?p=7492"},"modified":"2026-01-12T16:58:55","modified_gmt":"2026-01-12T15:58:55","slug":"en-janvier-rencontrez-lacademie-spatiale-sur-les-salons-de-letudiant","status":"publish","type":"post","link":"https:\/\/academiespatiale.fr\/index.php\/2026\/01\/09\/en-janvier-rencontrez-lacademie-spatiale-sur-les-salons-de-letudiant\/","title":{"rendered":"En janvier, rencontrez l&rsquo;Acad\u00e9mie Spatiale sur les salons de l&rsquo;\u00c9tudiant !"},"content":{"rendered":"\n<div class=\"wp-block-columns has-text-color has-link-color wp-elements-e673af4000d0b3c096a66b181f7b0bbd is-layout-flex wp-container-core-columns-is-layout-deb2fee4 wp-block-columns-is-layout-flex\" style=\"color:#b1b1b1;margin-top:-25px;margin-bottom:20px;padding-top:0;padding-right:0;padding-bottom:0;padding-left:0;font-size:15px\">\n<div class=\"wp-block-column has-text-color has-link-color wp-elements-5a4d4e7b16cdb21f05469acdf2368671 is-layout-flow wp-block-column-is-layout-flow\" style=\"color:#a1a1a1;padding-top:0;padding-bottom:0;font-size:15px;font-style:normal;font-weight:100;flex-basis:100%\"><div class=\"aioseo-breadcrumbs\"><span class=\"aioseo-breadcrumb\">\n\t\t\t<a href=\"https:\/\/academiespatiale.fr\" title=\"Home\">Home<\/a>\n\t\t<\/span><span class=\"aioseo-breadcrumb-separator\">&raquo;<\/span><span class=\"aioseo-breadcrumb\">\n\t\t\t<a href=\"https:\/\/academiespatiale.fr\/index.php\/category\/evenements\/\" title=\"\u00c9v\u00e8nements\">\u00c9v\u00e8nements<\/a>\n\t\t<\/span><span class=\"aioseo-breadcrumb-separator\">&raquo;<\/span><span class=\"aioseo-breadcrumb\">\n\t\t\t<a href=\"https:\/\/academiespatiale.fr\/index.php\/category\/evenements\/salon\/\" title=\"Salon\">Salon<\/a>\n\t\t<\/span><span class=\"aioseo-breadcrumb-separator\">&raquo;<\/span><span class=\"aioseo-breadcrumb\">\n\t\t\tEn janvier, rencontrez l\u2019Acad\u00e9mie Spatiale sur les salons de l\u2019\u00c9tudiant !\n\t\t<\/span><\/div><\/div>\n<\/div>\n\n\n\n<p id=\"x_resume\"><strong>L\u2019Acad\u00e9mie Spatiale&nbsp;vient \u00e0 votre rencontre en janvier ! Que vous soyez lyc\u00e9en, lyc\u00e9enne, \u00e9tudiant\u00b7e en qu\u00eate de sp\u00e9cialisation ou parent, nos ambassadeurs, ambassadrices et enseignant\u00b7es sont l\u00e0 pour vous guider vers les m\u00e9tiers de demain.<\/strong><\/p>\n\n\n\n<p><strong>Venez nous rencontrer, discuter et d\u00e9couvrir notre offre de formation !<\/strong><\/p>\n\n\n\n<hr class=\"wp-block-separator has-alpha-channel-opacity\"\/>\n\n\n\n<p class=\"has-text-align-center\">Trois salons \u00e0 venir en janvier<\/p>\n\n\n\n<div class=\"wp-block-columns is-layout-flex wp-container-core-columns-is-layout-28f84493 wp-block-columns-is-layout-flex\">\n<div class=\"wp-block-column is-layout-flow wp-block-column-is-layout-flow\">\n<figure class=\"wp-block-image size-large\"><img loading=\"lazy\" decoding=\"async\" width=\"1024\" height=\"1024\" src=\"https:\/\/academiespatiale.fr\/wp-content\/uploads\/2026\/01\/Paris_Masters_26_1080x1080-1024x1024.jpg\" alt=\"\" class=\"wp-image-7495\" srcset=\"https:\/\/academiespatiale.fr\/wp-content\/uploads\/2026\/01\/Paris_Masters_26_1080x1080-1024x1024.jpg 1024w, https:\/\/academiespatiale.fr\/wp-content\/uploads\/2026\/01\/Paris_Masters_26_1080x1080-300x300.jpg 300w, https:\/\/academiespatiale.fr\/wp-content\/uploads\/2026\/01\/Paris_Masters_26_1080x1080-150x150.jpg 150w, https:\/\/academiespatiale.fr\/wp-content\/uploads\/2026\/01\/Paris_Masters_26_1080x1080-768x768.jpg 768w, https:\/\/academiespatiale.fr\/wp-content\/uploads\/2026\/01\/Paris_Masters_26_1080x1080-1536x1536.jpg 1536w, https:\/\/academiespatiale.fr\/wp-content\/uploads\/2026\/01\/Paris_Masters_26_1080x1080-2048x2048.jpg 2048w\" sizes=\"auto, (max-width: 1024px) 100vw, 1024px\" \/><\/figure>\n\n\n\n<p class=\"has-text-align-center\" style=\"font-size:15px\"><strong>&gt; <a href=\"https:\/\/salon-masters-ms-et-mba-paris.salon.letudiant.fr\/?utm_source=KIT_DE_COM&amp;utm_medium=digital&amp;utm_campaign=PROMO-SAL-PARISMMSFI26\" target=\"_blank\" rel=\"noopener\" title=\"\">Inscription gratuite (obligatoire)<\/a> &lt;<\/strong><\/p>\n\n\n\n<div style=\"height:10px\" aria-hidden=\"true\" class=\"wp-block-spacer\"><\/div>\n\n\n\n<p class=\"has-text-align-center\"><strong>Salon de l&rsquo;Etudiant<br>Masters, MS et MBA<\/strong><\/p>\n\n\n\n<p class=\"has-text-align-center\"><strong>Samedi 17 janvier 2026<br><\/strong>de 10h \u00e0 18h<\/p>\n\n\n\n<p class=\"has-text-align-center\">[Stand de l&rsquo;UPEC D14]<\/p>\n\n\n\n<p class=\"has-text-align-center\" style=\"font-size:15px\">Palais des Congr\u00e8s<br>Halls B et C + salle Passy&nbsp;<br>2, place de la Porte Maillot<br>75017 Paris<\/p>\n\n\n\n<p class=\"has-text-align-center has-background-color-background-color has-background\" style=\"font-size:15px\">Plus d&rsquo;infos<br><a href=\"https:\/\/academiespatiale.fr\/index.php\/event\/salon-de-letudiant-masters-ms-et-mba-au-palais-des-congres-de-paris\/\">Salon de l\u2019\u00c9tudiant \u2013 Masters, MS et MBA au Palais des congr\u00e8s de Paris<\/a><\/p>\n<\/div>\n\n\n\n<div class=\"wp-block-column is-layout-flow wp-block-column-is-layout-flow\">\n<figure class=\"wp-block-image size-large\"><img loading=\"lazy\" decoding=\"async\" width=\"1024\" height=\"1024\" src=\"https:\/\/academiespatiale.fr\/wp-content\/uploads\/2026\/01\/St-Quentin_26_1080x1080-1024x1024.jpg\" alt=\"\" class=\"wp-image-7493\" srcset=\"https:\/\/academiespatiale.fr\/wp-content\/uploads\/2026\/01\/St-Quentin_26_1080x1080-1024x1024.jpg 1024w, https:\/\/academiespatiale.fr\/wp-content\/uploads\/2026\/01\/St-Quentin_26_1080x1080-300x300.jpg 300w, https:\/\/academiespatiale.fr\/wp-content\/uploads\/2026\/01\/St-Quentin_26_1080x1080-150x150.jpg 150w, https:\/\/academiespatiale.fr\/wp-content\/uploads\/2026\/01\/St-Quentin_26_1080x1080-768x768.jpg 768w, https:\/\/academiespatiale.fr\/wp-content\/uploads\/2026\/01\/St-Quentin_26_1080x1080.jpg 1080w\" sizes=\"auto, (max-width: 1024px) 100vw, 1024px\" \/><\/figure>\n\n\n\n<p class=\"has-text-align-center\" style=\"font-size:15px\"><strong>&gt;  <a href=\"https:\/\/salon-de-l-etudiant-en-yvelines-saint-quentin-en-yvelines.salon.letudiant.fr\/?utm_source=KIT_DE_COM&amp;utm_medium=digital&amp;utm_campaign=PROMO-SAL-SQYSE26\" target=\"_blank\" rel=\"noopener\" title=\"\">Inscription gratuite (obligatoire)<\/a> &lt;<\/strong><\/p>\n\n\n\n<div style=\"height:10px\" aria-hidden=\"true\" class=\"wp-block-spacer\"><\/div>\n\n\n\n<p class=\"has-text-align-center\"><strong>Salon de l&rsquo;Etudiant <br>En Yvelines<\/strong><\/p>\n\n\n\n<p class=\"has-text-align-center\"><strong>Samedi 17 janvier 2026<br><\/strong>de 10h \u00e0 18h<\/p>\n\n\n\n<p class=\"has-text-align-center\">[Stand B2]<\/p>\n\n\n\n<p class=\"has-text-align-center\" style=\"font-size:15px\">V\u00e9lodrome national de Saint-Quentin-en-Yvelines<br>1, rue Laurent Fignon <br>78180 Montigny-le-Bretonneux<\/p>\n\n\n\n<p class=\"has-text-align-center has-background-color-background-color has-background\" style=\"font-size:15px\">Plus d&rsquo;infos<br><a href=\"https:\/\/academiespatiale.fr\/index.php\/event\/salon-de-letudiant-en-yvelines-velodrome-national-de-montigny-le-bretonneux\/\">Salon de l\u2019\u00c9tudiant en Yvelines \u2013 V\u00e9lodrome national de Montigny-le-Bretonneux<\/a><\/p>\n<\/div>\n\n\n\n<div class=\"wp-block-column is-layout-flow wp-block-column-is-layout-flow\">\n<figure class=\"wp-block-image size-large\"><img loading=\"lazy\" decoding=\"async\" width=\"1024\" height=\"1024\" src=\"https:\/\/academiespatiale.fr\/wp-content\/uploads\/2026\/01\/Paris_SE_26_1080x1080-1024x1024.jpg\" alt=\"\" class=\"wp-image-7494\" srcset=\"https:\/\/academiespatiale.fr\/wp-content\/uploads\/2026\/01\/Paris_SE_26_1080x1080-1024x1024.jpg 1024w, https:\/\/academiespatiale.fr\/wp-content\/uploads\/2026\/01\/Paris_SE_26_1080x1080-300x300.jpg 300w, https:\/\/academiespatiale.fr\/wp-content\/uploads\/2026\/01\/Paris_SE_26_1080x1080-150x150.jpg 150w, https:\/\/academiespatiale.fr\/wp-content\/uploads\/2026\/01\/Paris_SE_26_1080x1080-768x768.jpg 768w, https:\/\/academiespatiale.fr\/wp-content\/uploads\/2026\/01\/Paris_SE_26_1080x1080.jpg 1080w\" sizes=\"auto, (max-width: 1024px) 100vw, 1024px\" \/><\/figure>\n\n\n\n<p class=\"has-text-align-center\" style=\"font-size:15px\"><strong>&gt; <a href=\"https:\/\/salon-de-l-etudiant-en-ile-de-france-paris.salon.letudiant.fr\/?utm_source=KIT_DE_COM&amp;utm_medium=digital&amp;utm_campaign=PROMO-SAL-PARISSEIDF26\" target=\"_blank\" rel=\"noopener\" title=\"\">Inscription gratuite (obligatoire)<\/a> &lt;<\/strong><\/p>\n\n\n\n<div style=\"height:10px\" aria-hidden=\"true\" class=\"wp-block-spacer\"><\/div>\n\n\n\n<p class=\"has-text-align-center\"><strong>Salon de l&rsquo;Etudiant<br>En \u00cele-de-France \u00e0 Paris<\/strong><\/p>\n\n\n\n<p class=\"has-text-align-center\"><strong>Vendredi 30, samedi 31 janvier et dimanche 1er f\u00e9vrier 2026<\/strong><br>de 10h \u00e0 18h<\/p>\n\n\n\n<p class=\"has-text-align-center\">[Stand G9]<\/p>\n\n\n\n<p class=\"has-text-align-center\" style=\"font-size:15px\">Porte de Versailles<br>Place de la Porte de Versailles<br>75015 Paris<\/p>\n\n\n\n<p class=\"has-text-align-center has-background-color-background-color has-background\" style=\"font-size:15px\">Plus d&rsquo;infos<br><a href=\"https:\/\/academiespatiale.fr\/index.php\/event\/salon-de-letudiant-en-ile-de-france-porte-de-versailles\/\">Salon de l\u2019\u00c9tudiant en \u00cele-de-France \u2013 Porte de Versailles<\/a><\/p>\n<\/div>\n<\/div>\n\n\n\n<p><\/p>\n","protected":false},"excerpt":{"rendered":"<p>L\u2019Acad\u00e9mie Spatiale&nbsp;vient \u00e0 votre rencontre en janvier ! Que vous soyez lyc\u00e9en, lyc\u00e9enne, \u00e9tudiant\u00b7e en qu\u00eate de sp\u00e9cialisation ou parent, nos ambassadeurs, ambassadrices et enseignant\u00b7es sont l\u00e0 pour vous guider vers les m\u00e9tiers de demain. Venez nous rencontrer, discuter et d\u00e9couvrir notre offre de formation ! Trois salons \u00e0 venir [&hellip;]<\/p>\n","protected":false},"author":1,"featured_media":7499,"comment_status":"closed","ping_status":"open","sticky":false,"template":"","format":"standard","meta":{"_monsterinsights_skip_tracking":false,"_monsterinsights_sitenote_active":false,"_monsterinsights_sitenote_note":"","_monsterinsights_sitenote_category":0,"_EventAllDay":false,"_EventTimezone":"","_EventStartDate":"","_EventEndDate":"","_EventStartDateUTC":"","_EventEndDateUTC":"","_EventShowMap":false,"_EventShowMapLink":false,"_EventURL":"","_EventCost":"","_EventCostDescription":"","_EventCurrencySymbol":"","_EventCurrencyCode":"","_EventCurrencyPosition":"","_EventDateTimeSeparator":"","_EventTimeRangeSeparator":"","_EventOrganizerID":[],"_EventVenueID":[],"_OrganizerEmail":"","_OrganizerPhone":"","_OrganizerWebsite":"","_VenueAddress":"","_VenueCity":"","_VenueCountry":"","_VenueProvince":"","_VenueState":"","_VenueZip":"","_VenuePhone":"","_VenueURL":"","_VenueStateProvince":"","_VenueLat":"","_VenueLng":"","_VenueShowMap":false,"_VenueShowMapLink":false,"footnotes":""},"categories":[14,28],"tags":[],"class_list":["post-7492","post","type-post","status-publish","format-standard","has-post-thumbnail","hentry","category-evenements","category-salon"],"aioseo_notices":[],"_links":{"self":[{"href":"https:\/\/academiespatiale.fr\/index.php\/wp-json\/wp\/v2\/posts\/7492","targetHints":{"allow":["GET"]}}],"collection":[{"href":"https:\/\/academiespatiale.fr\/index.php\/wp-json\/wp\/v2\/posts"}],"about":[{"href":"https:\/\/academiespatiale.fr\/index.php\/wp-json\/wp\/v2\/types\/post"}],"author":[{"embeddable":true,"href":"https:\/\/academiespatiale.fr\/index.php\/wp-json\/wp\/v2\/users\/1"}],"replies":[{"embeddable":true,"href":"https:\/\/academiespatiale.fr\/index.php\/wp-json\/wp\/v2\/comments?post=7492"}],"version-history":[{"count":15,"href":"https:\/\/academiespatiale.fr\/index.php\/wp-json\/wp\/v2\/posts\/7492\/revisions"}],"predecessor-version":[{"id":7529,"href":"https:\/\/academiespatiale.fr\/index.php\/wp-json\/wp\/v2\/posts\/7492\/revisions\/7529"}],"wp:featuredmedia":[{"embeddable":true,"href":"https:\/\/academiespatiale.fr\/index.php\/wp-json\/wp\/v2\/media\/7499"}],"wp:attachment":[{"href":"https:\/\/academiespatiale.fr\/index.php\/wp-json\/wp\/v2\/media?parent=7492"}],"wp:term":[{"taxonomy":"category","embeddable":true,"href":"https:\/\/academiespatiale.fr\/index.php\/wp-json\/wp\/v2\/categories?post=7492"},{"taxonomy":"post_tag","embeddable":true,"href":"https:\/\/academiespatiale.fr\/index.php\/wp-json\/wp\/v2\/tags?post=7492"}],"curies":[{"name":"wp","href":"https:\/\/api.w.org\/{rel}","templated":true}]}}