{"id":6842,"date":"2025-12-12T17:19:43","date_gmt":"2025-12-12T16:19:43","guid":{"rendered":"https:\/\/academiespatiale.fr\/?p=6842"},"modified":"2025-12-19T18:19:03","modified_gmt":"2025-12-19T17:19:03","slug":"european-space-ready-project-holds-its-first-meeting-in-france","status":"publish","type":"post","link":"https:\/\/academiespatiale.fr\/index.php\/2025\/12\/12\/european-space-ready-project-holds-its-first-meeting-in-france\/","title":{"rendered":"European Space Ready project holds its first meeting in France"},"content":{"rendered":"\n<div class=\"wp-block-columns has-text-color has-link-color wp-elements-e673af4000d0b3c096a66b181f7b0bbd is-layout-flex wp-container-core-columns-is-layout-deb2fee4 wp-block-columns-is-layout-flex\" style=\"color:#b1b1b1;margin-top:-25px;margin-bottom:20px;padding-top:0;padding-right:0;padding-bottom:0;padding-left:0;font-size:15px\">\n<div class=\"wp-block-column has-text-color has-link-color wp-elements-5a4d4e7b16cdb21f05469acdf2368671 is-layout-flow wp-block-column-is-layout-flow\" style=\"color:#a1a1a1;padding-top:0;padding-bottom:0;font-size:15px;font-style:normal;font-weight:100;flex-basis:100%\"><div class=\"aioseo-breadcrumbs\"><span class=\"aioseo-breadcrumb\">\n\t\t\t<a href=\"https:\/\/academiespatiale.fr\" title=\"Home\">Home<\/a>\n\t\t<\/span><span class=\"aioseo-breadcrumb-separator\">&raquo;<\/span><span class=\"aioseo-breadcrumb\">\n\t\t\t<a href=\"https:\/\/academiespatiale.fr\/index.php\/category\/formation\/\" title=\"Formation\">Formation<\/a>\n\t\t<\/span><span class=\"aioseo-breadcrumb-separator\">&raquo;<\/span><span class=\"aioseo-breadcrumb\">\n\t\t\tEuropean Space Ready project holds its first meeting in France\n\t\t<\/span><\/div><\/div>\n<\/div>\n\n\n\n<details class=\"wp-block-details is-layout-flow wp-block-details-is-layout-flow\"><summary>&gt;&gt;&gt; Cliquez ici pour la version fran\u00e7aise<\/summary>\n<p><strong>Les mercredi 3 et jeudi 4 d\u00e9cembre derniers s\u2019est tenue, \u00e0 l&rsquo;Observatoire de Versailles Saint-Quentin-en-Yvelines, la premi\u00e8re r\u00e9union du projet europ\u00e9en Space Ready port\u00e9 notamment par l&rsquo;Acad\u00e9mie Spatiale d&rsquo;\u00cele-de-France et le Centre Paris-Saclay des Sciences Spatiales (CPS3). <\/strong><\/p>\n\n\n\n<p>D\u00e9marr\u00e9 en octobre 2024, le projet Space Readu a pour objectif de former, via des MOOC, les \u00e9tudiantes et les \u00e9tudiants universitaires aux disciplines li\u00e9es au spatial, et plus particuli\u00e8rement de les pr\u00e9parer aux enjeux des programmes dit <em>Analog<\/em>. Ces dispositifs visent \u00e0 reproduire certains aspects de l&rsquo;environnement spatial, par exemple au moyen de capsules simulant les conditions de l&rsquo;ISS pour former les participant\u00b7es aux contraintes de la vie des astronautes.<\/p>\n\n\n\n<p>Cet \u00e9v\u00e8nement \u00e0 r\u00e9uni 12 participant\u00b7es de nationalit\u00e9s polonaise, italienne, ukrainienne et fran\u00e7aise, parmi lesquels <strong>Agata Kolodziejczyk<\/strong>, directrice des projets scientifique Director of Scientific Projects de l&rsquo;Analog Astronaut Training Center et <strong>Philippe Keckhut<\/strong>, directeur de l&rsquo;Acad\u00e9mie Spatiale.<\/p>\n\n\n\n<figure class=\"wp-block-image size-large\"><img loading=\"lazy\" decoding=\"async\" width=\"1024\" height=\"905\" src=\"https:\/\/academiespatiale.fr\/wp-content\/uploads\/2025\/12\/IMG_5490-1024x905.jpg\" alt=\"\" class=\"wp-image-6847\" srcset=\"https:\/\/academiespatiale.fr\/wp-content\/uploads\/2025\/12\/IMG_5490-1024x905.jpg 1024w, https:\/\/academiespatiale.fr\/wp-content\/uploads\/2025\/12\/IMG_5490-300x265.jpg 300w, https:\/\/academiespatiale.fr\/wp-content\/uploads\/2025\/12\/IMG_5490-768x679.jpg 768w, https:\/\/academiespatiale.fr\/wp-content\/uploads\/2025\/12\/IMG_5490-1536x1358.jpg 1536w, https:\/\/academiespatiale.fr\/wp-content\/uploads\/2025\/12\/IMG_5490-2048x1810.jpg 2048w\" sizes=\"auto, (max-width: 1024px) 100vw, 1024px\" \/><\/figure>\n\n\n\n<p style=\"font-size:15px\">Dans l&rsquo;ordre de gauche \u00e0 droite : Christo Balinow, Lilia Turovska, Ricardo Pio, Alain Sarkissian, Philippe Keckhut, Mustapha Meftah, Agata Kolodziejczyk, Katarzyna Liszka, Justine Cauvas et Pierre Saint Priest \u00a9 Acad\u00e9mie Spatiale d&rsquo;IDF \/ UVSQ &#8211; OVSQ<\/p>\n\n\n\n<p>D\u00e9roul\u00e9 de la rencontre :<\/p>\n\n\n\n<ul class=\"wp-block-list\">\n<li><strong>Mercredi 3 d\u00e9cembre, apr\u00e8s-midi <\/strong>: bilan des activit\u00e9s depuis le d\u00e9but du projet en octobre 2024, soit depuis plus d&rsquo;une ann\u00e9e<\/li>\n\n\n\n<li><strong>Jeudi 4 d\u00e9cembre, matin <\/strong>: travail sur les futurs actions, les analogues et sur le choix de 6 \u00e9tudiant\u00b7es par pays, soit 18 \u00e9tudiant\u00b7es au total, pour aller passer 1 semaine dans la station pour analogue polonaise. Les \u00e9tudiant\u00b7es seront m\u00e9lang\u00e9 dans 3 groupes internationaux.<\/li>\n\n\n\n<li><strong>Jeudi 4 d\u00e9cembre, apr\u00e8s-midi<\/strong> : visite du LATMOS et de la PIT par <strong>Pierre Maso<\/strong> et <strong>Nicolas Caignard<\/strong> \u2192 salles blanches, halle ballon, pot vibrant, cuve thermique, centre de contr\u00f4le commande de UVSQ Sat, etc. ainsi qu&rsquo;une d\u00e9monstration de r\u00e9alit\u00e9 virtuelle sur Mars et Titan par <strong>Caroline Freissinet<\/strong>.<\/li>\n<\/ul>\n\n\n\n<p class=\"has-background-color-background-color has-background\"><strong>Plus d&rsquo;infos :<br><\/strong>Analog Astronaut Training Center \u2192 <a href=\"https:\/\/www.astronaut.center\/habitat\/\">Habitat &#8211; Analog Astronaut Training Center<\/a><br>Space Ready \u2192 <a href=\"https:\/\/spaceready.eu\/\">Space Ready | The future of training for Analog Space Missions<\/a><\/p>\n\n\n\n<figure class=\"wp-block-image size-large\"><img loading=\"lazy\" decoding=\"async\" width=\"1024\" height=\"576\" src=\"https:\/\/academiespatiale.fr\/wp-content\/uploads\/2025\/03\/Space_ready_welcome-1024x576.jpg\" alt=\"\" class=\"wp-image-3706\" srcset=\"https:\/\/academiespatiale.fr\/wp-content\/uploads\/2025\/03\/Space_ready_welcome-1024x576.jpg 1024w, https:\/\/academiespatiale.fr\/wp-content\/uploads\/2025\/03\/Space_ready_welcome-300x169.jpg 300w, https:\/\/academiespatiale.fr\/wp-content\/uploads\/2025\/03\/Space_ready_welcome-768x432.jpg 768w, https:\/\/academiespatiale.fr\/wp-content\/uploads\/2025\/03\/Space_ready_welcome.jpg 1280w\" sizes=\"auto, (max-width: 1024px) 100vw, 1024px\" \/><\/figure>\n<\/details>\n\n\n\n<hr class=\"wp-block-separator has-alpha-channel-opacity\"\/>\n\n\n\n<p><strong>On Wednesday 3 and Thursday 4 December, the first meeting of the European project <strong>Space Ready<\/strong> was held at the Observatory of Versailles Saint-Quentin-en-Yvelines. The project is notably led by the Acad\u00e9mie Spatiale d&rsquo;\u00cele-de-France and the Paris-Saclay Center for Space Sciences (CPS3).<\/strong><\/p>\n\n\n\n<p>Launched in October 2024, the <strong>Space Ready<\/strong> project aims to train university students in space-related disciplines through MOOCs, with a particular focus on preparing them for so-called <em>Analog<\/em> programs. These initiatives seek to replicate certain aspects of the space environment \u2014 for example, through capsules simulating the conditions of the International Space Station (ISS) \u2014 in order to train participants for the constraints of astronauts\u2019 daily life.<\/p>\n\n\n\n<p>The event brought together 12 participants of Polish, Italian, Ukrainian, and French nationalities, including <strong>Agata Kolodziejczyk<\/strong>, Director of Scientific Projects at the <strong>Analog Astronaut Training Center<\/strong> and <strong>Philippe Keckhut<\/strong>, Director of the Space Academy.<\/p>\n\n\n\n<figure class=\"wp-block-image size-large\"><img loading=\"lazy\" decoding=\"async\" width=\"1024\" height=\"905\" src=\"https:\/\/academiespatiale.fr\/wp-content\/uploads\/2025\/12\/IMG_5490-1024x905.jpg\" alt=\"\" class=\"wp-image-6847\" srcset=\"https:\/\/academiespatiale.fr\/wp-content\/uploads\/2025\/12\/IMG_5490-1024x905.jpg 1024w, https:\/\/academiespatiale.fr\/wp-content\/uploads\/2025\/12\/IMG_5490-300x265.jpg 300w, https:\/\/academiespatiale.fr\/wp-content\/uploads\/2025\/12\/IMG_5490-768x679.jpg 768w, https:\/\/academiespatiale.fr\/wp-content\/uploads\/2025\/12\/IMG_5490-1536x1358.jpg 1536w, https:\/\/academiespatiale.fr\/wp-content\/uploads\/2025\/12\/IMG_5490-2048x1810.jpg 2048w\" sizes=\"auto, (max-width: 1024px) 100vw, 1024px\" \/><\/figure>\n\n\n\n<p style=\"font-size:15px\">In ordre, from left to right: Christo Balinow, Lilia Turovska, Ricardo Pio, Alain Sarkissian, Philippe Keckhut, Mustapha Meftah, Agata Kolodziejczyk, Katarzyna Liszka, Justine Cauvas et Pierre Saint Priest \u00a9 Acad\u00e9mie Spatiale d&rsquo;IDF \/ UVSQ &#8211; OVSQ<\/p>\n\n\n\n<p>Course of the meeting:<\/p>\n\n\n\n<ul class=\"wp-block-list\">\n<li><strong>Wednesday, December 3, afternoon:<\/strong> review of activities since the start of the project in October 2024, i.e., over a year ago<\/li>\n\n\n\n<li><strong>Thursday, December 4, morning:<\/strong> work on future actions, analogues, and the selection of six students per country, for a total of 18 students, to spend one week at the Polish analogue station. The students will be divided into three international groups.<\/li>\n\n\n\n<li><strong>Thursday, December 4, afternoon:<\/strong> tour of LATMOS and PIT by Pierre Maso and Nicolas Caignard \u2192 clean rooms, balloon hall, vibrating pot, thermal tank, UVSQ Sat control center, etc., as well as a virtual reality demonstration on Mars and Titan by Caroline Freissinet<\/li>\n<\/ul>\n\n\n\n<p class=\"has-background-color-background-color has-background\"><strong>More infos:<br><\/strong>Analog Astronaut Training Center \u2192 <a href=\"https:\/\/www.astronaut.center\/habitat\/\">Habitat &#8211; Analog Astronaut Training Center<\/a><br>Space Ready \u2192 <a href=\"https:\/\/spaceready.eu\/\">Space Ready | The future of training for Analog Space Missions<\/a><\/p>\n\n\n\n<figure class=\"wp-block-image size-large\"><img loading=\"lazy\" decoding=\"async\" width=\"1024\" height=\"576\" src=\"https:\/\/academiespatiale.fr\/wp-content\/uploads\/2025\/03\/Space_ready_welcome-1024x576.jpg\" alt=\"\" class=\"wp-image-3706\" srcset=\"https:\/\/academiespatiale.fr\/wp-content\/uploads\/2025\/03\/Space_ready_welcome-1024x576.jpg 1024w, https:\/\/academiespatiale.fr\/wp-content\/uploads\/2025\/03\/Space_ready_welcome-300x169.jpg 300w, https:\/\/academiespatiale.fr\/wp-content\/uploads\/2025\/03\/Space_ready_welcome-768x432.jpg 768w, https:\/\/academiespatiale.fr\/wp-content\/uploads\/2025\/03\/Space_ready_welcome.jpg 1280w\" sizes=\"auto, (max-width: 1024px) 100vw, 1024px\" \/><\/figure>\n\n\n\n<p><\/p>\n","protected":false},"excerpt":{"rendered":"<p>On Wednesday 3 and Thursday 4 December, the first meeting of the European project Space Ready was held at the Observatory of Versailles Saint-Quentin-en-Yvelines. The project is notably led by the Acad\u00e9mie Spatiale d&rsquo;\u00cele-de-France and the Paris-Saclay Center for Space Sciences (CPS3). Launched in October 2024, the Space Ready project [&hellip;]<\/p>\n","protected":false},"author":1,"featured_media":6849,"comment_status":"closed","ping_status":"open","sticky":false,"template":"","format":"standard","meta":{"_monsterinsights_skip_tracking":false,"_monsterinsights_sitenote_active":false,"_monsterinsights_sitenote_note":"","_monsterinsights_sitenote_category":0,"_EventAllDay":false,"_EventTimezone":"","_EventStartDate":"","_EventEndDate":"","_EventStartDateUTC":"","_EventEndDateUTC":"","_EventShowMap":false,"_EventShowMapLink":false,"_EventURL":"","_EventCost":"","_EventCostDescription":"","_EventCurrencySymbol":"","_EventCurrencyCode":"","_EventCurrencyPosition":"","_EventDateTimeSeparator":"","_EventTimeRangeSeparator":"","_EventOrganizerID":[],"_EventVenueID":[],"_OrganizerEmail":"","_OrganizerPhone":"","_OrganizerWebsite":"","_VenueAddress":"","_VenueCity":"","_VenueCountry":"","_VenueProvince":"","_VenueState":"","_VenueZip":"","_VenuePhone":"","_VenueURL":"","_VenueStateProvince":"","_VenueLat":"","_VenueLng":"","_VenueShowMap":false,"_VenueShowMapLink":false,"footnotes":""},"categories":[14,5,36],"tags":[],"class_list":["post-6842","post","type-post","status-publish","format-standard","has-post-thumbnail","hentry","category-evenements","category-formation","category-international"],"aioseo_notices":[],"_links":{"self":[{"href":"https:\/\/academiespatiale.fr\/index.php\/wp-json\/wp\/v2\/posts\/6842","targetHints":{"allow":["GET"]}}],"collection":[{"href":"https:\/\/academiespatiale.fr\/index.php\/wp-json\/wp\/v2\/posts"}],"about":[{"href":"https:\/\/academiespatiale.fr\/index.php\/wp-json\/wp\/v2\/types\/post"}],"author":[{"embeddable":true,"href":"https:\/\/academiespatiale.fr\/index.php\/wp-json\/wp\/v2\/users\/1"}],"replies":[{"embeddable":true,"href":"https:\/\/academiespatiale.fr\/index.php\/wp-json\/wp\/v2\/comments?post=6842"}],"version-history":[{"count":4,"href":"https:\/\/academiespatiale.fr\/index.php\/wp-json\/wp\/v2\/posts\/6842\/revisions"}],"predecessor-version":[{"id":7290,"href":"https:\/\/academiespatiale.fr\/index.php\/wp-json\/wp\/v2\/posts\/6842\/revisions\/7290"}],"wp:featuredmedia":[{"embeddable":true,"href":"https:\/\/academiespatiale.fr\/index.php\/wp-json\/wp\/v2\/media\/6849"}],"wp:attachment":[{"href":"https:\/\/academiespatiale.fr\/index.php\/wp-json\/wp\/v2\/media?parent=6842"}],"wp:term":[{"taxonomy":"category","embeddable":true,"href":"https:\/\/academiespatiale.fr\/index.php\/wp-json\/wp\/v2\/categories?post=6842"},{"taxonomy":"post_tag","embeddable":true,"href":"https:\/\/academiespatiale.fr\/index.php\/wp-json\/wp\/v2\/tags?post=6842"}],"curies":[{"name":"wp","href":"https:\/\/api.w.org\/{rel}","templated":true}]}}