{"id":6570,"date":"2025-12-02T11:43:31","date_gmt":"2025-12-02T10:43:31","guid":{"rendered":"https:\/\/academiespatiale.fr\/?p=6570"},"modified":"2026-07-17T15:54:20","modified_gmt":"2026-07-17T13:54:20","slug":"deux-journees-dexception-au-dlr-berlin-lectures-2","status":"publish","type":"post","link":"https:\/\/academiespatiale.fr\/index.php\/2025\/12\/02\/deux-journees-dexception-au-dlr-berlin-lectures-2\/","title":{"rendered":"Deux journ\u00e9es d\u2019exception au DLR &#8211; Berlin Lectures #2"},"content":{"rendered":"\n<div class=\"wp-block-columns has-text-color has-link-color wp-elements-1 is-layout-flex wp-container-core-columns-is-layout-e09de6c1 wp-block-columns-is-layout-flex\" style=\"color:#b1b1b1;margin-top:-25px;margin-bottom:20px;padding-top:0;padding-right:0;padding-bottom:0;padding-left:0;font-size:15px\">\n<div class=\"wp-block-column has-text-color has-link-color wp-elements-2 is-layout-flow wp-block-column-is-layout-flow\" style=\"color:#a1a1a1;padding-top:0;padding-bottom:0;font-size:15px;font-style:normal;font-weight:100;flex-basis:100%\"><div class=\"wp-block-aioseo-breadcrumbs\"><div class=\"aioseo-breadcrumbs\"><span class=\"aioseo-breadcrumb\">\n\t\t\t<a href=\"https:\/\/academiespatiale.fr\" title=\"Home\">Home<\/a>\n\t\t<\/span><span class=\"aioseo-breadcrumb-separator\">&raquo;<\/span><span class=\"aioseo-breadcrumb\">\n\t\t\t<a href=\"https:\/\/academiespatiale.fr\/index.php\/category\/formation\/\" title=\"Formation\">Formation<\/a>\n\t\t<\/span><span class=\"aioseo-breadcrumb-separator\">&raquo;<\/span><span class=\"aioseo-breadcrumb\">\n\t\t\t<a href=\"https:\/\/academiespatiale.fr\/index.php\/category\/formation\/visite-de-site-stage-terrain\/\" title=\"Visite de site &amp; stage terrain\">Visite de site &amp; stage terrain<\/a>\n\t\t<\/span><span class=\"aioseo-breadcrumb-separator\">&raquo;<\/span><span class=\"aioseo-breadcrumb\">\n\t\t\tDeux journ\u00e9es d\u2019exception au DLR \u2013 Berlin Lectures #2\n\t\t<\/span><\/div><\/div><\/div>\n<\/div>\n\n\n\n<p class=\"wp-block-paragraph\"><strong>11 et 12 d\u00e9cembre 2025 &#8211; Dans le cadre de l\u2019Acad\u00e9mie Spatiale d\u2019\u00eele-de-France, une vingtaine d&rsquo;\u00e9tudiant\u00b7es en masters et doctorats de Plan\u00e9tologie et Cosmologie de l&rsquo;Universit\u00e9 Paris Cit\u00e9, ont particip\u00e9 cette ann\u00e9e encore aux \u00ab\u00a0Berlin Lectures\u00a0\u00bb.<\/strong><\/p>\n\n\n\n<p class=\"wp-block-paragraph\">Cet \u00e9v\u00e9nement est organis\u00e9 par les Universit\u00e9s de Potsdam, Humboldt et Paris-Cit\u00e9 au sein du DLR, l&rsquo;agence spatiale allemande.<\/p>\n\n\n\n<p class=\"wp-block-paragraph\" style=\"font-size:15px\"><em>December 11 and 12, 2025 \u2014 As part of the Acad\u00e9mie Spatiale d&rsquo;\u00cele-de-France, about twenty master\u2019s and doctoral students in Planetology and Cosmology from Universit\u00e9 Paris Cit\u00e9 participated once again this year in the \u201cBerlin Lectures\u201d<\/em>.<em> This event is organized by the Universities of Potsdam, Humboldt, and Paris-Cit\u00e9 within the DLR, the German space agency.<\/em><\/p>\n\n\n\n<figure class=\"wp-block-image size-large\"><img loading=\"lazy\" decoding=\"async\" width=\"1024\" height=\"768\" src=\"https:\/\/academiespatiale.fr\/wp-content\/uploads\/2025\/12\/WhatsApp-Image-2026-04-03-at-12.48.14-PM-1024x768.jpeg\" alt=\"\" class=\"wp-image-10245\" style=\"aspect-ratio:16\/9;object-fit:cover;object-position:53% 100%\" srcset=\"https:\/\/academiespatiale.fr\/wp-content\/uploads\/2025\/12\/WhatsApp-Image-2026-04-03-at-12.48.14-PM-1024x768.jpeg 1024w, https:\/\/academiespatiale.fr\/wp-content\/uploads\/2025\/12\/WhatsApp-Image-2026-04-03-at-12.48.14-PM-300x225.jpeg 300w, https:\/\/academiespatiale.fr\/wp-content\/uploads\/2025\/12\/WhatsApp-Image-2026-04-03-at-12.48.14-PM-768x576.jpeg 768w, https:\/\/academiespatiale.fr\/wp-content\/uploads\/2025\/12\/WhatsApp-Image-2026-04-03-at-12.48.14-PM-1536x1152.jpeg 1536w, https:\/\/academiespatiale.fr\/wp-content\/uploads\/2025\/12\/WhatsApp-Image-2026-04-03-at-12.48.14-PM.jpeg 2040w\" sizes=\"auto, (max-width: 1024px) 100vw, 1024px\" \/><\/figure>\n\n\n\n<div style=\"height:20px\" aria-hidden=\"true\" class=\"wp-block-spacer\"><\/div>\n\n\n\n<p class=\"wp-block-paragraph\">Cette ann\u00e9e, l&rsquo;\u00e9v\u00e8nement s&rsquo;est tenu sur deux jours et a \u00e9t\u00e9 l&rsquo;occasion d&rsquo;approfondir les connaissances scientifiques des participant\u00b7es tout en d\u00e9couvrant les derni\u00e8res avanc\u00e9es en sciences plan\u00e9taires. Au programme, des conf\u00e9rences pr\u00e9sent\u00e9es par des expertes et des experts europ\u00e9ens : \u00e9volution thermique des plan\u00e8tes terrestres, tectonique de surface, g\u00e9n\u00e9ration des champs magn\u00e9tiques plan\u00e9taire, etc.<\/p>\n\n\n\n<p class=\"wp-block-paragraph\" style=\"font-size:15px\"><em>This year, the event took place over two days and provided an opportunity for participants to deepen their scientific knowledge while learning about the latest advances in planetary science. The program featured lectures presented by European experts on topics such as the thermal evolution of terrestrial planets, surface tectonics, and the generation of planetary magnetic fields.<\/em><\/p>\n\n\n\n<hr class=\"wp-block-separator has-alpha-channel-opacity\"\/>\n\n\n\n<div class=\"wp-block-columns is-layout-flex wp-container-core-columns-is-layout-7387b849 wp-block-columns-is-layout-flex\">\n<div class=\"wp-block-column is-layout-flow wp-block-column-is-layout-flow\">\n<figure class=\"wp-block-image size-large\"><img loading=\"lazy\" decoding=\"async\" width=\"1024\" height=\"768\" src=\"https:\/\/academiespatiale.fr\/wp-content\/uploads\/2025\/12\/WhatsApp-Image-2026-04-03-at-12.48.08-PM-1024x768.jpeg\" alt=\"\" class=\"wp-image-10246\" srcset=\"https:\/\/academiespatiale.fr\/wp-content\/uploads\/2025\/12\/WhatsApp-Image-2026-04-03-at-12.48.08-PM-1024x768.jpeg 1024w, https:\/\/academiespatiale.fr\/wp-content\/uploads\/2025\/12\/WhatsApp-Image-2026-04-03-at-12.48.08-PM-300x225.jpeg 300w, https:\/\/academiespatiale.fr\/wp-content\/uploads\/2025\/12\/WhatsApp-Image-2026-04-03-at-12.48.08-PM-768x576.jpeg 768w, https:\/\/academiespatiale.fr\/wp-content\/uploads\/2025\/12\/WhatsApp-Image-2026-04-03-at-12.48.08-PM-1536x1152.jpeg 1536w, https:\/\/academiespatiale.fr\/wp-content\/uploads\/2025\/12\/WhatsApp-Image-2026-04-03-at-12.48.08-PM.jpeg 2040w\" sizes=\"auto, (max-width: 1024px) 100vw, 1024px\" \/><\/figure>\n\n\n\n<figure class=\"wp-block-image size-large\"><img loading=\"lazy\" decoding=\"async\" width=\"576\" height=\"1024\" src=\"https:\/\/academiespatiale.fr\/wp-content\/uploads\/2025\/12\/WhatsApp-Image-2026-04-03-at-12.48.04-PM-576x1024.jpeg\" alt=\"\" class=\"wp-image-10247\" style=\"aspect-ratio:4\/3;object-fit:cover;object-position:46% 60%\" srcset=\"https:\/\/academiespatiale.fr\/wp-content\/uploads\/2025\/12\/WhatsApp-Image-2026-04-03-at-12.48.04-PM-576x1024.jpeg 576w, https:\/\/academiespatiale.fr\/wp-content\/uploads\/2025\/12\/WhatsApp-Image-2026-04-03-at-12.48.04-PM-169x300.jpeg 169w, https:\/\/academiespatiale.fr\/wp-content\/uploads\/2025\/12\/WhatsApp-Image-2026-04-03-at-12.48.04-PM-768x1365.jpeg 768w, https:\/\/academiespatiale.fr\/wp-content\/uploads\/2025\/12\/WhatsApp-Image-2026-04-03-at-12.48.04-PM-864x1536.jpeg 864w, https:\/\/academiespatiale.fr\/wp-content\/uploads\/2025\/12\/WhatsApp-Image-2026-04-03-at-12.48.04-PM.jpeg 1152w\" sizes=\"auto, (max-width: 576px) 100vw, 576px\" \/><\/figure>\n<\/div>\n\n\n\n<div class=\"wp-block-column is-layout-flow wp-block-column-is-layout-flow\">\n<figure class=\"wp-block-image size-large\"><img loading=\"lazy\" decoding=\"async\" width=\"768\" height=\"1024\" src=\"https:\/\/academiespatiale.fr\/wp-content\/uploads\/2025\/12\/WhatsApp-Image-2026-04-03-at-12.48.15-PM-768x1024.jpeg\" alt=\"\" class=\"wp-image-10248\" srcset=\"https:\/\/academiespatiale.fr\/wp-content\/uploads\/2025\/12\/WhatsApp-Image-2026-04-03-at-12.48.15-PM-768x1024.jpeg 768w, https:\/\/academiespatiale.fr\/wp-content\/uploads\/2025\/12\/WhatsApp-Image-2026-04-03-at-12.48.15-PM-225x300.jpeg 225w, https:\/\/academiespatiale.fr\/wp-content\/uploads\/2025\/12\/WhatsApp-Image-2026-04-03-at-12.48.15-PM-1152x1536.jpeg 1152w, https:\/\/academiespatiale.fr\/wp-content\/uploads\/2025\/12\/WhatsApp-Image-2026-04-03-at-12.48.15-PM.jpeg 1530w\" sizes=\"auto, (max-width: 768px) 100vw, 768px\" \/><\/figure>\n<\/div>\n<\/div>\n\n\n\n<p class=\"has-background-color-background-color has-background wp-block-paragraph\">RETROSPECTIVE<br>\u2192 \u00c9dition 2024 des <em>Berlin Lectures #1<\/em> \u2192 <a href=\"https:\/\/academiespatiale.fr\/index.php\/2025\/01\/24\/berlin-lectures-une-journee-dexception-au-dlr\/\">Berlin Lectures : une journ\u00e9e d\u2019exception au DLR<\/a><\/p>\n\n\n\n<hr class=\"wp-block-separator has-alpha-channel-opacity\"\/>\n\n\n\n<h5 class=\"wp-block-heading\">Programme d\u00e9taill\u00e9 <em>\/ detailed program<\/em><\/h5>\n\n\n\n<ul class=\"wp-block-list\">\n<li>Jeudi 11 d\u00e9cembre 2025 <em>\/ On Thursday, December 11, 2025<\/em><\/li>\n<\/ul>\n\n\n\n<p class=\"wp-block-paragraph\">10:30-10:35 \u2192 Welcome and Introduction<br>10:35-12:00 \u2192 Interior structure and thermal evolution of terrestrial planets part.I &#8211; Doris Breuer<br> <em>12:00-13:00 \u2192 Lunch<br><\/em>13:00-14:00 \u2192 Interior structure and thermal evolution of terrestrial planets part.II &#8211; Doris Breuer<br>14:00-14:45 \u2192 Through the clouds of Venus: unveiling the Mysteries of Earth&rsquo;s Evil Twin with the next decade of missions &#8211; Giulia Alemanno<br> <em>14:45-15:00 \u2192 Break<br><\/em>15:00-16:15 \u2192 Lab Visit (Infrared-Lab and Lips Raman Lab)<br>16:15-17:00 \u2192 Martian Highlands Differentiation Concomitant to Dichotomy Formation &#8211; Valentin Bonnet<\/p>\n\n\n\n<ul class=\"wp-block-list\">\n<li>Vendredi 12 d\u00e9cembre 2025 <em>\/ On Friday, December 12, 2025<\/em><\/li>\n<\/ul>\n\n\n\n<p class=\"wp-block-paragraph\">09:00-10:00 \u2192 Surface tectonics as a tool to probe the geodynamic history of a planet &#8211; Adrien Broquet<br><em>10:00\u201310:15 \u2192 Break<\/em><br>10:15\u201311:00 \u2192 Role of Magmatic Styles in Planetary Thermal History &#8211; Carianna Herrera<br>11:00\u201312:00 \u2192 The habitability of rocky worlds: lessons from early Earth and the promise of directly imaged exo-Earths &#8211; Arnaud Salvador<br><em>12:00\u201313:00 \u2192 Lunch<\/em><br>13:00\u201313:30 \u2192 Lunar petrology &#8211; Sabrina Schwinger<br>13:30\u201314:15 \u2192 Thermal evolution of the Moon &#8211; Saba Santangelo<br>14:15\u201314:45 \u2192 Formation of the lunar crust from a crystallized magma ocean &#8211; Irene Bernt, Doris Breuer<br><em>14:45\u201315:00 \u2192 Break<\/em><br>15:00\u201316:30 \u2192 Paper presentations (French students)<br>16:30\u201317:15 \u2192 Magnetic field generation in terrestrial planets &#8211; Doris Breuer<\/p>\n\n\n\n<hr class=\"wp-block-separator has-alpha-channel-opacity\"\/>\n\n\n\n<h5 class=\"wp-block-heading\">Paper presentations:<\/h5>\n\n\n\n<p class=\"wp-block-paragraph\">Broquet, Adrien und Rolser, Felix und Plesa, Ana-Catalina und Breuer, Doris und Hussmann, Hauke (2024) <em>Mercury&rsquo;s Crustal Porosity as Constrained by the Planet&rsquo;s Bombardment History<\/em>. Geophysical Research Letters, 51 (21). Wiley. <a href=\"http:\/\/dx.doi.org\/10.1029\/2024GL110583\" target=\"_blank\" rel=\"noopener\" title=\"\">doi: 10.1029\/2024GL110583<\/a>. ISSN 0094-8276.<\/p>\n\n\n\n<p class=\"wp-block-paragraph\">Fleury, Aymeric und Plesa, Ana-Catalina und Tosi, Nicola und Walterova, Michaela und Breuer, Doris (2024) <em>Variations of Heat Flux and Elastic Thickness of Mercury From 3-D Thermal Evolution Modeling<\/em>. Geophysical Research Letters, 51 (21). Wiley. <a href=\"http:\/\/dx.doi.org\/10.1029\/2024GL110622\" target=\"_blank\" rel=\"noopener\" title=\"\">doi: 10.1029\/2024GL110622<\/a>. ISSN 0094-8276.<\/p>\n\n\n\n<p class=\"wp-block-paragraph\">Manske, Lukas und Ruedas Gomez, Thomas und Plesa, Ana-Catalina und Baumeister, Philipp und Tosi, Nicola und Artemieva, Natalia A. und W\u00fcnnemann, Kai (2025) <em>The Influence of Interior Structure and Thermal State on Impact Melt Generation Upon Large Impacts Onto Terrestrial Planets<\/em>. Journal of Geophysical Research: Planets, 130 (7). Wiley. <a href=\"http:\/\/dx.doi.org\/10.1029\/2024JE008481\" target=\"_blank\" rel=\"noopener\" title=\"\">doi: 10.1029\/2024JE008481<\/a>. ISSN 2169-9097.<\/p>\n\n\n\n<p class=\"wp-block-paragraph\">Maurice, Maxime und Tosi, Nicola und H\u00fcttig, Christian (2024) <em>Small-scale overturn of high-Ti cumulates promoted by the long lifetime of the lunar magma ocean<\/em>. Journal of Geophysical Research: Planets, 129 (2), e2023JE008060. Wiley. <a href=\"http:\/\/dx.doi.org\/10.1029\/2023JE008060\" target=\"_blank\" rel=\"noopener\" title=\"\">doi: 10.1029\/2023JE008060<\/a>. ISSN 2169-9097.<\/p>\n\n\n\n<p class=\"wp-block-paragraph\">Spohn, T., M\u00fcller, N., Knollenberg, J., Grott, M., Golombek, M. P., Plesa, A.-C., et al. (2024).<em> Mars soil temperature and thermal properties from InSight HP3 data<\/em>. Geophysical Research Letters, 51, e2024GL108600. <a href=\"https:\/\/doi.org\/10.1029\/2024GL108600\" target=\"_blank\" rel=\"noopener\" title=\"\">doi: 10.1029\/2024GL10860<\/a><\/p>\n\n\n\n<div style=\"height:20px\" aria-hidden=\"true\" class=\"wp-block-spacer\"><\/div>\n\n\n<div class=\"wp-block-image\">\n<figure class=\"aligncenter size-medium\"><img loading=\"lazy\" decoding=\"async\" width=\"300\" height=\"167\" src=\"https:\/\/academiespatiale.fr\/wp-content\/uploads\/2025\/01\/DLR-300x167.png\" alt=\"\" class=\"wp-image-3093\" srcset=\"https:\/\/academiespatiale.fr\/wp-content\/uploads\/2025\/01\/DLR-300x167.png 300w, https:\/\/academiespatiale.fr\/wp-content\/uploads\/2025\/01\/DLR-768x427.png 768w, https:\/\/academiespatiale.fr\/wp-content\/uploads\/2025\/01\/DLR.png 900w\" sizes=\"auto, (max-width: 300px) 100vw, 300px\" \/><\/figure>\n<\/div>\n\n\n<div class=\"wp-block-columns are-vertically-aligned-center is-layout-flex wp-container-core-columns-is-layout-7387b849 wp-block-columns-is-layout-flex\">\n<div class=\"wp-block-column is-vertically-aligned-center is-layout-flow wp-block-column-is-layout-flow\"><div class=\"wp-block-image\">\n<figure class=\"aligncenter size-large is-resized\"><img loading=\"lazy\" decoding=\"async\" width=\"1024\" height=\"538\" src=\"https:\/\/academiespatiale.fr\/wp-content\/uploads\/2025\/12\/Universite_Humboldt-1024x538.png\" alt=\"\" class=\"wp-image-6573\" style=\"width:auto;height:100px\" srcset=\"https:\/\/academiespatiale.fr\/wp-content\/uploads\/2025\/12\/Universite_Humboldt-1024x538.png 1024w, https:\/\/academiespatiale.fr\/wp-content\/uploads\/2025\/12\/Universite_Humboldt-300x158.png 300w, https:\/\/academiespatiale.fr\/wp-content\/uploads\/2025\/12\/Universite_Humboldt-768x403.png 768w, https:\/\/academiespatiale.fr\/wp-content\/uploads\/2025\/12\/Universite_Humboldt.png 1200w\" sizes=\"auto, (max-width: 1024px) 100vw, 1024px\" \/><\/figure>\n<\/div><\/div>\n\n\n\n<div class=\"wp-block-column is-vertically-aligned-center is-layout-flow wp-block-column-is-layout-flow\"><div class=\"wp-block-image\">\n<figure class=\"aligncenter size-full is-resized\"><img loading=\"lazy\" decoding=\"async\" width=\"599\" height=\"172\" src=\"https:\/\/academiespatiale.fr\/wp-content\/uploads\/2025\/12\/University-Potsdam-Germany2.png\" alt=\"\" class=\"wp-image-6572\" style=\"width:auto;height:60px\" srcset=\"https:\/\/academiespatiale.fr\/wp-content\/uploads\/2025\/12\/University-Potsdam-Germany2.png 599w, https:\/\/academiespatiale.fr\/wp-content\/uploads\/2025\/12\/University-Potsdam-Germany2-300x86.png 300w\" sizes=\"auto, (max-width: 599px) 100vw, 599px\" \/><\/figure>\n<\/div><\/div>\n\n\n\n<div class=\"wp-block-column is-vertically-aligned-center is-layout-flow wp-block-column-is-layout-flow\"><div class=\"wp-block-image\">\n<figure class=\"aligncenter size-large is-resized\"><img loading=\"lazy\" decoding=\"async\" width=\"1024\" height=\"390\" src=\"https:\/\/academiespatiale.fr\/wp-content\/uploads\/2024\/04\/UniversiteParisCite_RVB-1024x390.jpg\" alt=\"\" class=\"wp-image-226\" style=\"width:auto;height:80px\" srcset=\"https:\/\/academiespatiale.fr\/wp-content\/uploads\/2024\/04\/UniversiteParisCite_RVB-1024x390.jpg 1024w, https:\/\/academiespatiale.fr\/wp-content\/uploads\/2024\/04\/UniversiteParisCite_RVB-300x114.jpg 300w, https:\/\/academiespatiale.fr\/wp-content\/uploads\/2024\/04\/UniversiteParisCite_RVB-768x293.jpg 768w, https:\/\/academiespatiale.fr\/wp-content\/uploads\/2024\/04\/UniversiteParisCite_RVB-1536x586.jpg 1536w, https:\/\/academiespatiale.fr\/wp-content\/uploads\/2024\/04\/UniversiteParisCite_RVB.jpg 1836w\" sizes=\"auto, (max-width: 1024px) 100vw, 1024px\" \/><\/figure>\n<\/div><\/div>\n<\/div>\n","protected":false},"excerpt":{"rendered":"<p>11 et 12 d\u00e9cembre 2025 &#8211; Dans le cadre de l\u2019Acad\u00e9mie Spatiale d\u2019\u00eele-de-France, une vingtaine d&rsquo;\u00e9tudiant\u00b7es en masters et doctorats de Plan\u00e9tologie et Cosmologie de l&rsquo;Universit\u00e9 Paris Cit\u00e9, ont particip\u00e9 cette ann\u00e9e encore aux \u00ab\u00a0Berlin Lectures\u00a0\u00bb. Cet \u00e9v\u00e9nement est organis\u00e9 par les Universit\u00e9s de Potsdam, Humboldt et Paris-Cit\u00e9 au sein [&hellip;]<\/p>\n","protected":false},"author":1,"featured_media":10249,"comment_status":"closed","ping_status":"open","sticky":false,"template":"","format":"standard","meta":{"_monsterinsights_skip_tracking":false,"_EventAllDay":false,"_EventTimezone":"","_EventStartDate":"","_EventEndDate":"","_EventStartDateUTC":"","_EventEndDateUTC":"","_EventShowMap":false,"_EventShowMapLink":false,"_EventURL":"","_EventCost":"","_EventCostDescription":"","_EventCurrencySymbol":"","_EventCurrencyCode":"","_EventCurrencyPosition":"","_EventDateTimeSeparator":"","_EventTimeRangeSeparator":"","_EventOrganizerID":[],"_EventVenueID":[],"_OrganizerEmail":"","_OrganizerPhone":"","_OrganizerWebsite":"","_VenueAddress":"","_VenueCity":"","_VenueCountry":"","_VenueProvince":"","_VenueState":"","_VenueZip":"","_VenuePhone":"","_VenueURL":"","_VenueStateProvince":"","_VenueLat":"","_VenueLng":"","_VenueShowMap":false,"_VenueShowMapLink":false,"footnotes":""},"categories":[14,5,36,32],"tags":[],"class_list":["post-6570","post","type-post","status-publish","format-standard","has-post-thumbnail","hentry","category-evenements","category-formation","category-international","category-visite-de-site-stage-terrain"],"aioseo_notices":[],"aioseo_head":"\n\t\t<!-- All in One SEO 5.0.1.1 - aioseo.com -->\n\t<meta name=\"description\" content=\"11 et 12 d\u00e9cembre 2025 - Dans le cadre de l\u2019Acad\u00e9mie Spatiale d\u2019\u00eele-de-France, une vingtaine d&#039;\u00e9tudiant\u00b7es en masters et doctorats de Plan\u00e9tologie et Cosmologie de l&#039;Universit\u00e9 Paris Cit\u00e9, ont particip\u00e9 cette ann\u00e9e encore aux \u00ab Berlin Lectures \u00bb. Cet \u00e9v\u00e9nement est organis\u00e9 par les Universit\u00e9s de Potsdam, Humboldt et Paris-Cit\u00e9 au sein du DLR, l&#039;agence spatiale allemande.\" \/>\n\t<meta name=\"robots\" content=\"max-image-preview:large\" \/>\n\t<meta name=\"author\" content=\"Acad\u00e9mie Spatiale\"\/>\n\t<link rel=\"canonical\" href=\"https:\/\/academiespatiale.fr\/index.php\/2025\/12\/02\/deux-journees-dexception-au-dlr-berlin-lectures-2\/\" \/>\n\t<meta name=\"generator\" content=\"All in One SEO (AIOSEO) 5.0.1.1\" \/>\n\t\t<meta property=\"og:locale\" content=\"fr_FR\" \/>\n\t\t<meta property=\"og:site_name\" content=\"Acad\u00e9mie Spatiale d&#039;\u00cele-de-France - Ensemble pour un nouvel espace durable pour tous et toutes\" \/>\n\t\t<meta property=\"og:type\" content=\"article\" \/>\n\t\t<meta property=\"og:title\" content=\"Deux journ\u00e9es d\u2019exception au DLR \u2013 Berlin Lectures #2 - Acad\u00e9mie Spatiale d&#039;\u00cele-de-France\" \/>\n\t\t<meta property=\"og:description\" content=\"11 et 12 d\u00e9cembre 2025 - Dans le cadre de l\u2019Acad\u00e9mie Spatiale d\u2019\u00eele-de-France, une vingtaine d&#039;\u00e9tudiant\u00b7es en masters et doctorats de Plan\u00e9tologie et Cosmologie de l&#039;Universit\u00e9 Paris Cit\u00e9, ont particip\u00e9 cette ann\u00e9e encore aux \u00ab Berlin Lectures \u00bb. Cet \u00e9v\u00e9nement est organis\u00e9 par les Universit\u00e9s de Potsdam, Humboldt et Paris-Cit\u00e9 au sein du DLR, l&#039;agence spatiale allemande.\" \/>\n\t\t<meta property=\"og:url\" content=\"https:\/\/academiespatiale.fr\/index.php\/2025\/12\/02\/deux-journees-dexception-au-dlr-berlin-lectures-2\/\" \/>\n\t\t<meta property=\"og:image\" content=\"https:\/\/academiespatiale.fr\/wp-content\/uploads\/2025\/12\/Berlin-lectures_2_2025.png\" \/>\n\t\t<meta property=\"og:image:secure_url\" content=\"https:\/\/academiespatiale.fr\/wp-content\/uploads\/2025\/12\/Berlin-lectures_2_2025.png\" \/>\n\t\t<meta property=\"og:image:width\" content=\"750\" \/>\n\t\t<meta property=\"og:image:height\" content=\"500\" \/>\n\t\t<meta property=\"article:published_time\" content=\"2025-12-02T10:43:31+00:00\" \/>\n\t\t<meta property=\"article:modified_time\" content=\"2026-07-17T13:54:20+00:00\" \/>\n\t\t<meta property=\"article:publisher\" content=\"https:\/\/www.facebook.com\/people\/Acadmie-Spatiale-dle-de-France\/61560696669781\/\" \/>\n\t\t<meta name=\"twitter:card\" content=\"summary_large_image\" \/>\n\t\t<meta name=\"twitter:site\" content=\"@Ac_Spatiale\" \/>\n\t\t<meta name=\"twitter:title\" content=\"Deux journ\u00e9es d\u2019exception au DLR \u2013 Berlin Lectures #2 - Acad\u00e9mie Spatiale d&#039;\u00cele-de-France\" \/>\n\t\t<meta name=\"twitter:description\" content=\"11 et 12 d\u00e9cembre 2025 - Dans le cadre de l\u2019Acad\u00e9mie Spatiale d\u2019\u00eele-de-France, une vingtaine d&#039;\u00e9tudiant\u00b7es en masters et doctorats de Plan\u00e9tologie et Cosmologie de l&#039;Universit\u00e9 Paris Cit\u00e9, ont particip\u00e9 cette ann\u00e9e encore aux \u00ab Berlin Lectures \u00bb. Cet \u00e9v\u00e9nement est organis\u00e9 par les Universit\u00e9s de Potsdam, Humboldt et Paris-Cit\u00e9 au sein du DLR, l&#039;agence spatiale allemande.\" \/>\n\t\t<meta name=\"twitter:creator\" content=\"@Ac_Spatiale\" \/>\n\t\t<meta name=\"twitter:image\" content=\"https:\/\/academiespatiale.fr\/wp-content\/uploads\/2025\/12\/Berlin-lectures_2_2025.png\" \/>\n\t\t<script type=\"application\/ld+json\" class=\"aioseo-schema\">\n\t\t\t{\"@context\":\"https:\\\/\\\/schema.org\",\"@graph\":[{\"@type\":\"BlogPosting\",\"@id\":\"https:\\\/\\\/academiespatiale.fr\\\/index.php\\\/2025\\\/12\\\/02\\\/deux-journees-dexception-au-dlr-berlin-lectures-2\\\/#blogposting\",\"name\":\"Deux journ\\u00e9es d\\u2019exception au DLR \\u2013 Berlin Lectures #2 - Acad\\u00e9mie Spatiale d'\\u00cele-de-France\",\"headline\":\"Deux journ\\u00e9es d\\u2019exception au DLR &#8211; Berlin Lectures #2\",\"author\":{\"@id\":\"https:\\\/\\\/academiespatiale.fr\\\/index.php\\\/author\\\/academiespatiale-fr\\\/#author\"},\"publisher\":{\"@id\":\"https:\\\/\\\/academiespatiale.fr\\\/#organization\"},\"image\":{\"@type\":\"ImageObject\",\"url\":\"https:\\\/\\\/academiespatiale.fr\\\/wp-content\\\/uploads\\\/2025\\\/12\\\/Berlin-lectures_2_2025.png\",\"width\":750,\"height\":500},\"datePublished\":\"2025-12-02T11:43:31+01:00\",\"dateModified\":\"2026-07-17T15:54:20+02:00\",\"inLanguage\":\"fr-FR\",\"mainEntityOfPage\":{\"@id\":\"https:\\\/\\\/academiespatiale.fr\\\/index.php\\\/2025\\\/12\\\/02\\\/deux-journees-dexception-au-dlr-berlin-lectures-2\\\/#webpage\"},\"isPartOf\":{\"@id\":\"https:\\\/\\\/academiespatiale.fr\\\/index.php\\\/2025\\\/12\\\/02\\\/deux-journees-dexception-au-dlr-berlin-lectures-2\\\/#webpage\"},\"articleSection\":\"\\u00c9v\\u00e8nements, Formation, International, Visite de site &amp; stage terrain\"},{\"@type\":\"BreadcrumbList\",\"@id\":\"https:\\\/\\\/academiespatiale.fr\\\/index.php\\\/2025\\\/12\\\/02\\\/deux-journees-dexception-au-dlr-berlin-lectures-2\\\/#breadcrumblist\",\"itemListElement\":[{\"@type\":\"ListItem\",\"@id\":\"https:\\\/\\\/academiespatiale.fr#listItem\",\"position\":1,\"name\":\"Home\",\"item\":\"https:\\\/\\\/academiespatiale.fr\",\"nextItem\":{\"@type\":\"ListItem\",\"@id\":\"https:\\\/\\\/academiespatiale.fr\\\/index.php\\\/category\\\/formation\\\/#listItem\",\"name\":\"Formation\"}},{\"@type\":\"ListItem\",\"@id\":\"https:\\\/\\\/academiespatiale.fr\\\/index.php\\\/category\\\/formation\\\/#listItem\",\"position\":2,\"name\":\"Formation\",\"item\":\"https:\\\/\\\/academiespatiale.fr\\\/index.php\\\/category\\\/formation\\\/\",\"nextItem\":{\"@type\":\"ListItem\",\"@id\":\"https:\\\/\\\/academiespatiale.fr\\\/index.php\\\/category\\\/formation\\\/visite-de-site-stage-terrain\\\/#listItem\",\"name\":\"Visite de site &amp; stage terrain\"},\"previousItem\":{\"@type\":\"ListItem\",\"@id\":\"https:\\\/\\\/academiespatiale.fr#listItem\",\"name\":\"Home\"}},{\"@type\":\"ListItem\",\"@id\":\"https:\\\/\\\/academiespatiale.fr\\\/index.php\\\/category\\\/formation\\\/visite-de-site-stage-terrain\\\/#listItem\",\"position\":3,\"name\":\"Visite de site &amp; stage terrain\",\"item\":\"https:\\\/\\\/academiespatiale.fr\\\/index.php\\\/category\\\/formation\\\/visite-de-site-stage-terrain\\\/\",\"nextItem\":{\"@type\":\"ListItem\",\"@id\":\"https:\\\/\\\/academiespatiale.fr\\\/index.php\\\/2025\\\/12\\\/02\\\/deux-journees-dexception-au-dlr-berlin-lectures-2\\\/#listItem\",\"name\":\"Deux journ\\u00e9es d\\u2019exception au DLR &#8211; Berlin Lectures #2\"},\"previousItem\":{\"@type\":\"ListItem\",\"@id\":\"https:\\\/\\\/academiespatiale.fr\\\/index.php\\\/category\\\/formation\\\/#listItem\",\"name\":\"Formation\"}},{\"@type\":\"ListItem\",\"@id\":\"https:\\\/\\\/academiespatiale.fr\\\/index.php\\\/2025\\\/12\\\/02\\\/deux-journees-dexception-au-dlr-berlin-lectures-2\\\/#listItem\",\"position\":4,\"name\":\"Deux journ\\u00e9es d\\u2019exception au DLR &#8211; Berlin Lectures #2\",\"previousItem\":{\"@type\":\"ListItem\",\"@id\":\"https:\\\/\\\/academiespatiale.fr\\\/index.php\\\/category\\\/formation\\\/visite-de-site-stage-terrain\\\/#listItem\",\"name\":\"Visite de site &amp; stage terrain\"}}]},{\"@type\":\"Organization\",\"@id\":\"https:\\\/\\\/academiespatiale.fr\\\/#organization\",\"name\":\"academiespatiale.fr\",\"description\":\"Ensemble pour un nouvel espace durable pour tous et toutes\",\"url\":\"https:\\\/\\\/academiespatiale.fr\\\/\",\"logo\":{\"@type\":\"ImageObject\",\"url\":\"https:\\\/\\\/academiespatiale.fr\\\/wp-content\\\/uploads\\\/2026\\\/03\\\/ASIDF-Fr2030_logo_compact_RVB.png\",\"@id\":\"https:\\\/\\\/academiespatiale.fr\\\/index.php\\\/2025\\\/12\\\/02\\\/deux-journees-dexception-au-dlr-berlin-lectures-2\\\/#organizationLogo\",\"width\":1716,\"height\":473},\"image\":{\"@id\":\"https:\\\/\\\/academiespatiale.fr\\\/index.php\\\/2025\\\/12\\\/02\\\/deux-journees-dexception-au-dlr-berlin-lectures-2\\\/#organizationLogo\"},\"sameAs\":[\"https:\\\/\\\/www.facebook.com\\\/people\\\/Acadmie-Spatiale-dle-de-France\\\/61560696669781\\\/\",\"https:\\\/\\\/x.com\\\/Ac_Spatiale\",\"https:\\\/\\\/www.instagram.com\\\/academie_spatiale\\\/\",\"https:\\\/\\\/www.linkedin.com\\\/company\\\/academie-spatiale-ile-de-france\\\/\"]},{\"@type\":\"Person\",\"@id\":\"https:\\\/\\\/academiespatiale.fr\\\/index.php\\\/author\\\/academiespatiale-fr\\\/#author\",\"url\":\"https:\\\/\\\/academiespatiale.fr\\\/index.php\\\/author\\\/academiespatiale-fr\\\/\",\"name\":\"Acad\\u00e9mie Spatiale\",\"image\":{\"@type\":\"ImageObject\",\"@id\":\"https:\\\/\\\/academiespatiale.fr\\\/index.php\\\/2025\\\/12\\\/02\\\/deux-journees-dexception-au-dlr-berlin-lectures-2\\\/#authorImage\",\"url\":\"https:\\\/\\\/secure.gravatar.com\\\/avatar\\\/b8c278e938957e0409fe4c924c42e4584982f9e44f5269988c79fe11689bce58?s=96&d=mm&r=g\",\"width\":96,\"height\":96,\"caption\":\"Acad\\u00e9mie Spatiale\"}},{\"@type\":\"WebPage\",\"@id\":\"https:\\\/\\\/academiespatiale.fr\\\/index.php\\\/2025\\\/12\\\/02\\\/deux-journees-dexception-au-dlr-berlin-lectures-2\\\/#webpage\",\"url\":\"https:\\\/\\\/academiespatiale.fr\\\/index.php\\\/2025\\\/12\\\/02\\\/deux-journees-dexception-au-dlr-berlin-lectures-2\\\/\",\"name\":\"Deux journ\\u00e9es d\\u2019exception au DLR \\u2013 Berlin Lectures #2 - Acad\\u00e9mie Spatiale d'\\u00cele-de-France\",\"description\":\"11 et 12 d\\u00e9cembre 2025 - Dans le cadre de l\\u2019Acad\\u00e9mie Spatiale d\\u2019\\u00eele-de-France, une vingtaine d'\\u00e9tudiant\\u00b7es en masters et doctorats de Plan\\u00e9tologie et Cosmologie de l'Universit\\u00e9 Paris Cit\\u00e9, ont particip\\u00e9 cette ann\\u00e9e encore aux \\u00ab Berlin Lectures \\u00bb. Cet \\u00e9v\\u00e9nement est organis\\u00e9 par les Universit\\u00e9s de Potsdam, Humboldt et Paris-Cit\\u00e9 au sein du DLR, l'agence spatiale allemande.\",\"inLanguage\":\"fr-FR\",\"isPartOf\":{\"@id\":\"https:\\\/\\\/academiespatiale.fr\\\/#website\"},\"breadcrumb\":{\"@id\":\"https:\\\/\\\/academiespatiale.fr\\\/index.php\\\/2025\\\/12\\\/02\\\/deux-journees-dexception-au-dlr-berlin-lectures-2\\\/#breadcrumblist\"},\"author\":{\"@id\":\"https:\\\/\\\/academiespatiale.fr\\\/index.php\\\/author\\\/academiespatiale-fr\\\/#author\"},\"creator\":{\"@id\":\"https:\\\/\\\/academiespatiale.fr\\\/index.php\\\/author\\\/academiespatiale-fr\\\/#author\"},\"image\":{\"@type\":\"ImageObject\",\"url\":\"https:\\\/\\\/academiespatiale.fr\\\/wp-content\\\/uploads\\\/2025\\\/12\\\/Berlin-lectures_2_2025.png\",\"@id\":\"https:\\\/\\\/academiespatiale.fr\\\/index.php\\\/2025\\\/12\\\/02\\\/deux-journees-dexception-au-dlr-berlin-lectures-2\\\/#mainImage\",\"width\":750,\"height\":500},\"primaryImageOfPage\":{\"@id\":\"https:\\\/\\\/academiespatiale.fr\\\/index.php\\\/2025\\\/12\\\/02\\\/deux-journees-dexception-au-dlr-berlin-lectures-2\\\/#mainImage\"},\"datePublished\":\"2025-12-02T11:43:31+01:00\",\"dateModified\":\"2026-07-17T15:54:20+02:00\"},{\"@type\":\"WebSite\",\"@id\":\"https:\\\/\\\/academiespatiale.fr\\\/#website\",\"url\":\"https:\\\/\\\/academiespatiale.fr\\\/\",\"name\":\"academiespatiale.fr\",\"description\":\"Ensemble pour un nouvel espace durable pour tous et toutes\",\"inLanguage\":\"fr-FR\",\"publisher\":{\"@id\":\"https:\\\/\\\/academiespatiale.fr\\\/#organization\"}}]}\n\t\t<\/script>\n\t\t<!-- All in One SEO -->\n\n","aioseo_head_json":{"title":"Deux journ\u00e9es d\u2019exception au DLR \u2013 Berlin Lectures #2 - Acad\u00e9mie Spatiale d'\u00cele-de-France","description":"11 et 12 d\u00e9cembre 2025 - Dans le cadre de l\u2019Acad\u00e9mie Spatiale d\u2019\u00eele-de-France, une vingtaine d'\u00e9tudiant\u00b7es en masters et doctorats de Plan\u00e9tologie et Cosmologie de l'Universit\u00e9 Paris Cit\u00e9, ont particip\u00e9 cette ann\u00e9e encore aux \u00ab Berlin Lectures \u00bb. Cet \u00e9v\u00e9nement est organis\u00e9 par les Universit\u00e9s de Potsdam, Humboldt et Paris-Cit\u00e9 au sein du DLR, l'agence spatiale allemande.","canonical_url":"https:\/\/academiespatiale.fr\/index.php\/2025\/12\/02\/deux-journees-dexception-au-dlr-berlin-lectures-2\/","robots":"max-image-preview:large","keywords":"","webmasterTools":{"miscellaneous":""},"schema":{"@context":"https:\/\/schema.org","@graph":[{"@type":"BlogPosting","@id":"https:\/\/academiespatiale.fr\/index.php\/2025\/12\/02\/deux-journees-dexception-au-dlr-berlin-lectures-2\/#blogposting","name":"Deux journ\u00e9es d\u2019exception au DLR \u2013 Berlin Lectures #2 - Acad\u00e9mie Spatiale d'\u00cele-de-France","headline":"Deux journ\u00e9es d\u2019exception au DLR &#8211; Berlin Lectures #2","author":{"@id":"https:\/\/academiespatiale.fr\/index.php\/author\/academiespatiale-fr\/#author"},"publisher":{"@id":"https:\/\/academiespatiale.fr\/#organization"},"image":{"@type":"ImageObject","url":"https:\/\/academiespatiale.fr\/wp-content\/uploads\/2025\/12\/Berlin-lectures_2_2025.png","width":750,"height":500},"datePublished":"2025-12-02T11:43:31+01:00","dateModified":"2026-07-17T15:54:20+02:00","inLanguage":"fr-FR","mainEntityOfPage":{"@id":"https:\/\/academiespatiale.fr\/index.php\/2025\/12\/02\/deux-journees-dexception-au-dlr-berlin-lectures-2\/#webpage"},"isPartOf":{"@id":"https:\/\/academiespatiale.fr\/index.php\/2025\/12\/02\/deux-journees-dexception-au-dlr-berlin-lectures-2\/#webpage"},"articleSection":"\u00c9v\u00e8nements, Formation, International, Visite de site &amp; stage terrain"},{"@type":"BreadcrumbList","@id":"https:\/\/academiespatiale.fr\/index.php\/2025\/12\/02\/deux-journees-dexception-au-dlr-berlin-lectures-2\/#breadcrumblist","itemListElement":[{"@type":"ListItem","@id":"https:\/\/academiespatiale.fr#listItem","position":1,"name":"Home","item":"https:\/\/academiespatiale.fr","nextItem":{"@type":"ListItem","@id":"https:\/\/academiespatiale.fr\/index.php\/category\/formation\/#listItem","name":"Formation"}},{"@type":"ListItem","@id":"https:\/\/academiespatiale.fr\/index.php\/category\/formation\/#listItem","position":2,"name":"Formation","item":"https:\/\/academiespatiale.fr\/index.php\/category\/formation\/","nextItem":{"@type":"ListItem","@id":"https:\/\/academiespatiale.fr\/index.php\/category\/formation\/visite-de-site-stage-terrain\/#listItem","name":"Visite de site &amp; stage terrain"},"previousItem":{"@type":"ListItem","@id":"https:\/\/academiespatiale.fr#listItem","name":"Home"}},{"@type":"ListItem","@id":"https:\/\/academiespatiale.fr\/index.php\/category\/formation\/visite-de-site-stage-terrain\/#listItem","position":3,"name":"Visite de site &amp; stage terrain","item":"https:\/\/academiespatiale.fr\/index.php\/category\/formation\/visite-de-site-stage-terrain\/","nextItem":{"@type":"ListItem","@id":"https:\/\/academiespatiale.fr\/index.php\/2025\/12\/02\/deux-journees-dexception-au-dlr-berlin-lectures-2\/#listItem","name":"Deux journ\u00e9es d\u2019exception au DLR &#8211; Berlin Lectures #2"},"previousItem":{"@type":"ListItem","@id":"https:\/\/academiespatiale.fr\/index.php\/category\/formation\/#listItem","name":"Formation"}},{"@type":"ListItem","@id":"https:\/\/academiespatiale.fr\/index.php\/2025\/12\/02\/deux-journees-dexception-au-dlr-berlin-lectures-2\/#listItem","position":4,"name":"Deux journ\u00e9es d\u2019exception au DLR &#8211; Berlin Lectures #2","previousItem":{"@type":"ListItem","@id":"https:\/\/academiespatiale.fr\/index.php\/category\/formation\/visite-de-site-stage-terrain\/#listItem","name":"Visite de site &amp; stage terrain"}}]},{"@type":"Organization","@id":"https:\/\/academiespatiale.fr\/#organization","name":"academiespatiale.fr","description":"Ensemble pour un nouvel espace durable pour tous et toutes","url":"https:\/\/academiespatiale.fr\/","logo":{"@type":"ImageObject","url":"https:\/\/academiespatiale.fr\/wp-content\/uploads\/2026\/03\/ASIDF-Fr2030_logo_compact_RVB.png","@id":"https:\/\/academiespatiale.fr\/index.php\/2025\/12\/02\/deux-journees-dexception-au-dlr-berlin-lectures-2\/#organizationLogo","width":1716,"height":473},"image":{"@id":"https:\/\/academiespatiale.fr\/index.php\/2025\/12\/02\/deux-journees-dexception-au-dlr-berlin-lectures-2\/#organizationLogo"},"sameAs":["https:\/\/www.facebook.com\/people\/Acadmie-Spatiale-dle-de-France\/61560696669781\/","https:\/\/x.com\/Ac_Spatiale","https:\/\/www.instagram.com\/academie_spatiale\/","https:\/\/www.linkedin.com\/company\/academie-spatiale-ile-de-france\/"]},{"@type":"Person","@id":"https:\/\/academiespatiale.fr\/index.php\/author\/academiespatiale-fr\/#author","url":"https:\/\/academiespatiale.fr\/index.php\/author\/academiespatiale-fr\/","name":"Acad\u00e9mie Spatiale","image":{"@type":"ImageObject","@id":"https:\/\/academiespatiale.fr\/index.php\/2025\/12\/02\/deux-journees-dexception-au-dlr-berlin-lectures-2\/#authorImage","url":"https:\/\/secure.gravatar.com\/avatar\/b8c278e938957e0409fe4c924c42e4584982f9e44f5269988c79fe11689bce58?s=96&d=mm&r=g","width":96,"height":96,"caption":"Acad\u00e9mie Spatiale"}},{"@type":"WebPage","@id":"https:\/\/academiespatiale.fr\/index.php\/2025\/12\/02\/deux-journees-dexception-au-dlr-berlin-lectures-2\/#webpage","url":"https:\/\/academiespatiale.fr\/index.php\/2025\/12\/02\/deux-journees-dexception-au-dlr-berlin-lectures-2\/","name":"Deux journ\u00e9es d\u2019exception au DLR \u2013 Berlin Lectures #2 - Acad\u00e9mie Spatiale d'\u00cele-de-France","description":"11 et 12 d\u00e9cembre 2025 - Dans le cadre de l\u2019Acad\u00e9mie Spatiale d\u2019\u00eele-de-France, une vingtaine d'\u00e9tudiant\u00b7es en masters et doctorats de Plan\u00e9tologie et Cosmologie de l'Universit\u00e9 Paris Cit\u00e9, ont particip\u00e9 cette ann\u00e9e encore aux \u00ab Berlin Lectures \u00bb. Cet \u00e9v\u00e9nement est organis\u00e9 par les Universit\u00e9s de Potsdam, Humboldt et Paris-Cit\u00e9 au sein du DLR, l'agence spatiale allemande.","inLanguage":"fr-FR","isPartOf":{"@id":"https:\/\/academiespatiale.fr\/#website"},"breadcrumb":{"@id":"https:\/\/academiespatiale.fr\/index.php\/2025\/12\/02\/deux-journees-dexception-au-dlr-berlin-lectures-2\/#breadcrumblist"},"author":{"@id":"https:\/\/academiespatiale.fr\/index.php\/author\/academiespatiale-fr\/#author"},"creator":{"@id":"https:\/\/academiespatiale.fr\/index.php\/author\/academiespatiale-fr\/#author"},"image":{"@type":"ImageObject","url":"https:\/\/academiespatiale.fr\/wp-content\/uploads\/2025\/12\/Berlin-lectures_2_2025.png","@id":"https:\/\/academiespatiale.fr\/index.php\/2025\/12\/02\/deux-journees-dexception-au-dlr-berlin-lectures-2\/#mainImage","width":750,"height":500},"primaryImageOfPage":{"@id":"https:\/\/academiespatiale.fr\/index.php\/2025\/12\/02\/deux-journees-dexception-au-dlr-berlin-lectures-2\/#mainImage"},"datePublished":"2025-12-02T11:43:31+01:00","dateModified":"2026-07-17T15:54:20+02:00"},{"@type":"WebSite","@id":"https:\/\/academiespatiale.fr\/#website","url":"https:\/\/academiespatiale.fr\/","name":"academiespatiale.fr","description":"Ensemble pour un nouvel espace durable pour tous et toutes","inLanguage":"fr-FR","publisher":{"@id":"https:\/\/academiespatiale.fr\/#organization"}}]},"og:locale":"fr_FR","og:site_name":"Acad\u00e9mie Spatiale d'\u00cele-de-France - Ensemble pour un nouvel espace durable pour tous et toutes","og:type":"article","og:title":"Deux journ\u00e9es d\u2019exception au DLR \u2013 Berlin Lectures #2 - Acad\u00e9mie Spatiale d'\u00cele-de-France","og:description":"11 et 12 d\u00e9cembre 2025 - Dans le cadre de l\u2019Acad\u00e9mie Spatiale d\u2019\u00eele-de-France, une vingtaine d'\u00e9tudiant\u00b7es en masters et doctorats de Plan\u00e9tologie et Cosmologie de l'Universit\u00e9 Paris Cit\u00e9, ont particip\u00e9 cette ann\u00e9e encore aux \u00ab Berlin Lectures \u00bb. Cet \u00e9v\u00e9nement est organis\u00e9 par les Universit\u00e9s de Potsdam, Humboldt et Paris-Cit\u00e9 au sein du DLR, l'agence spatiale allemande.","og:url":"https:\/\/academiespatiale.fr\/index.php\/2025\/12\/02\/deux-journees-dexception-au-dlr-berlin-lectures-2\/","og:image":"https:\/\/academiespatiale.fr\/wp-content\/uploads\/2025\/12\/Berlin-lectures_2_2025.png","og:image:secure_url":"https:\/\/academiespatiale.fr\/wp-content\/uploads\/2025\/12\/Berlin-lectures_2_2025.png","og:image:width":750,"og:image:height":500,"article:published_time":"2025-12-02T10:43:31+00:00","article:modified_time":"2026-07-17T13:54:20+00:00","article:publisher":"https:\/\/www.facebook.com\/people\/Acadmie-Spatiale-dle-de-France\/61560696669781\/","twitter:card":"summary_large_image","twitter:site":"@Ac_Spatiale","twitter:title":"Deux journ\u00e9es d\u2019exception au DLR \u2013 Berlin Lectures #2 - Acad\u00e9mie Spatiale d'\u00cele-de-France","twitter:description":"11 et 12 d\u00e9cembre 2025 - Dans le cadre de l\u2019Acad\u00e9mie Spatiale d\u2019\u00eele-de-France, une vingtaine d'\u00e9tudiant\u00b7es en masters et doctorats de Plan\u00e9tologie et Cosmologie de l'Universit\u00e9 Paris Cit\u00e9, ont particip\u00e9 cette ann\u00e9e encore aux \u00ab Berlin Lectures \u00bb. Cet \u00e9v\u00e9nement est organis\u00e9 par les Universit\u00e9s de Potsdam, Humboldt et Paris-Cit\u00e9 au sein du DLR, l'agence spatiale allemande.","twitter:creator":"@Ac_Spatiale","twitter:image":"https:\/\/academiespatiale.fr\/wp-content\/uploads\/2025\/12\/Berlin-lectures_2_2025.png"},"aioseo_meta_data":{"post_id":"6570","title":null,"description":null,"keywords":null,"keyphrases":{"focus":{"keyphrase":"","score":0,"analysis":{"keyphraseInTitle":{"score":0,"maxScore":9,"error":1}}},"additional":[]},"primary_term":null,"canonical_url":null,"og_title":null,"og_description":null,"og_object_type":"default","og_image_type":"default","og_image_url":null,"og_image_width":null,"og_image_height":null,"og_image_custom_url":null,"og_image_custom_fields":null,"og_video":"","og_custom_url":null,"og_article_section":null,"og_article_tags":null,"twitter_use_og":false,"twitter_card":"default","twitter_image_type":"default","twitter_image_url":null,"twitter_image_custom_url":null,"twitter_image_custom_fields":null,"twitter_title":null,"twitter_description":null,"schema":{"blockGraphs":[],"customGraphs":[],"default":{"data":{"Article":[],"Course":[],"Dataset":[],"FAQPage":[],"Movie":[],"Person":[],"Product":[],"ProductReview":[],"Car":[],"Recipe":[],"Service":[],"SoftwareApplication":[],"WebPage":[]},"graphName":"BlogPosting","isEnabled":true},"graphs":[]},"schema_type":"default","schema_type_options":null,"pillar_content":false,"robots_default":true,"robots_noindex":false,"robots_noarchive":false,"robots_nosnippet":false,"robots_nofollow":false,"robots_noimageindex":false,"robots_noodp":false,"robots_notranslate":false,"robots_max_snippet":"-1","robots_max_videopreview":"-1","robots_max_imagepreview":"large","priority":null,"frequency":"default","local_seo":null,"breadcrumb_settings":null,"limit_modified_date":false,"ai":{"faqs":[],"keyPoints":[],"schemas":[],"titles":[],"descriptions":[],"socialPosts":{"email":{"subject":"","preview":"","content":""},"linkedin":[],"twitter":[],"facebook":[],"instagram":[]}},"created":"2025-12-02 10:42:32","updated":"2026-07-17 15:14:41","seo_analyzer_scan_date":null,"focus_keyword":null,"additional_keywords":null,"truseo_locale":null},"aioseo_breadcrumb":"<div class=\"aioseo-breadcrumbs\"><span class=\"aioseo-breadcrumb\">\n\t\t\t<a href=\"https:\/\/academiespatiale.fr\" title=\"Home\">Home<\/a>\n\t\t<\/span><span class=\"aioseo-breadcrumb-separator\">&raquo;<\/span><span class=\"aioseo-breadcrumb\">\n\t\t\t<a href=\"https:\/\/academiespatiale.fr\/index.php\/category\/formation\/\" title=\"Formation\">Formation<\/a>\n\t\t<\/span><span class=\"aioseo-breadcrumb-separator\">&raquo;<\/span><span class=\"aioseo-breadcrumb\">\n\t\t\t<a href=\"https:\/\/academiespatiale.fr\/index.php\/category\/formation\/visite-de-site-stage-terrain\/\" title=\"Visite de site &amp; stage terrain\">Visite de site &amp; stage terrain<\/a>\n\t\t<\/span><span class=\"aioseo-breadcrumb-separator\">&raquo;<\/span><span class=\"aioseo-breadcrumb\">\n\t\t\tDeux journ\u00e9es d\u2019exception au DLR \u2013 Berlin Lectures #2\n\t\t<\/span><\/div>","aioseo_breadcrumb_json":[{"label":"Home","link":"https:\/\/academiespatiale.fr"},{"label":"Formation","link":"https:\/\/academiespatiale.fr\/index.php\/category\/formation\/"},{"label":"Visite de site &amp; stage terrain","link":"https:\/\/academiespatiale.fr\/index.php\/category\/formation\/visite-de-site-stage-terrain\/"},{"label":"Deux journ\u00e9es d\u2019exception au DLR &#8211; Berlin Lectures #2","link":"https:\/\/academiespatiale.fr\/index.php\/2025\/12\/02\/deux-journees-dexception-au-dlr-berlin-lectures-2\/"}],"_links":{"self":[{"href":"https:\/\/academiespatiale.fr\/index.php\/wp-json\/wp\/v2\/posts\/6570","targetHints":{"allow":["GET"]}}],"collection":[{"href":"https:\/\/academiespatiale.fr\/index.php\/wp-json\/wp\/v2\/posts"}],"about":[{"href":"https:\/\/academiespatiale.fr\/index.php\/wp-json\/wp\/v2\/types\/post"}],"author":[{"embeddable":true,"href":"https:\/\/academiespatiale.fr\/index.php\/wp-json\/wp\/v2\/users\/1"}],"replies":[{"embeddable":true,"href":"https:\/\/academiespatiale.fr\/index.php\/wp-json\/wp\/v2\/comments?post=6570"}],"version-history":[{"count":7,"href":"https:\/\/academiespatiale.fr\/index.php\/wp-json\/wp\/v2\/posts\/6570\/revisions"}],"predecessor-version":[{"id":10252,"href":"https:\/\/academiespatiale.fr\/index.php\/wp-json\/wp\/v2\/posts\/6570\/revisions\/10252"}],"wp:featuredmedia":[{"embeddable":true,"href":"https:\/\/academiespatiale.fr\/index.php\/wp-json\/wp\/v2\/media\/10249"}],"wp:attachment":[{"href":"https:\/\/academiespatiale.fr\/index.php\/wp-json\/wp\/v2\/media?parent=6570"}],"wp:term":[{"taxonomy":"category","embeddable":true,"href":"https:\/\/academiespatiale.fr\/index.php\/wp-json\/wp\/v2\/categories?post=6570"},{"taxonomy":"post_tag","embeddable":true,"href":"https:\/\/academiespatiale.fr\/index.php\/wp-json\/wp\/v2\/tags?post=6570"}],"curies":[{"name":"wp","href":"https:\/\/api.w.org\/{rel}","templated":true}]}}