{"id":6509,"date":"2025-11-26T16:05:55","date_gmt":"2025-11-26T15:05:55","guid":{"rendered":"https:\/\/academiespatiale.fr\/?p=6509"},"modified":"2025-12-19T18:19:36","modified_gmt":"2025-12-19T17:19:36","slug":"prix-espace-et-industrie-2025-linnovation-jeunesse-au-coeur-des-filieres-aeronautique-et-spatiale","status":"publish","type":"post","link":"https:\/\/academiespatiale.fr\/index.php\/2025\/11\/26\/prix-espace-et-industrie-2025-linnovation-jeunesse-au-coeur-des-filieres-aeronautique-et-spatiale\/","title":{"rendered":"Prix espace et industrie 2025 &#8211; L&rsquo;innovation jeunesse au c\u0153ur des fili\u00e8res a\u00e9ronautique et spatiale"},"content":{"rendered":"\n<div class=\"wp-block-columns has-text-color has-link-color wp-elements-e673af4000d0b3c096a66b181f7b0bbd is-layout-flex wp-container-core-columns-is-layout-deb2fee4 wp-block-columns-is-layout-flex\" style=\"color:#b1b1b1;margin-top:-25px;margin-bottom:20px;padding-top:0;padding-right:0;padding-bottom:0;padding-left:0;font-size:15px\">\n<div class=\"wp-block-column has-text-color has-link-color wp-elements-5a4d4e7b16cdb21f05469acdf2368671 is-layout-flow wp-block-column-is-layout-flow\" style=\"color:#a1a1a1;padding-top:0;padding-bottom:0;font-size:15px;font-style:normal;font-weight:100;flex-basis:100%\"><div class=\"aioseo-breadcrumbs\"><span class=\"aioseo-breadcrumb\">\n\t\t\t<a href=\"https:\/\/academiespatiale.fr\" title=\"Home\">Home<\/a>\n\t\t<\/span><span class=\"aioseo-breadcrumb-separator\">&raquo;<\/span><span class=\"aioseo-breadcrumb\">\n\t\t\t<a href=\"https:\/\/academiespatiale.fr\/index.php\/category\/formation\/\" title=\"Formation\">Formation<\/a>\n\t\t<\/span><span class=\"aioseo-breadcrumb-separator\">&raquo;<\/span><span class=\"aioseo-breadcrumb\">\n\t\t\t<a href=\"https:\/\/academiespatiale.fr\/index.php\/category\/formation\/challenge-co\/\" title=\"Challenge &amp; co.\">Challenge &amp; co.<\/a>\n\t\t<\/span><span class=\"aioseo-breadcrumb-separator\">&raquo;<\/span><span class=\"aioseo-breadcrumb\">\n\t\t\tPrix espace et industrie 2025 \u2013 L\u2019innovation jeunesse au c\u0153ur des fili\u00e8res a\u00e9ronautique et spatiale\n\t\t<\/span><\/div><\/div>\n<\/div>\n\n\n\n<p>[18\/12\/2025] RETOUR SUR L&rsquo;EVENEMENT<\/p>\n\n\n\n<p><strong>Gif-sur-Yvette, le 13 d\u00e9cembre 2025 \u2013 La communaut\u00e9 industrielle s\u2019est r\u00e9unie pour c\u00e9l\u00e9brer l\u2019ing\u00e9niosit\u00e9 des jeunes lors de la 29\u00e8me c\u00e9r\u00e9monie des Prix Espace et Industrie organis\u00e9 par Plan\u00e8te Sciences. Parmi les 9 clubs participants, 7 se sont distingu\u00e9s et ont re\u00e7u une r\u00e9compense.<\/strong><\/p>\n\n\n\n<div class=\"wp-block-columns is-layout-flex wp-container-core-columns-is-layout-28f84493 wp-block-columns-is-layout-flex\">\n<div class=\"wp-block-column is-vertically-aligned-center is-layout-flow wp-block-column-is-layout-flow\">\n<p>L\u2019attribution des prix a \u00e9t\u00e9 d\u00e9cid\u00e9e par un jury technique compos\u00e9 des partenaires de l&rsquo;\u00e9v\u00e8nement : le GIFAS, Sodern, ASB, Roxel, le CEA et MaiaSpace, et de Plan\u00e8te Sciences. Ce dernier a eu la lourde t\u00e2che d\u2019\u00e9valuer les pr\u00e9sentations des clubs.<\/p>\n<\/div>\n\n\n\n<div class=\"wp-block-column is-layout-flow wp-block-column-is-layout-flow\">\n<div data-wp-interactive=\"core\/file\" class=\"wp-block-file\"><object data-wp-bind--hidden=\"!state.hasPdfPreview\" hidden class=\"wp-block-file__embed\" data=\"https:\/\/academiespatiale.fr\/wp-content\/uploads\/2025\/11\/Communique-de-presse-Prix-Espace-et-Industrie.pdf\" type=\"application\/pdf\" style=\"width:100%;height:346px\" aria-label=\"Contenu embarqu\u00e9 Communiqu\u00e9 de presse Prix Espace et Industrie.\"><\/object><a id=\"wp-block-file--media-ad7c834a-b394-41a3-b7cd-a39188b85fd8\" href=\"https:\/\/academiespatiale.fr\/wp-content\/uploads\/2025\/11\/Communique-de-presse-Prix-Espace-et-Industrie.pdf\">Communiqu\u00e9 de presse Prix Espace et Industrie<\/a><a href=\"https:\/\/academiespatiale.fr\/wp-content\/uploads\/2025\/11\/Communique-de-presse-Prix-Espace-et-Industrie.pdf\" class=\"wp-block-file__button wp-element-button\" download aria-describedby=\"wp-block-file--media-ad7c834a-b394-41a3-b7cd-a39188b85fd8\">T\u00e9l\u00e9charger<\/a><\/div>\n<\/div>\n<\/div>\n\n\n\n<p style=\"font-size:15px\">Le point d&rsquo;orgue fut la remise de prix, durant laquelle les 7 clubs laur\u00e9ats ont \u00e9t\u00e9 appel\u00e9s sur sc\u00e8ne pour recevoir leur troph\u00e9e, sous les applaudissements de l&rsquo;assembl\u00e9e.<\/p>\n\n\n\n<ul style=\"font-size:15px\" class=\"wp-block-list\">\n<li>Prix Roxel : PEGASUS du Cercle A\u00e9rospatial CentraleSup\u00e9lec (fus\u00e9e exp\u00e9rimentale)<\/li>\n\n\n\n<li>Prix Sodern : ALBA du club AeroIPSA (CanSat)<\/li>\n\n\n\n<li>Prix CEA : Projet ballon du club Sciences L@b22 (ballon)<\/li>\n\n\n\n<li>Prix MaiaSpace : STAR-P du club IPSA Space System (fus\u00e9e exp\u00e9rimentale)<\/li>\n\n\n\n<li>Prix ASB : N\u00e9m\u00e9sis de Space\u2019Tech Orl\u00e9ans (fus\u00e9e exp\u00e9rimentale)<\/li>\n\n\n\n<li>Prix GIFAS : Arcethie de AMT69 (minifus\u00e9e)<\/li>\n\n\n\n<li>Prix coup de c\u0153ur Plan\u00e8te Sciences : Pl\u00e9onasme du club Stereden (minifus\u00e9e)<\/li>\n<\/ul>\n\n\n\n<figure class=\"wp-block-gallery has-nested-images columns-2 is-cropped wp-block-gallery-1 is-layout-flex wp-block-gallery-is-layout-flex\">\n<figure data-wp-context=\"{&quot;imageId&quot;:&quot;69f4a9a1d04f6&quot;}\" data-wp-interactive=\"core\/image\" data-wp-key=\"69f4a9a1d04f6\" class=\"wp-block-image size-large wp-lightbox-container\"><img loading=\"lazy\" decoding=\"async\" width=\"683\" height=\"1024\" data-wp-class--hide=\"state.isContentHidden\" data-wp-class--show=\"state.isContentVisible\" data-wp-init=\"callbacks.setButtonStyles\" data-wp-on--click=\"actions.showLightbox\" data-wp-on--load=\"callbacks.setButtonStyles\" data-wp-on-window--resize=\"callbacks.setButtonStyles\" data-id=\"7044\" src=\"https:\/\/academiespatiale.fr\/wp-content\/uploads\/2025\/11\/DSC05664-683x1024.jpg\" alt=\"\" class=\"wp-image-7044\" srcset=\"https:\/\/academiespatiale.fr\/wp-content\/uploads\/2025\/11\/DSC05664-683x1024.jpg 683w, https:\/\/academiespatiale.fr\/wp-content\/uploads\/2025\/11\/DSC05664-200x300.jpg 200w, https:\/\/academiespatiale.fr\/wp-content\/uploads\/2025\/11\/DSC05664-768x1151.jpg 768w, https:\/\/academiespatiale.fr\/wp-content\/uploads\/2025\/11\/DSC05664-1024x1536.jpg 1024w, https:\/\/academiespatiale.fr\/wp-content\/uploads\/2025\/11\/DSC05664-1366x2048.jpg 1366w, https:\/\/academiespatiale.fr\/wp-content\/uploads\/2025\/11\/DSC05664-scaled.jpg 1707w\" sizes=\"auto, (max-width: 683px) 100vw, 683px\" \/><button\n\t\t\tclass=\"lightbox-trigger\"\n\t\t\ttype=\"button\"\n\t\t\taria-haspopup=\"dialog\"\n\t\t\taria-label=\"Agrandir\"\n\t\t\tdata-wp-init=\"callbacks.initTriggerButton\"\n\t\t\tdata-wp-on--click=\"actions.showLightbox\"\n\t\t\tdata-wp-style--right=\"state.imageButtonRight\"\n\t\t\tdata-wp-style--top=\"state.imageButtonTop\"\n\t\t>\n\t\t\t<svg xmlns=\"http:\/\/www.w3.org\/2000\/svg\" width=\"12\" height=\"12\" fill=\"none\" viewBox=\"0 0 12 12\">\n\t\t\t\t<path fill=\"#fff\" d=\"M2 0a2 2 0 0 0-2 2v2h1.5V2a.5.5 0 0 1 .5-.5h2V0H2Zm2 10.5H2a.5.5 0 0 1-.5-.5V8H0v2a2 2 0 0 0 2 2h2v-1.5ZM8 12v-1.5h2a.5.5 0 0 0 .5-.5V8H12v2a2 2 0 0 1-2 2H8Zm2-12a2 2 0 0 1 2 2v2h-1.5V2a.5.5 0 0 0-.5-.5H8V0h2Z\" \/>\n\t\t\t<\/svg>\n\t\t<\/button><figcaption class=\"wp-element-caption\">\u00a9 Plan\u00e8te Sciences<\/figcaption><\/figure>\n\n\n\n<figure data-wp-context=\"{&quot;imageId&quot;:&quot;69f4a9a1d07bb&quot;}\" data-wp-interactive=\"core\/image\" data-wp-key=\"69f4a9a1d07bb\" class=\"wp-block-image size-full wp-lightbox-container\"><img loading=\"lazy\" decoding=\"async\" width=\"2560\" height=\"1442\" data-wp-class--hide=\"state.isContentHidden\" data-wp-class--show=\"state.isContentVisible\" data-wp-init=\"callbacks.setButtonStyles\" data-wp-on--click=\"actions.showLightbox\" data-wp-on--load=\"callbacks.setButtonStyles\" data-wp-on-window--resize=\"callbacks.setButtonStyles\" data-id=\"7045\" src=\"https:\/\/academiespatiale.fr\/wp-content\/uploads\/2025\/11\/P1031410-scaled.png\" alt=\"\" class=\"wp-image-7045\" srcset=\"https:\/\/academiespatiale.fr\/wp-content\/uploads\/2025\/11\/P1031410-scaled.png 2560w, https:\/\/academiespatiale.fr\/wp-content\/uploads\/2025\/11\/P1031410-300x169.png 300w, https:\/\/academiespatiale.fr\/wp-content\/uploads\/2025\/11\/P1031410-1024x577.png 1024w, https:\/\/academiespatiale.fr\/wp-content\/uploads\/2025\/11\/P1031410-768x433.png 768w, https:\/\/academiespatiale.fr\/wp-content\/uploads\/2025\/11\/P1031410-1536x865.png 1536w, https:\/\/academiespatiale.fr\/wp-content\/uploads\/2025\/11\/P1031410-2048x1154.png 2048w\" sizes=\"auto, (max-width: 2560px) 100vw, 2560px\" \/><button\n\t\t\tclass=\"lightbox-trigger\"\n\t\t\ttype=\"button\"\n\t\t\taria-haspopup=\"dialog\"\n\t\t\taria-label=\"Agrandir\"\n\t\t\tdata-wp-init=\"callbacks.initTriggerButton\"\n\t\t\tdata-wp-on--click=\"actions.showLightbox\"\n\t\t\tdata-wp-style--right=\"state.imageButtonRight\"\n\t\t\tdata-wp-style--top=\"state.imageButtonTop\"\n\t\t>\n\t\t\t<svg xmlns=\"http:\/\/www.w3.org\/2000\/svg\" width=\"12\" height=\"12\" fill=\"none\" viewBox=\"0 0 12 12\">\n\t\t\t\t<path fill=\"#fff\" d=\"M2 0a2 2 0 0 0-2 2v2h1.5V2a.5.5 0 0 1 .5-.5h2V0H2Zm2 10.5H2a.5.5 0 0 1-.5-.5V8H0v2a2 2 0 0 0 2 2h2v-1.5ZM8 12v-1.5h2a.5.5 0 0 0 .5-.5V8H12v2a2 2 0 0 1-2 2H8Zm2-12a2 2 0 0 1 2 2v2h-1.5V2a.5.5 0 0 0-.5-.5H8V0h2Z\" \/>\n\t\t\t<\/svg>\n\t\t<\/button><figcaption class=\"wp-element-caption\">\u00a9 Plan\u00e8te Sciences<\/figcaption><\/figure>\n\n\n\n<figure data-wp-context=\"{&quot;imageId&quot;:&quot;69f4a9a1d0a59&quot;}\" data-wp-interactive=\"core\/image\" data-wp-key=\"69f4a9a1d0a59\" class=\"wp-block-image size-large wp-lightbox-container\"><img loading=\"lazy\" decoding=\"async\" width=\"1024\" height=\"543\" data-wp-class--hide=\"state.isContentHidden\" data-wp-class--show=\"state.isContentVisible\" data-wp-init=\"callbacks.setButtonStyles\" data-wp-on--click=\"actions.showLightbox\" data-wp-on--load=\"callbacks.setButtonStyles\" data-wp-on-window--resize=\"callbacks.setButtonStyles\" data-id=\"7043\" src=\"https:\/\/academiespatiale.fr\/wp-content\/uploads\/2025\/11\/IMG_5480-1024x543.png\" alt=\"\" class=\"wp-image-7043\" srcset=\"https:\/\/academiespatiale.fr\/wp-content\/uploads\/2025\/11\/IMG_5480-1024x543.png 1024w, https:\/\/academiespatiale.fr\/wp-content\/uploads\/2025\/11\/IMG_5480-300x159.png 300w, https:\/\/academiespatiale.fr\/wp-content\/uploads\/2025\/11\/IMG_5480-768x407.png 768w, https:\/\/academiespatiale.fr\/wp-content\/uploads\/2025\/11\/IMG_5480-1536x815.png 1536w, https:\/\/academiespatiale.fr\/wp-content\/uploads\/2025\/11\/IMG_5480-2048x1086.png 2048w\" sizes=\"auto, (max-width: 1024px) 100vw, 1024px\" \/><button\n\t\t\tclass=\"lightbox-trigger\"\n\t\t\ttype=\"button\"\n\t\t\taria-haspopup=\"dialog\"\n\t\t\taria-label=\"Agrandir\"\n\t\t\tdata-wp-init=\"callbacks.initTriggerButton\"\n\t\t\tdata-wp-on--click=\"actions.showLightbox\"\n\t\t\tdata-wp-style--right=\"state.imageButtonRight\"\n\t\t\tdata-wp-style--top=\"state.imageButtonTop\"\n\t\t>\n\t\t\t<svg xmlns=\"http:\/\/www.w3.org\/2000\/svg\" width=\"12\" height=\"12\" fill=\"none\" viewBox=\"0 0 12 12\">\n\t\t\t\t<path fill=\"#fff\" d=\"M2 0a2 2 0 0 0-2 2v2h1.5V2a.5.5 0 0 1 .5-.5h2V0H2Zm2 10.5H2a.5.5 0 0 1-.5-.5V8H0v2a2 2 0 0 0 2 2h2v-1.5ZM8 12v-1.5h2a.5.5 0 0 0 .5-.5V8H12v2a2 2 0 0 1-2 2H8Zm2-12a2 2 0 0 1 2 2v2h-1.5V2a.5.5 0 0 0-.5-.5H8V0h2Z\" \/>\n\t\t\t<\/svg>\n\t\t<\/button><figcaption class=\"wp-element-caption\">\u00a9 Plan\u00e8te Sciences<\/figcaption><\/figure>\n<\/figure>\n\n\n\n<hr class=\"wp-block-separator has-alpha-channel-opacity\" style=\"margin-top:var(--wp--preset--spacing--70);margin-bottom:var(--wp--preset--spacing--70)\"\/>\n\n\n\n<p>[26\/11\/2025]<br><strong>La c\u00e9r\u00e9monie de remise des \u00ab&nbsp;Prix Espace et Industrie 2025&nbsp;\u00bb se tiendra le samedi 13 d\u00e9cembre 2025 dans les locaux de CentraleSup\u00e9lec. Cet \u00e9v\u00e8nement, organis\u00e9 par Plan\u00e8te Sciences et soutenu par l&rsquo;Acad\u00e9mie Spatiale, met \u00e0 l&rsquo;honneur l&rsquo;excellence des projets men\u00e9s par les jeunes dans les domaines de l&rsquo;a\u00e9ronautique et du spatial.<\/strong><\/p>\n\n\n\n<div class=\"wp-block-columns is-layout-flex wp-container-core-columns-is-layout-28f84493 wp-block-columns-is-layout-flex\">\n<div class=\"wp-block-column is-vertically-aligned-center is-layout-flow wp-block-column-is-layout-flow\">\n<p class=\"has-text-align-center\"><strong>Samedi 13 d\u00e9cembre 2025<br>de 9h \u00e0 16h<\/strong><\/p>\n\n\n\n<p class=\"has-text-align-center\" style=\"font-size:15px\"> CentraleSup\u00e9lec<br>B\u00e2timent Bouygues, Amphith\u00e9\u00e2tre Peugeot<br>9 rue Joliot-Curie, 91190 Gif-sur-Yvette<br><br>&gt; <strong>Ev\u00e8nement sur invitation<\/strong> &lt;<\/p>\n<\/div>\n\n\n\n<div class=\"wp-block-column is-layout-flow wp-block-column-is-layout-flow\">\n<figure class=\"wp-block-image size-large\"><img loading=\"lazy\" decoding=\"async\" width=\"1024\" height=\"1024\" src=\"https:\/\/academiespatiale.fr\/wp-content\/uploads\/2025\/11\/1080p_RVB_web-1024x1024.png\" alt=\"\" class=\"wp-image-6510\" srcset=\"https:\/\/academiespatiale.fr\/wp-content\/uploads\/2025\/11\/1080p_RVB_web-1024x1024.png 1024w, https:\/\/academiespatiale.fr\/wp-content\/uploads\/2025\/11\/1080p_RVB_web-300x300.png 300w, https:\/\/academiespatiale.fr\/wp-content\/uploads\/2025\/11\/1080p_RVB_web-150x150.png 150w, https:\/\/academiespatiale.fr\/wp-content\/uploads\/2025\/11\/1080p_RVB_web-768x768.png 768w, https:\/\/academiespatiale.fr\/wp-content\/uploads\/2025\/11\/1080p_RVB_web-1536x1536.png 1536w, https:\/\/academiespatiale.fr\/wp-content\/uploads\/2025\/11\/1080p_RVB_web-2048x2048.png 2048w\" sizes=\"auto, (max-width: 1024px) 100vw, 1024px\" \/><\/figure>\n<\/div>\n<\/div>\n\n\n\n<p class=\"has-text-align-left\">Pour cette 29e \u00e9dition, un total de 11 projets candidats ont \u00e9t\u00e9 soumis, illustrant la diversit\u00e9 des comp\u00e9tences techniques d\u00e9velopp\u00e9es par les participantes et participants. Les r\u00e9alisations pr\u00e9sent\u00e9es incluent :<\/p>\n\n\n\n<ul class=\"wp-block-list\">\n<li>Fus\u00e9es : Conception et lancement de minifus\u00e9es et de fus\u00e9es exp\u00e9rimentales.<\/li>\n\n\n\n<li>CanSat : D\u00e9veloppement de syst\u00e8mes embarqu\u00e9s de la taille d&rsquo;une canette.<\/li>\n\n\n\n<li>Ballons : Exp\u00e9rimentations scientifiques via des vols stratosph\u00e9riques.<\/li>\n<\/ul>\n\n\n\n<p class=\"has-text-align-left\">Les clubs candidats passeront chacun devant le jury pour une vingtaine de minutes de pr\u00e9sentation de leur projet. Les Prix Espace et Industries r\u00e9compensent des projets ayant aboutis dans les deux ann\u00e9es pr\u00e9c\u00e9dant l\u2019\u00e9v\u00e8nement. <\/p>\n\n\n\n<p class=\"has-text-align-left\">La remise des prix aura lieu lors de la c\u00e9r\u00e9monie du 13 d\u00e9cembre. Les r\u00e9compenses seront d\u00e9cern\u00e9es directement par les partenaires de l&rsquo;\u00e9v\u00e9nement. Ces prix reconnaissent non seulement l&rsquo;innovation technique des projets, mais \u00e9galement la rigueur de leur ex\u00e9cution. La pr\u00e9sence des partenaires assure une connexion directe entre les candidates et candidats et le tissu industriel, facilitant l&rsquo;int\u00e9gration professionnelle et le transfert de savoir-faire.<\/p>\n\n\n\n<p class=\"has-text-align-left has-background-color-background-color has-background\">Site officiel<br>\u2192 <a href=\"https:\/\/www.planete-sciences.org\/national\/evenements\/prix-espace-et-industrie\/\" target=\"_blank\" rel=\"noopener\" title=\"\">Prix Espace Industrie \u2013 Plan\u00e8te Sciences<\/a><\/p>\n\n\n\n<hr class=\"wp-block-separator has-alpha-channel-opacity\"\/>\n\n\n\n<p class=\"has-text-align-center\"><em>Cet \u00e9v\u00e9nement biennal est co-organis\u00e9 par le GIFAS et Plan\u00e8te Sciences.<\/em><\/p>\n\n\n\n<div class=\"wp-block-columns is-layout-flex wp-container-core-columns-is-layout-28f84493 wp-block-columns-is-layout-flex\">\n<div class=\"wp-block-column is-layout-flow wp-block-column-is-layout-flow\"><div class=\"wp-block-image\">\n<figure class=\"aligncenter size-full is-resized\"><img loading=\"lazy\" decoding=\"async\" width=\"991\" height=\"290\" src=\"https:\/\/academiespatiale.fr\/wp-content\/uploads\/2024\/04\/GIFAS-1.jpg\" alt=\"\" class=\"wp-image-386\" style=\"width:auto;height:70px\" srcset=\"https:\/\/academiespatiale.fr\/wp-content\/uploads\/2024\/04\/GIFAS-1.jpg 991w, https:\/\/academiespatiale.fr\/wp-content\/uploads\/2024\/04\/GIFAS-1-300x88.jpg 300w, https:\/\/academiespatiale.fr\/wp-content\/uploads\/2024\/04\/GIFAS-1-768x225.jpg 768w\" sizes=\"auto, (max-width: 991px) 100vw, 991px\" \/><\/figure>\n<\/div><\/div>\n\n\n\n<div class=\"wp-block-column is-layout-flow wp-block-column-is-layout-flow\"><div class=\"wp-block-image\">\n<figure class=\"aligncenter size-full is-resized\"><img loading=\"lazy\" decoding=\"async\" width=\"876\" height=\"525\" src=\"https:\/\/academiespatiale.fr\/wp-content\/uploads\/2025\/11\/Planete-sciences_transp-1.png\" alt=\"\" class=\"wp-image-6511\" style=\"width:auto;height:100px\" srcset=\"https:\/\/academiespatiale.fr\/wp-content\/uploads\/2025\/11\/Planete-sciences_transp-1.png 876w, https:\/\/academiespatiale.fr\/wp-content\/uploads\/2025\/11\/Planete-sciences_transp-1-300x180.png 300w, https:\/\/academiespatiale.fr\/wp-content\/uploads\/2025\/11\/Planete-sciences_transp-1-768x460.png 768w\" sizes=\"auto, (max-width: 876px) 100vw, 876px\" \/><\/figure>\n<\/div><\/div>\n<\/div>\n","protected":false},"excerpt":{"rendered":"<p>[18\/12\/2025] RETOUR SUR L&rsquo;EVENEMENT Gif-sur-Yvette, le 13 d\u00e9cembre 2025 \u2013 La communaut\u00e9 industrielle s\u2019est r\u00e9unie pour c\u00e9l\u00e9brer l\u2019ing\u00e9niosit\u00e9 des jeunes lors de la 29\u00e8me c\u00e9r\u00e9monie des Prix Espace et Industrie organis\u00e9 par Plan\u00e8te Sciences. Parmi les 9 clubs participants, 7 se sont distingu\u00e9s et ont re\u00e7u une r\u00e9compense. L\u2019attribution des [&hellip;]<\/p>\n","protected":false},"author":1,"featured_media":6512,"comment_status":"closed","ping_status":"open","sticky":false,"template":"","format":"standard","meta":{"_monsterinsights_skip_tracking":false,"_monsterinsights_sitenote_active":false,"_monsterinsights_sitenote_note":"","_monsterinsights_sitenote_category":0,"_EventAllDay":false,"_EventTimezone":"","_EventStartDate":"","_EventEndDate":"","_EventStartDateUTC":"","_EventEndDateUTC":"","_EventShowMap":false,"_EventShowMapLink":false,"_EventURL":"","_EventCost":"","_EventCostDescription":"","_EventCurrencySymbol":"","_EventCurrencyCode":"","_EventCurrencyPosition":"","_EventDateTimeSeparator":"","_EventTimeRangeSeparator":"","_EventOrganizerID":[],"_EventVenueID":[],"_OrganizerEmail":"","_OrganizerPhone":"","_OrganizerWebsite":"","_VenueAddress":"","_VenueCity":"","_VenueCountry":"","_VenueProvince":"","_VenueState":"","_VenueZip":"","_VenuePhone":"","_VenueURL":"","_VenueStateProvince":"","_VenueLat":"","_VenueLng":"","_VenueShowMap":false,"_VenueShowMapLink":false,"footnotes":""},"categories":[31,14,5,33],"tags":[],"class_list":["post-6509","post","type-post","status-publish","format-standard","has-post-thumbnail","hentry","category-challenge-co","category-evenements","category-formation","category-industrie"],"aioseo_notices":[],"_links":{"self":[{"href":"https:\/\/academiespatiale.fr\/index.php\/wp-json\/wp\/v2\/posts\/6509","targetHints":{"allow":["GET"]}}],"collection":[{"href":"https:\/\/academiespatiale.fr\/index.php\/wp-json\/wp\/v2\/posts"}],"about":[{"href":"https:\/\/academiespatiale.fr\/index.php\/wp-json\/wp\/v2\/types\/post"}],"author":[{"embeddable":true,"href":"https:\/\/academiespatiale.fr\/index.php\/wp-json\/wp\/v2\/users\/1"}],"replies":[{"embeddable":true,"href":"https:\/\/academiespatiale.fr\/index.php\/wp-json\/wp\/v2\/comments?post=6509"}],"version-history":[{"count":10,"href":"https:\/\/academiespatiale.fr\/index.php\/wp-json\/wp\/v2\/posts\/6509\/revisions"}],"predecessor-version":[{"id":7293,"href":"https:\/\/academiespatiale.fr\/index.php\/wp-json\/wp\/v2\/posts\/6509\/revisions\/7293"}],"wp:featuredmedia":[{"embeddable":true,"href":"https:\/\/academiespatiale.fr\/index.php\/wp-json\/wp\/v2\/media\/6512"}],"wp:attachment":[{"href":"https:\/\/academiespatiale.fr\/index.php\/wp-json\/wp\/v2\/media?parent=6509"}],"wp:term":[{"taxonomy":"category","embeddable":true,"href":"https:\/\/academiespatiale.fr\/index.php\/wp-json\/wp\/v2\/categories?post=6509"},{"taxonomy":"post_tag","embeddable":true,"href":"https:\/\/academiespatiale.fr\/index.php\/wp-json\/wp\/v2\/tags?post=6509"}],"curies":[{"name":"wp","href":"https:\/\/api.w.org\/{rel}","templated":true}]}}