{"id":6416,"date":"2025-11-21T17:15:34","date_gmt":"2025-11-21T16:15:34","guid":{"rendered":"https:\/\/academiespatiale.fr\/?p=6416"},"modified":"2026-01-29T15:30:42","modified_gmt":"2026-01-29T14:30:42","slug":"seminaire-ipgp-2025-2026","status":"publish","type":"post","link":"https:\/\/academiespatiale.fr\/index.php\/2025\/11\/21\/seminaire-ipgp-2025-2026\/","title":{"rendered":"Cycle de s\u00e9minaire IPGP &#8211; Observation spatiale et g\u00e9omatique"},"content":{"rendered":"\n<div class=\"wp-block-columns has-text-color has-link-color wp-elements-e673af4000d0b3c096a66b181f7b0bbd is-layout-flex wp-container-core-columns-is-layout-deb2fee4 wp-block-columns-is-layout-flex\" style=\"color:#b1b1b1;margin-top:-25px;margin-bottom:20px;padding-top:0;padding-right:0;padding-bottom:0;padding-left:0;font-size:15px\">\n<div class=\"wp-block-column has-text-color has-link-color wp-elements-5a4d4e7b16cdb21f05469acdf2368671 is-layout-flow wp-block-column-is-layout-flow\" style=\"color:#a1a1a1;padding-top:0;padding-bottom:0;font-size:15px;font-style:normal;font-weight:100;flex-basis:100%\"><div class=\"aioseo-breadcrumbs\"><span class=\"aioseo-breadcrumb\">\n\t\t\t<a href=\"https:\/\/academiespatiale.fr\" title=\"Home\">Home<\/a>\n\t\t<\/span><span class=\"aioseo-breadcrumb-separator\">&raquo;<\/span><span class=\"aioseo-breadcrumb\">\n\t\t\t<a href=\"https:\/\/academiespatiale.fr\/index.php\/category\/evenements\/\" title=\"\u00c9v\u00e8nements\">\u00c9v\u00e8nements<\/a>\n\t\t<\/span><span class=\"aioseo-breadcrumb-separator\">&raquo;<\/span><span class=\"aioseo-breadcrumb\">\n\t\t\t<a href=\"https:\/\/academiespatiale.fr\/index.php\/category\/evenements\/seminaire\/\" title=\"S\u00e9minaire\">S\u00e9minaire<\/a>\n\t\t<\/span><span class=\"aioseo-breadcrumb-separator\">&raquo;<\/span><span class=\"aioseo-breadcrumb\">\n\t\t\tCycle de s\u00e9minaire IPGP \u2013 Observation spatiale et g\u00e9omatique\n\t\t<\/span><\/div><\/div>\n<\/div>\n\n\n\n<p><strong>Les Master FRS, GAED\/TGAE et IG-AST organisent chaque ann\u00e9e, depuis plus de 20 ans, une s\u00e9rie de s\u00e9minaires d\u00e9di\u00e9e \u00e0 l&rsquo;observation spatiale, la g\u00e9omatique et leurs applications. Ces s\u00e9minaires ont lieu le vendredi apr\u00e8s-midi \u00e0 l&rsquo;Institut de Physique du Globe de Paris, sauf cas exceptionnels. <\/strong><\/p>\n\n\n\n<div class=\"wp-block-columns is-layout-flex wp-container-core-columns-is-layout-28f84493 wp-block-columns-is-layout-flex\">\n<div class=\"wp-block-column is-vertically-aligned-center is-layout-flow wp-block-column-is-layout-flow\">\n<p class=\"has-text-align-center\"><strong>Les vendredis \u00e0 14h00<br>Salle P07 Outremer, IPGP<\/strong><\/p>\n\n\n\n<p class=\"has-text-align-center\">Entr\u00e9e libre, ouvert au public<\/p>\n<\/div>\n\n\n\n<div class=\"wp-block-column is-layout-flow wp-block-column-is-layout-flow\">\n<figure class=\"wp-block-image size-full\"><img loading=\"lazy\" decoding=\"async\" width=\"750\" height=\"500\" src=\"https:\/\/academiespatiale.fr\/wp-content\/uploads\/2025\/11\/Seminaire_IPGP-UPCite_2025-2026.png\" alt=\"\" class=\"wp-image-6418\" srcset=\"https:\/\/academiespatiale.fr\/wp-content\/uploads\/2025\/11\/Seminaire_IPGP-UPCite_2025-2026.png 750w, https:\/\/academiespatiale.fr\/wp-content\/uploads\/2025\/11\/Seminaire_IPGP-UPCite_2025-2026-300x200.png 300w, https:\/\/academiespatiale.fr\/wp-content\/uploads\/2025\/11\/Seminaire_IPGP-UPCite_2025-2026-360x240.png 360w\" sizes=\"auto, (max-width: 750px) 100vw, 750px\" \/><\/figure>\n<\/div>\n<\/div>\n\n\n\n<p style=\"font-size:15px\"><a href=\"https:\/\/academiespatiale.fr\/index.php\/formations\/trouver-une-formation\/technologie-ingenierie\/\" title=\"\">*Master 2 FRS : Fundamentals of Remote Sensing<br>*Master 2 GAED \/ TGAE : T\u00e9l\u00e9d\u00e9d\u00e9tection et g\u00e9omatique appliqu\u00e9es \u00e0 l\u2019environnement<\/a><br><a href=\"https:\/\/formations.univ-gustave-eiffel.fr\/master\/detail\/information-geographique-analyse-spatiale-et-teledetection-277\" target=\"_blank\" rel=\"noopener\" title=\"\">*Master 2 IG-AST : Information G\u00e9ographique : Analyse Spatiale et T\u00e9l\u00e9d\u00e9tection<\/a><br>&#8211; <em>Universit\u00e9 Paris Cit\u00e9, Sorbonne Universit\u00e9 et ENSG<\/em><\/p>\n\n\n\n<hr class=\"wp-block-separator has-alpha-channel-opacity\"\/>\n\n\n\n<h4 class=\"wp-block-heading\">Programme<\/h4>\n\n\n\n<p><strong><em>Les vendredis \u00e0 14h00, salle P07 Outremer, IPGP<\/em><\/strong><\/p>\n\n\n\n<ul class=\"wp-block-list\">\n<li>5 D\u00c9CEMBRE&nbsp;2025 &#8211; <strong>Elise COLIN&nbsp;<\/strong>(ONERA-TIS)<br><em>Le radar en observation terrestre : nouvelles perspectives<\/em> &#8211; <a href=\"https:\/\/academiespatiale.fr\/index.php\/event\/seminaire-le-radar-en-observation-terrestre-nouvelles-perspectives\/\" title=\"\">Plus d&rsquo;infos&#8230;<\/a><br><\/li>\n\n\n\n<li>12 D\u00c9CEMBRE 2025 &#8211; <strong>Anne&nbsp;&nbsp;PUISSANT<\/strong>&nbsp;(LIVE)<br><em>IR Data Terra &#8211; Donn\u00e9es, produits et services pour le syst\u00e8me Terre &#8211; Un accompagnement tout au long du cycle de vie de la donn\u00e9e \/ Apport des s\u00e9ries temporelles d&rsquo;images satellites pour l&rsquo;extraction de connaissances sur la v\u00e9g\u00e9tation urbaine<\/em> &#8211; <a href=\"https:\/\/academiespatiale.fr\/index.php\/event\/seminaire-ipgp-ir-data-terra-donnees-produits-et-services-pour-le-systeme-terre\/\" title=\"\">Plus d&rsquo;infos&#8230;<\/a><em><br><\/em><\/li>\n\n\n\n<li>23 JANVIER 2026 &#8211; <strong>Paul&nbsp;VANDEMEULEBROUCK<\/strong>&nbsp;(Drone Expertise Centre)<br><em><em>Les drones :&nbsp;un vecteur de plus en plus utilis\u00e9 pour l&rsquo;acquisition d&rsquo;imagerie \u00e0 haute r\u00e9solution<\/em><\/em> &#8211; <a href=\"https:\/\/academiespatiale.fr\/index.php\/event\/seminaire-ipgp-les-drones-un-vecteur-de-plus-en-plus-utilise-pour-lacquisition-dimagerie-a-haute-resolution\/\" title=\"\">Plus d&rsquo;infos&#8230;<\/a><em><br><\/em><\/li>\n\n\n\n<li>30 JANVIER 2026 &#8211; <strong>Audrey PELLET<\/strong>&nbsp;(Commissariat G\u00e9n\u00e9ral au D\u00e9veloppement Durable)<br><em><em>Les applications satellitaires au service des politiques publiques environnementales : pr\u00e9sentation du Plan d&rsquo;Applications Satellitaires 2023-2027<\/em><\/em> &#8211; <a href=\"https:\/\/academiespatiale.fr\/index.php\/event\/seminaire-ipgp-les-applications-satellitaires-au-service-des-politiques-publiques-environnementales-presentation-du-plan-dapplications-satellitaires-2023-2027\/\" title=\"\">Plus d&rsquo;infos&#8230;<\/a><em><br><\/em><\/li>\n\n\n\n<li>06 F\u00c9VRIER&nbsp;2026&nbsp;&#8211; <strong>Olivier HAGOLLE<\/strong> (CNES\/CESBIO)<br><em>La puissance des s\u00e9ries temporelles d\u2019observation de la terre \u00e0 haute r\u00e9solution : illustration avec Sentinel-2<\/em>&nbsp;&#8211; <a href=\"https:\/\/academiespatiale.fr\/index.php\/event\/seminaire-ipgp-la-puissance-des-series-temporelles-dobservation-de-la-terre-a-haute-resolution\/\" title=\"\">Plus d&rsquo;infos&#8230;<\/a><br><\/li>\n\n\n\n<li>13 F\u00c9VRIER &#8211; <strong>Audrey\u00a0MINGHELLI<\/strong>\u00a0(LIS \/ Universit\u00e9 de Toulon)<br><em>Utilisation des images satellite pour suivre les radeaux de Sargasses et pr\u00e9voir leurs \u00e9chouements dans les Cara\u00efbes<\/em> &#8211; <a href=\"https:\/\/academiespatiale.fr\/index.php\/event\/seminaire-ipgp-utilisation-des-images-satellite-pour-suivre-les-radeaux-de-sargasses-et-prevoir-leurs-echouements-dans-les-caraibes\/\" title=\"\">Plus d&rsquo;infos&#8230;<\/a><\/li>\n<\/ul>\n\n\n\n<p class=\"has-background-color-background-color has-background\">Site officiel<br>\u2192 <a href=\"http:\/\/teledetection.ipgp.fr\/mpt\/MPT_seminaires.htm\" target=\"_blank\" rel=\"noopener\" title=\"\">Seminaires t\u00e9l\u00e9d\u00e9tection IPGP 2025-2026<\/a> <\/p>\n","protected":false},"excerpt":{"rendered":"<p>Les Master FRS, GAED\/TGAE et IG-AST organisent chaque ann\u00e9e, depuis plus de 20 ans, une s\u00e9rie de s\u00e9minaires d\u00e9di\u00e9e \u00e0 l&rsquo;observation spatiale, la g\u00e9omatique et leurs applications. Ces s\u00e9minaires ont lieu le vendredi apr\u00e8s-midi \u00e0 l&rsquo;Institut de Physique du Globe de Paris, sauf cas exceptionnels. Les vendredis \u00e0 14h00Salle P07 [&hellip;]<\/p>\n","protected":false},"author":1,"featured_media":6418,"comment_status":"closed","ping_status":"open","sticky":false,"template":"","format":"standard","meta":{"_monsterinsights_skip_tracking":false,"_monsterinsights_sitenote_active":false,"_monsterinsights_sitenote_note":"","_monsterinsights_sitenote_category":0,"_EventAllDay":false,"_EventTimezone":"","_EventStartDate":"","_EventEndDate":"","_EventStartDateUTC":"","_EventEndDateUTC":"","_EventShowMap":false,"_EventShowMapLink":false,"_EventURL":"","_EventCost":"","_EventCostDescription":"","_EventCurrencySymbol":"","_EventCurrencyCode":"","_EventCurrencyPosition":"","_EventDateTimeSeparator":"","_EventTimeRangeSeparator":"","_EventOrganizerID":[],"_EventVenueID":[],"_OrganizerEmail":"","_OrganizerPhone":"","_OrganizerWebsite":"","_VenueAddress":"","_VenueCity":"","_VenueCountry":"","_VenueProvince":"","_VenueState":"","_VenueZip":"","_VenuePhone":"","_VenueURL":"","_VenueStateProvince":"","_VenueLat":"","_VenueLng":"","_VenueShowMap":false,"_VenueShowMapLink":false,"footnotes":""},"categories":[14,29],"tags":[],"class_list":["post-6416","post","type-post","status-publish","format-standard","has-post-thumbnail","hentry","category-evenements","category-seminaire"],"aioseo_notices":[],"_links":{"self":[{"href":"https:\/\/academiespatiale.fr\/index.php\/wp-json\/wp\/v2\/posts\/6416","targetHints":{"allow":["GET"]}}],"collection":[{"href":"https:\/\/academiespatiale.fr\/index.php\/wp-json\/wp\/v2\/posts"}],"about":[{"href":"https:\/\/academiespatiale.fr\/index.php\/wp-json\/wp\/v2\/types\/post"}],"author":[{"embeddable":true,"href":"https:\/\/academiespatiale.fr\/index.php\/wp-json\/wp\/v2\/users\/1"}],"replies":[{"embeddable":true,"href":"https:\/\/academiespatiale.fr\/index.php\/wp-json\/wp\/v2\/comments?post=6416"}],"version-history":[{"count":19,"href":"https:\/\/academiespatiale.fr\/index.php\/wp-json\/wp\/v2\/posts\/6416\/revisions"}],"predecessor-version":[{"id":7708,"href":"https:\/\/academiespatiale.fr\/index.php\/wp-json\/wp\/v2\/posts\/6416\/revisions\/7708"}],"wp:featuredmedia":[{"embeddable":true,"href":"https:\/\/academiespatiale.fr\/index.php\/wp-json\/wp\/v2\/media\/6418"}],"wp:attachment":[{"href":"https:\/\/academiespatiale.fr\/index.php\/wp-json\/wp\/v2\/media?parent=6416"}],"wp:term":[{"taxonomy":"category","embeddable":true,"href":"https:\/\/academiespatiale.fr\/index.php\/wp-json\/wp\/v2\/categories?post=6416"},{"taxonomy":"post_tag","embeddable":true,"href":"https:\/\/academiespatiale.fr\/index.php\/wp-json\/wp\/v2\/tags?post=6416"}],"curies":[{"name":"wp","href":"https:\/\/api.w.org\/{rel}","templated":true}]}}