{"id":6381,"date":"2025-11-20T16:47:19","date_gmt":"2025-11-20T15:47:19","guid":{"rendered":"https:\/\/academiespatiale.fr\/?p=6381"},"modified":"2025-12-19T18:21:18","modified_gmt":"2025-12-19T17:21:18","slug":"colloque-academique-liut-de-mantes-reflechit-aux-enjeux-de-lethique-et-de-la-soutenabilite-des-industries-mantes-en-yvelines","status":"publish","type":"post","link":"https:\/\/academiespatiale.fr\/index.php\/2025\/11\/20\/colloque-academique-liut-de-mantes-reflechit-aux-enjeux-de-lethique-et-de-la-soutenabilite-des-industries-mantes-en-yvelines\/","title":{"rendered":"Colloque acad\u00e9mique : l&rsquo;IUT de Mantes r\u00e9fl\u00e9chit aux enjeux de l\u2019\u00e9thique et de la soutenabilit\u00e9 des industries Mantes-en-Yvelines"},"content":{"rendered":"\n<div class=\"wp-block-columns has-text-color has-link-color wp-elements-e673af4000d0b3c096a66b181f7b0bbd is-layout-flex wp-container-core-columns-is-layout-deb2fee4 wp-block-columns-is-layout-flex\" style=\"color:#b1b1b1;margin-top:-25px;margin-bottom:20px;padding-top:0;padding-right:0;padding-bottom:0;padding-left:0;font-size:15px\">\n<div class=\"wp-block-column has-text-color has-link-color wp-elements-5a4d4e7b16cdb21f05469acdf2368671 is-layout-flow wp-block-column-is-layout-flow\" style=\"color:#a1a1a1;padding-top:0;padding-bottom:0;font-size:15px;font-style:normal;font-weight:100;flex-basis:100%\"><div class=\"aioseo-breadcrumbs\"><span class=\"aioseo-breadcrumb\">\n\t\t\t<a href=\"https:\/\/academiespatiale.fr\" title=\"Home\">Home<\/a>\n\t\t<\/span><span class=\"aioseo-breadcrumb-separator\">&raquo;<\/span><span class=\"aioseo-breadcrumb\">\n\t\t\t<a href=\"https:\/\/academiespatiale.fr\/index.php\/category\/evenements\/\" title=\"\u00c9v\u00e8nements\">\u00c9v\u00e8nements<\/a>\n\t\t<\/span><span class=\"aioseo-breadcrumb-separator\">&raquo;<\/span><span class=\"aioseo-breadcrumb\">\n\t\t\tColloque acad\u00e9mique : l\u2019IUT de Mantes r\u00e9fl\u00e9chit aux enjeux de l\u2019\u00e9thique et de la soutenabilit\u00e9 des industries Mantes-en-Yvelines\n\t\t<\/span><\/div><\/div>\n<\/div>\n\n\n\n<p><strong><strong>Les 25 et 26 septembre 2025, l&rsquo;Institut universitaire de technologie (IUT) de Mantes-en-Yvelines a eu l&rsquo;honneur d&rsquo;accueillir un colloque d&rsquo;envergure sur le th\u00e8me de l&rsquo;\u00e9thique et de la soutenabilit\u00e9 des industries \u00e0 l\u2019\u00e9chelle des territoires.<\/strong><\/strong><\/p>\n\n\n\n<div class=\"wp-block-columns is-layout-flex wp-container-core-columns-is-layout-28f84493 wp-block-columns-is-layout-flex\">\n<div class=\"wp-block-column is-layout-flow wp-block-column-is-layout-flow\">\n<p>Pendant deux jours, chercheurs, \u00e9lus, industriels, associations et \u00e9tudiants se sont r\u00e9unis autour de conf\u00e9rences, tables rondes et ateliers pour r\u00e9fl\u00e9chir aux grands enjeux :<\/p>\n\n\n\n<ul class=\"wp-block-list\">\n<li>Transition industrielle et soutenabilit\u00e9<\/li>\n\n\n\n<li>\u00c9thique des pratiques et responsabilit\u00e9 sociale<\/li>\n\n\n\n<li>Innovation et coop\u00e9ration territoriale<\/li>\n\n\n\n<li>M\u00e9tiers de l\u2019industrie et avenir des jeunes<\/li>\n<\/ul>\n<\/div>\n\n\n\n<div class=\"wp-block-column is-layout-flow wp-block-column-is-layout-flow\">\n<figure class=\"wp-block-image size-large\"><img loading=\"lazy\" decoding=\"async\" width=\"724\" height=\"1024\" src=\"https:\/\/academiespatiale.fr\/wp-content\/uploads\/2025\/11\/affiche_entreprise_soutenabilite-724x1024.jpg\" alt=\"\" class=\"wp-image-6386\" srcset=\"https:\/\/academiespatiale.fr\/wp-content\/uploads\/2025\/11\/affiche_entreprise_soutenabilite-724x1024.jpg 724w, https:\/\/academiespatiale.fr\/wp-content\/uploads\/2025\/11\/affiche_entreprise_soutenabilite-212x300.jpg 212w, https:\/\/academiespatiale.fr\/wp-content\/uploads\/2025\/11\/affiche_entreprise_soutenabilite-768x1086.jpg 768w, https:\/\/academiespatiale.fr\/wp-content\/uploads\/2025\/11\/affiche_entreprise_soutenabilite-1086x1536.jpg 1086w, https:\/\/academiespatiale.fr\/wp-content\/uploads\/2025\/11\/affiche_entreprise_soutenabilite-1448x2048.jpg 1448w, https:\/\/academiespatiale.fr\/wp-content\/uploads\/2025\/11\/affiche_entreprise_soutenabilite-scaled.jpg 1810w\" sizes=\"auto, (max-width: 724px) 100vw, 724px\" \/><\/figure>\n<\/div>\n<\/div>\n\n\n\n<figure class=\"wp-block-embed is-type-video is-provider-youtube wp-block-embed-youtube wp-embed-aspect-16-9 wp-has-aspect-ratio\"><div class=\"wp-block-embed__wrapper\">\n<iframe loading=\"lazy\" title=\"Colloque \u00ab \u00c9thique et soutenabilit\u00e9 des industries \u00bb | IUT de Mantes UVSQ\" width=\"750\" height=\"422\" src=\"https:\/\/www.youtube.com\/embed\/7c1nUmtyxmc?feature=oembed\" frameborder=\"0\" allow=\"accelerometer; autoplay; clipboard-write; encrypted-media; gyroscope; picture-in-picture; web-share\" referrerpolicy=\"strict-origin-when-cross-origin\" allowfullscreen><\/iframe>\n<\/div><\/figure>\n\n\n\n<hr class=\"wp-block-separator has-alpha-channel-opacity\"\/>\n\n\n\n<div class=\"wp-block-columns is-layout-flex wp-container-core-columns-is-layout-28f84493 wp-block-columns-is-layout-flex\">\n<div class=\"wp-block-column is-vertically-aligned-center is-layout-flow wp-block-column-is-layout-flow\">\n<p><strong>Philippe Keckhut, directeur de l&rsquo;Acad\u00e9mie Spatiale, accompagn\u00e9 de Halima Ghorbel (UVSQ) et Mustapha Meftah (UVSQ), ont pr\u00e9sent\u00e9 la conf\u00e9rence \u00ab&nbsp;Inspire &amp; UVSQ-Sat : un programme \u00e9ducatif et scientifique&nbsp;\u00bb<\/strong><\/p>\n<\/div>\n\n\n\n<div class=\"wp-block-column is-layout-flow wp-block-column-is-layout-flow\">\n<figure class=\"wp-block-image size-large\"><img loading=\"lazy\" decoding=\"async\" width=\"1024\" height=\"576\" src=\"https:\/\/academiespatiale.fr\/wp-content\/uploads\/2025\/11\/IUTmantes_colloque_sept2025_03-1024x576.jpg\" alt=\"\" class=\"wp-image-6382\" srcset=\"https:\/\/academiespatiale.fr\/wp-content\/uploads\/2025\/11\/IUTmantes_colloque_sept2025_03-1024x576.jpg 1024w, https:\/\/academiespatiale.fr\/wp-content\/uploads\/2025\/11\/IUTmantes_colloque_sept2025_03-300x169.jpg 300w, https:\/\/academiespatiale.fr\/wp-content\/uploads\/2025\/11\/IUTmantes_colloque_sept2025_03-768x432.jpg 768w, https:\/\/academiespatiale.fr\/wp-content\/uploads\/2025\/11\/IUTmantes_colloque_sept2025_03-1536x864.jpg 1536w, https:\/\/academiespatiale.fr\/wp-content\/uploads\/2025\/11\/IUTmantes_colloque_sept2025_03-2048x1152.jpg 2048w\" sizes=\"auto, (max-width: 1024px) 100vw, 1024px\" \/><figcaption class=\"wp-element-caption\">Philippe Keckhut et Halima Ghorbel<\/figcaption><\/figure>\n<\/div>\n<\/div>\n\n\n\n<p style=\"font-size:15px\"><strong>Conf\u00e9rence \u00ab&nbsp;Inspire &amp; UVSQ-Sat : un programme \u00e9ducatif et scientifique&nbsp;\u00bb <\/strong><br><em>&#8211; Philippe Keckhut, Halima Ghorbel &amp; Mustapha Meftah<strong><br><\/strong><\/em>Ce programme qui repose sur les trois dimensions p\u00e9dagogique, technologique et scientifique inclut \u00e9galement une proximit\u00e9 avec l\u2019Acad\u00e9mie spatiale d&rsquo;Ile-de-France. D\u00e9di\u00e9 \u00e0 l&rsquo;\u00e9tude du bilan radiatif de la Terre qui fait partie du Programme international de satellites pour la recherche et l&rsquo;\u00e9ducation (INSPIRE), UVSQ-SAT NG s&rsquo;inscrit dans la continuit\u00e9 des missions Uvsq-Sat et<br>Inspire-Sat 7, qui ont \u00e9t\u00e9 lanc\u00e9es respectivement en janvier 2021 et avril 2023. Uvsq-Sat NG dispose quant \u00e0 lui d\u2019un nouvel instrument spatial pour observer le dioxyde de carbone et le m\u00e9thane. Ce programme de nano-satellites est soutenu par le d\u00e9partement des Yvelines et la communaut\u00e9 d&rsquo;agglom\u00e9ration de Saint-Quentin-en-Yvelines.<\/p>\n\n\n\n<hr class=\"wp-block-separator has-alpha-channel-opacity\"\/>\n\n\n\n<p class=\"has-background-color-background-color has-background\">Page officielle<br>\u2192 <a href=\"https:\/\/www.uvsq.fr\/colloque-academique-liut-de-mantes-reflechit-aux-enjeux-de-lethique-et-de-la-soutenabilite-des-industries-mantes-en-yvelines\">Colloque acad\u00e9mique : l&rsquo;IUT de Mantes r\u00e9fl\u00e9chit aux enjeux de l\u2019\u00e9thique et de la soutenabilit\u00e9 des industries Mantes-en-Yvelines &#8211; UVSQ<\/a><\/p>\n\n\n\n<p>Cet \u00e9v\u00e9nement est organis\u00e9 par le collectif acad\u00e9mique \u00ab\u00a0Mantes Recherche\u00a0\u00bb de l&rsquo;Universit\u00e9 de Versailles Saint-Quentin-en-Yvelines (UVSQ).<\/p>\n\n\n\n<p><\/p>\n","protected":false},"excerpt":{"rendered":"<p>Les 25 et 26 septembre 2025, l&rsquo;Institut universitaire de technologie (IUT) de Mantes-en-Yvelines a eu l&rsquo;honneur d&rsquo;accueillir un colloque d&rsquo;envergure sur le th\u00e8me de l&rsquo;\u00e9thique et de la soutenabilit\u00e9 des industries \u00e0 l\u2019\u00e9chelle des territoires. Pendant deux jours, chercheurs, \u00e9lus, industriels, associations et \u00e9tudiants se sont r\u00e9unis autour de conf\u00e9rences, [&hellip;]<\/p>\n","protected":false},"author":1,"featured_media":6387,"comment_status":"closed","ping_status":"open","sticky":false,"template":"","format":"standard","meta":{"_monsterinsights_skip_tracking":false,"_monsterinsights_sitenote_active":false,"_monsterinsights_sitenote_note":"","_monsterinsights_sitenote_category":0,"_EventAllDay":false,"_EventTimezone":"","_EventStartDate":"","_EventEndDate":"","_EventStartDateUTC":"","_EventEndDateUTC":"","_EventShowMap":false,"_EventShowMapLink":false,"_EventURL":"","_EventCost":"","_EventCostDescription":"","_EventCurrencySymbol":"","_EventCurrencyCode":"","_EventCurrencyPosition":"","_EventDateTimeSeparator":"","_EventTimeRangeSeparator":"","_EventOrganizerID":[],"_EventVenueID":[],"_OrganizerEmail":"","_OrganizerPhone":"","_OrganizerWebsite":"","_VenueAddress":"","_VenueCity":"","_VenueCountry":"","_VenueProvince":"","_VenueState":"","_VenueZip":"","_VenuePhone":"","_VenueURL":"","_VenueStateProvince":"","_VenueLat":"","_VenueLng":"","_VenueShowMap":false,"_VenueShowMapLink":false,"footnotes":""},"categories":[14,33],"tags":[],"class_list":["post-6381","post","type-post","status-publish","format-standard","has-post-thumbnail","hentry","category-evenements","category-industrie"],"aioseo_notices":[],"_links":{"self":[{"href":"https:\/\/academiespatiale.fr\/index.php\/wp-json\/wp\/v2\/posts\/6381","targetHints":{"allow":["GET"]}}],"collection":[{"href":"https:\/\/academiespatiale.fr\/index.php\/wp-json\/wp\/v2\/posts"}],"about":[{"href":"https:\/\/academiespatiale.fr\/index.php\/wp-json\/wp\/v2\/types\/post"}],"author":[{"embeddable":true,"href":"https:\/\/academiespatiale.fr\/index.php\/wp-json\/wp\/v2\/users\/1"}],"replies":[{"embeddable":true,"href":"https:\/\/academiespatiale.fr\/index.php\/wp-json\/wp\/v2\/comments?post=6381"}],"version-history":[{"count":3,"href":"https:\/\/academiespatiale.fr\/index.php\/wp-json\/wp\/v2\/posts\/6381\/revisions"}],"predecessor-version":[{"id":7298,"href":"https:\/\/academiespatiale.fr\/index.php\/wp-json\/wp\/v2\/posts\/6381\/revisions\/7298"}],"wp:featuredmedia":[{"embeddable":true,"href":"https:\/\/academiespatiale.fr\/index.php\/wp-json\/wp\/v2\/media\/6387"}],"wp:attachment":[{"href":"https:\/\/academiespatiale.fr\/index.php\/wp-json\/wp\/v2\/media?parent=6381"}],"wp:term":[{"taxonomy":"category","embeddable":true,"href":"https:\/\/academiespatiale.fr\/index.php\/wp-json\/wp\/v2\/categories?post=6381"},{"taxonomy":"post_tag","embeddable":true,"href":"https:\/\/academiespatiale.fr\/index.php\/wp-json\/wp\/v2\/tags?post=6381"}],"curies":[{"name":"wp","href":"https:\/\/api.w.org\/{rel}","templated":true}]}}