{"id":6361,"date":"2025-11-19T17:15:17","date_gmt":"2025-11-19T16:15:17","guid":{"rendered":"https:\/\/academiespatiale.fr\/?p=6361"},"modified":"2025-12-19T18:22:52","modified_gmt":"2025-12-19T17:22:52","slug":"semaine-de-lutte-contre-les-violences-sexistes-et-sexuelles","status":"publish","type":"post","link":"https:\/\/academiespatiale.fr\/index.php\/2025\/11\/19\/semaine-de-lutte-contre-les-violences-sexistes-et-sexuelles\/","title":{"rendered":"Semaine de lutte contre les violences sexistes et sexuelles"},"content":{"rendered":"\n<div class=\"wp-block-columns has-text-color has-link-color wp-elements-e673af4000d0b3c096a66b181f7b0bbd is-layout-flex wp-container-core-columns-is-layout-deb2fee4 wp-block-columns-is-layout-flex\" style=\"color:#b1b1b1;margin-top:-25px;margin-bottom:20px;padding-top:0;padding-right:0;padding-bottom:0;padding-left:0;font-size:15px\">\n<div class=\"wp-block-column has-text-color has-link-color wp-elements-5a4d4e7b16cdb21f05469acdf2368671 is-layout-flow wp-block-column-is-layout-flow\" style=\"color:#a1a1a1;padding-top:0;padding-bottom:0;font-size:15px;font-style:normal;font-weight:100;flex-basis:100%\"><div class=\"aioseo-breadcrumbs\"><span class=\"aioseo-breadcrumb\">\n\t\t\t<a href=\"https:\/\/academiespatiale.fr\" title=\"Home\">Home<\/a>\n\t\t<\/span><span class=\"aioseo-breadcrumb-separator\">&raquo;<\/span><span class=\"aioseo-breadcrumb\">\n\t\t\t<a href=\"https:\/\/academiespatiale.fr\/index.php\/category\/egalite-chances\/\" title=\"\u00c9galit\u00e9 des chances\">\u00c9galit\u00e9 des chances<\/a>\n\t\t<\/span><span class=\"aioseo-breadcrumb-separator\">&raquo;<\/span><span class=\"aioseo-breadcrumb\">\n\t\t\tSemaine de lutte contre les violences sexistes et sexuelles\n\t\t<\/span><\/div><\/div>\n<\/div>\n\n\n\n<p><strong>Du lundi 24 au vendredi 28 novembre 2025, l\u2019<a href=\"https:\/\/academiespatiale.fr\/index.php\/a-propos\/porteurs-projet\/\" target=\"_blank\" rel=\"noopener\" title=\"\">Universite Paris-Saclay, \u00e9tablissement porteur<\/a> de l&rsquo;Acad\u00e9mie Spatiale d&rsquo;IDF, se mobilise \u00e0 l\u2019occasion de la Semaine de lutte contre les violences sexistes et sexuelles (VSS) autour du th\u00e8me de la \u00ab\u00a0cyberviolence\u00a0\u00bb<\/strong><\/p>\n\n\n\n<figure class=\"wp-block-image size-large\" style=\"margin-top:var(--wp--preset--spacing--60);margin-bottom:var(--wp--preset--spacing--60)\"><img loading=\"lazy\" decoding=\"async\" width=\"1024\" height=\"341\" src=\"https:\/\/academiespatiale.fr\/wp-content\/uploads\/2025\/11\/bandeau-vss_nov-2025_actu-site-web_3200x1067px-1024x341.jpg\" alt=\"\" class=\"wp-image-6362\" srcset=\"https:\/\/academiespatiale.fr\/wp-content\/uploads\/2025\/11\/bandeau-vss_nov-2025_actu-site-web_3200x1067px-1024x341.jpg 1024w, https:\/\/academiespatiale.fr\/wp-content\/uploads\/2025\/11\/bandeau-vss_nov-2025_actu-site-web_3200x1067px-300x100.jpg 300w, https:\/\/academiespatiale.fr\/wp-content\/uploads\/2025\/11\/bandeau-vss_nov-2025_actu-site-web_3200x1067px-768x255.jpg 768w, https:\/\/academiespatiale.fr\/wp-content\/uploads\/2025\/11\/bandeau-vss_nov-2025_actu-site-web_3200x1067px.jpg 1380w\" sizes=\"auto, (max-width: 1024px) 100vw, 1024px\" \/><\/figure>\n\n\n\n<p>Dans le cadre de la Journ\u00e9e internationale de lutte contre les violences faites aux femmes, c\u00e9l\u00e9br\u00e9e le 25 novembre, l\u2019Universit\u00e9 Paris-Saclay organise la semaine de lutte contre les violences sexistes et sexuelles (VSS). Cet \u00e9v\u00e9nement a pour objectif de pr\u00e9venir et sensibiliser la communaut\u00e9 universitaire, tout en affirmant la politique de tol\u00e9rance z\u00e9ro de l\u2019Universit\u00e9 face \u00e0 toute forme de violence sexiste ou sexuelle.<\/p>\n\n\n\n<p>\u00c0 travers des conf\u00e9rences, projections, d\u00e9bats et actions de sensibilisation, l\u2019Universit\u00e9 Paris-Saclay souhaite favoriser la lib\u00e9ration de la parole, renforcer la pr\u00e9vention et promouvoir une culture du respect et de l\u2019\u00e9galit\u00e9 au sein de sa communaut\u00e9.<\/p>\n\n\n\n<ul class=\"wp-block-list\">\n<li>Conf\u00e9rence \u00ab&nbsp;Soumission chimique et violences faites aux femmes : regards d&rsquo;un expert toxicologue&nbsp;\u00bb<\/li>\n\n\n\n<li>Conf\u00e9rence \u00ab&nbsp;Consentement f\u00e9minin \u00e0 travers l\u2019histoire : comprendre pour pr\u00e9venir&nbsp;\u00bb<\/li>\n\n\n\n<li>Pr\u00e9sentation de la charte de lutte contre les VSS et du plan relais-\u00e9galit\u00e9<\/li>\n\n\n\n<li>Projection du court-m\u00e9trage \u00ab&nbsp;Plan sous&nbsp;\u00bb au sujet de la marchanidsation du corps<\/li>\n\n\n\n<li>Table-ronde \u00ab&nbsp;Les femmes dans la science&nbsp;\u00bb<\/li>\n\n\n\n<li>Cin\u00e9-rencontre autour du film \u00ab&nbsp;RIPOSTE FEMINISTE&nbsp;\u00bb<\/li>\n\n\n\n<li>Conf\u00e9rence \u00ab&nbsp;Une nouvelle \u00e8re de haine : comprendre et lutter contre les cyberviolences de genre&nbsp;\u00bb<\/li>\n\n\n\n<li>Stands et camion de l&rsquo;association En Avant Toute(s) et de Consentis<\/li>\n\n\n\n<li>Formation sur l&rsquo;enjeux crois\u00e9s des discriminations dans l&rsquo;enseignement sup\u00e9rieur<\/li>\n<\/ul>\n\n\n\n<p>Cette ann\u00e9e, la th\u00e9matique centrale portera sur la cyberviolence, afin de mieux comprendre et pr\u00e9venir ces formes de violences qui se d\u00e9veloppent dans les espaces num\u00e9riques.<\/p>\n\n\n\n<p class=\"has-background-color-background-color has-background\"><strong>Programmation compl\u00e8te et les informations pratiques<\/strong><br>\u2192<strong>&nbsp;<\/strong><a href=\"https:\/\/www.universite-paris-saclay.fr\/actualites\/semaine-de-lutte-contre-les-violences-sexistes-et-sexuelles-vss-du-24-au-28-novembre-2025\" target=\"_blank\" rel=\"noreferrer noopener\">Semaine de lutte contre les violences sexistes et sexuelles \u2013 Universit\u00e9 Paris-Saclay<\/a><\/p>\n\n\n\n<p class=\"has-background-color-background-color has-background\">Dispositif de signalement Dalida<br>\u2192 <a href=\"https:\/\/www.universite-paris-saclay.fr\/dispositif-de-signalement-dalida\">Dispositif de signalement &#8211; Dalida | Universit\u00e9 Paris-Saclay<\/a><br><br>En savoir plus sur l&rsquo;engagement de l&rsquo;Acad\u00e9mie Spatiale<br>\u2192 <a href=\"https:\/\/academiespatiale.fr\/index.php\/a-propos\/egalite-des-chances\/\">\u00c9galit\u00e9 des chances &#8211; Acad\u00e9mie Spatiale d&rsquo;\u00cele-de-France<\/a><\/p>\n","protected":false},"excerpt":{"rendered":"<p>Du lundi 24 au vendredi 28 novembre 2025, l\u2019Universite Paris-Saclay, \u00e9tablissement porteur de l&rsquo;Acad\u00e9mie Spatiale d&rsquo;IDF, se mobilise \u00e0 l\u2019occasion de la Semaine de lutte contre les violences sexistes et sexuelles (VSS) autour du th\u00e8me de la \u00ab\u00a0cyberviolence\u00a0\u00bb Dans le cadre de la Journ\u00e9e internationale de lutte contre les violences [&hellip;]<\/p>\n","protected":false},"author":1,"featured_media":6363,"comment_status":"closed","ping_status":"open","sticky":false,"template":"","format":"standard","meta":{"_monsterinsights_skip_tracking":false,"_monsterinsights_sitenote_active":false,"_monsterinsights_sitenote_note":"","_monsterinsights_sitenote_category":0,"_EventAllDay":false,"_EventTimezone":"","_EventStartDate":"","_EventEndDate":"","_EventStartDateUTC":"","_EventEndDateUTC":"","_EventShowMap":false,"_EventShowMapLink":false,"_EventURL":"","_EventCost":"","_EventCostDescription":"","_EventCurrencySymbol":"","_EventCurrencyCode":"","_EventCurrencyPosition":"","_EventDateTimeSeparator":"","_EventTimeRangeSeparator":"","_EventOrganizerID":[],"_EventVenueID":[],"_OrganizerEmail":"","_OrganizerPhone":"","_OrganizerWebsite":"","_VenueAddress":"","_VenueCity":"","_VenueCountry":"","_VenueProvince":"","_VenueState":"","_VenueZip":"","_VenuePhone":"","_VenueURL":"","_VenueStateProvince":"","_VenueLat":"","_VenueLng":"","_VenueShowMap":false,"_VenueShowMapLink":false,"footnotes":""},"categories":[24],"tags":[],"class_list":["post-6361","post","type-post","status-publish","format-standard","has-post-thumbnail","hentry","category-egalite-chances"],"aioseo_notices":[],"_links":{"self":[{"href":"https:\/\/academiespatiale.fr\/index.php\/wp-json\/wp\/v2\/posts\/6361","targetHints":{"allow":["GET"]}}],"collection":[{"href":"https:\/\/academiespatiale.fr\/index.php\/wp-json\/wp\/v2\/posts"}],"about":[{"href":"https:\/\/academiespatiale.fr\/index.php\/wp-json\/wp\/v2\/types\/post"}],"author":[{"embeddable":true,"href":"https:\/\/academiespatiale.fr\/index.php\/wp-json\/wp\/v2\/users\/1"}],"replies":[{"embeddable":true,"href":"https:\/\/academiespatiale.fr\/index.php\/wp-json\/wp\/v2\/comments?post=6361"}],"version-history":[{"count":5,"href":"https:\/\/academiespatiale.fr\/index.php\/wp-json\/wp\/v2\/posts\/6361\/revisions"}],"predecessor-version":[{"id":7303,"href":"https:\/\/academiespatiale.fr\/index.php\/wp-json\/wp\/v2\/posts\/6361\/revisions\/7303"}],"wp:featuredmedia":[{"embeddable":true,"href":"https:\/\/academiespatiale.fr\/index.php\/wp-json\/wp\/v2\/media\/6363"}],"wp:attachment":[{"href":"https:\/\/academiespatiale.fr\/index.php\/wp-json\/wp\/v2\/media?parent=6361"}],"wp:term":[{"taxonomy":"category","embeddable":true,"href":"https:\/\/academiespatiale.fr\/index.php\/wp-json\/wp\/v2\/categories?post=6361"},{"taxonomy":"post_tag","embeddable":true,"href":"https:\/\/academiespatiale.fr\/index.php\/wp-json\/wp\/v2\/tags?post=6361"}],"curies":[{"name":"wp","href":"https:\/\/api.w.org\/{rel}","templated":true}]}}