{"id":6340,"date":"2025-11-07T16:25:31","date_gmt":"2025-11-07T15:25:31","guid":{"rendered":"https:\/\/academiespatiale.fr\/?p=6340"},"modified":"2025-12-19T18:22:27","modified_gmt":"2025-12-19T17:22:27","slug":"bienvenue-etudiants-2025","status":"publish","type":"post","link":"https:\/\/academiespatiale.fr\/index.php\/2025\/11\/07\/bienvenue-etudiants-2025\/","title":{"rendered":"Bienvenue aux \u00e9tudiant\u00b7es financ\u00e9\u00b7es par l&rsquo;Acad\u00e9mie Spatiale IDF"},"content":{"rendered":"\n<div class=\"wp-block-columns has-text-color has-link-color wp-elements-e673af4000d0b3c096a66b181f7b0bbd is-layout-flex wp-container-core-columns-is-layout-deb2fee4 wp-block-columns-is-layout-flex\" style=\"color:#b1b1b1;margin-top:-25px;margin-bottom:20px;padding-top:0;padding-right:0;padding-bottom:0;padding-left:0;font-size:15px\">\n<div class=\"wp-block-column has-text-color has-link-color wp-elements-5a4d4e7b16cdb21f05469acdf2368671 is-layout-flow wp-block-column-is-layout-flow\" style=\"color:#a1a1a1;padding-top:0;padding-bottom:0;font-size:15px;font-style:normal;font-weight:100;flex-basis:100%\"><div class=\"aioseo-breadcrumbs\"><span class=\"aioseo-breadcrumb\">\n\t\t\t<a href=\"https:\/\/academiespatiale.fr\" title=\"Home\">Home<\/a>\n\t\t<\/span><span class=\"aioseo-breadcrumb-separator\">&raquo;<\/span><span class=\"aioseo-breadcrumb\">\n\t\t\t<a href=\"https:\/\/academiespatiale.fr\/index.php\/category\/evenements\/\" title=\"\u00c9v\u00e8nements\">\u00c9v\u00e8nements<\/a>\n\t\t<\/span><span class=\"aioseo-breadcrumb-separator\">&raquo;<\/span><span class=\"aioseo-breadcrumb\">\n\t\t\t<a href=\"https:\/\/academiespatiale.fr\/index.php\/category\/evenements\/communaute\/\" title=\"Communaut\u00e9\">Communaut\u00e9<\/a>\n\t\t<\/span><span class=\"aioseo-breadcrumb-separator\">&raquo;<\/span><span class=\"aioseo-breadcrumb\">\n\t\t\tBienvenue aux \u00e9tudiant\u00b7es financ\u00e9\u00b7es par l\u2019Acad\u00e9mie Spatiale IDF\n\t\t<\/span><\/div><\/div>\n<\/div>\n\n\n\n<p><strong>Jeudi 6 novembre 2025, s&rsquo;est tenu la r\u00e9union d&rsquo;accueil des \u00e9tudiantes et \u00e9tudiants financ\u00e9es par l&rsquo;Acad\u00e9mie Spatiale d&rsquo;\u00ceDF. Sous forme de webinaires conduit en anglais afin d&rsquo;inclure les participant\u00b7es anglophones, cette r\u00e9union a marqu\u00e9 la premi\u00e8re \u00e9tape d&rsquo;int\u00e9gration \u00e0 la communaut\u00e9 spatiale.<\/strong><\/p>\n\n\n\n<p><strong>Au total, 80 personnes ont r\u00e9pondu \u00e0 l&rsquo;appel : doctorant\u00b7es, alternant\u00b7es, \u00e9tudiant\u00b7es en mobilit\u00e9s et encadrant\u00b7es<\/strong>. Tous et toutes ont appr\u00e9ci\u00e9 la richesse des \u00e9changes et la diversit\u00e9 des profils et sujets abord\u00e9s, chacun\u00b7e ayant pris un temps pour se pr\u00e9senter bri\u00e8vement.<\/p>\n\n\n\n<div class=\"wp-block-columns is-layout-flex wp-container-core-columns-is-layout-28f84493 wp-block-columns-is-layout-flex\">\n<div class=\"wp-block-column is-layout-flow wp-block-column-is-layout-flow\" style=\"flex-basis:50%\">\n<figure class=\"wp-block-image size-large\"><img loading=\"lazy\" decoding=\"async\" width=\"959\" height=\"1024\" src=\"https:\/\/academiespatiale.fr\/wp-content\/uploads\/2025\/11\/image-7-959x1024.png\" alt=\"\" class=\"wp-image-6345\" style=\"aspect-ratio:2\/3;object-fit:cover\" srcset=\"https:\/\/academiespatiale.fr\/wp-content\/uploads\/2025\/11\/image-7-959x1024.png 959w, https:\/\/academiespatiale.fr\/wp-content\/uploads\/2025\/11\/image-7-281x300.png 281w, https:\/\/academiespatiale.fr\/wp-content\/uploads\/2025\/11\/image-7-768x820.png 768w, https:\/\/academiespatiale.fr\/wp-content\/uploads\/2025\/11\/image-7.png 1171w\" sizes=\"auto, (max-width: 959px) 100vw, 959px\" \/><\/figure>\n<\/div>\n\n\n\n<div class=\"wp-block-column is-layout-flow wp-block-column-is-layout-flow\" style=\"flex-basis:50%\">\n<figure class=\"wp-block-image size-large\"><img loading=\"lazy\" decoding=\"async\" width=\"1024\" height=\"681\" src=\"https:\/\/academiespatiale.fr\/wp-content\/uploads\/2025\/11\/Univ.Paris-Saclay-GSChimieGeosciences-O52025CorinneHameau-202-1024x681.jpg\" alt=\"\" class=\"wp-image-6343\" style=\"aspect-ratio:3\/2;object-fit:cover\" srcset=\"https:\/\/academiespatiale.fr\/wp-content\/uploads\/2025\/11\/Univ.Paris-Saclay-GSChimieGeosciences-O52025CorinneHameau-202-1024x681.jpg 1024w, https:\/\/academiespatiale.fr\/wp-content\/uploads\/2025\/11\/Univ.Paris-Saclay-GSChimieGeosciences-O52025CorinneHameau-202-300x200.jpg 300w, https:\/\/academiespatiale.fr\/wp-content\/uploads\/2025\/11\/Univ.Paris-Saclay-GSChimieGeosciences-O52025CorinneHameau-202-768x511.jpg 768w, https:\/\/academiespatiale.fr\/wp-content\/uploads\/2025\/11\/Univ.Paris-Saclay-GSChimieGeosciences-O52025CorinneHameau-202-1536x1022.jpg 1536w, https:\/\/academiespatiale.fr\/wp-content\/uploads\/2025\/11\/Univ.Paris-Saclay-GSChimieGeosciences-O52025CorinneHameau-202-2048x1363.jpg 2048w, https:\/\/academiespatiale.fr\/wp-content\/uploads\/2025\/11\/Univ.Paris-Saclay-GSChimieGeosciences-O52025CorinneHameau-202-360x240.jpg 360w\" sizes=\"auto, (max-width: 1024px) 100vw, 1024px\" \/><\/figure>\n\n\n\n<p class=\"has-text-align-right has-small-font-size\">Photo de droite :<br>Graduate School Chimie et Geoscience 2025<\/p>\n\n\n\n<p class=\"has-small-font-size\">Photo de gauche :<br>Deux \u00e9toiles en formation active (Lynds 483), James webb telescope \u00a9 NASA \/ ESA \/ CSA \/ STScl<\/p>\n<\/div>\n<\/div>\n\n\n\n<p>Philippe Keckhut, directeur de l&rsquo;Acad\u00e9mie Spatiale d&rsquo;IDF, a rappel\u00e9 que les \u00e9tudiant\u00b7es pouvaient compter sur le soutien de l&rsquo;\u00e9quipe tout en \u00e9tant encourag\u00e9s \u00e0 s&rsquo;impliquer activement. Notamment en participant \u00e0 des salons, forums ou \u00e9v\u00e8nements li\u00e9s au spatiale, ou encore en partageant leur exp\u00e9rience avec d&rsquo;autres jeunes via la plateforme MyJobGlasses.<\/p>\n\n\n\n<p>Une charte des engagements, une liste des actions possibles et un formulaire de retour d&rsquo;exp\u00e9rience leur ont \u00e9t\u00e9 fourni en version bilingue.<\/p>\n\n\n\n<p>L&rsquo;Acad\u00e9mie Spatiale d&rsquo;\u00cele-de-France leur souhaite la bienvenue dans notre communaut\u00e9 et dans leur nouveau cycle de formation.<\/p>\n\n\n\n<p class=\"has-background-color-background-color has-background\">En savoir plus :<br>\u2192 <a href=\"https:\/\/academiespatiale.fr\/index.php\/my-job-glasses\/\">My Job Glasses &#8211; \u00e9tudiantes et \u00e9tudiants ambassadeurs<\/a><br>\u2192 <a href=\"https:\/\/academiespatiale.fr\/index.php\/a-propos\/egalite-des-chances\/\">\u00c9galit\u00e9 des chances<\/a><br>\u2192 <a href=\"https:\/\/academiespatiale.fr\/index.php\/ao\/\">Appels d\u2019offres th\u00e8ses, apprentissages et mobilit\u00e9s<\/a><\/p>\n","protected":false},"excerpt":{"rendered":"<p>Jeudi 6 novembre 2025, s&rsquo;est tenu la r\u00e9union d&rsquo;accueil des \u00e9tudiantes et \u00e9tudiants financ\u00e9es par l&rsquo;Acad\u00e9mie Spatiale d&rsquo;\u00ceDF. Sous forme de webinaires conduit en anglais afin d&rsquo;inclure les participant\u00b7es anglophones, cette r\u00e9union a marqu\u00e9 la premi\u00e8re \u00e9tape d&rsquo;int\u00e9gration \u00e0 la communaut\u00e9 spatiale. Au total, 80 personnes ont r\u00e9pondu \u00e0 l&rsquo;appel [&hellip;]<\/p>\n","protected":false},"author":1,"featured_media":6347,"comment_status":"closed","ping_status":"open","sticky":false,"template":"","format":"standard","meta":{"_monsterinsights_skip_tracking":false,"_monsterinsights_sitenote_active":false,"_monsterinsights_sitenote_note":"","_monsterinsights_sitenote_category":0,"_EventAllDay":false,"_EventTimezone":"","_EventStartDate":"","_EventEndDate":"","_EventStartDateUTC":"","_EventEndDateUTC":"","_EventShowMap":false,"_EventShowMapLink":false,"_EventURL":"","_EventCost":"","_EventCostDescription":"","_EventCurrencySymbol":"","_EventCurrencyCode":"","_EventCurrencyPosition":"","_EventDateTimeSeparator":"","_EventTimeRangeSeparator":"","_EventOrganizerID":[],"_EventVenueID":[],"_OrganizerEmail":"","_OrganizerPhone":"","_OrganizerWebsite":"","_VenueAddress":"","_VenueCity":"","_VenueCountry":"","_VenueProvince":"","_VenueState":"","_VenueZip":"","_VenuePhone":"","_VenueURL":"","_VenueStateProvince":"","_VenueLat":"","_VenueLng":"","_VenueShowMap":false,"_VenueShowMapLink":false,"footnotes":""},"categories":[8,5],"tags":[],"class_list":["post-6340","post","type-post","status-publish","format-standard","has-post-thumbnail","hentry","category-communaute","category-formation"],"aioseo_notices":[],"_links":{"self":[{"href":"https:\/\/academiespatiale.fr\/index.php\/wp-json\/wp\/v2\/posts\/6340","targetHints":{"allow":["GET"]}}],"collection":[{"href":"https:\/\/academiespatiale.fr\/index.php\/wp-json\/wp\/v2\/posts"}],"about":[{"href":"https:\/\/academiespatiale.fr\/index.php\/wp-json\/wp\/v2\/types\/post"}],"author":[{"embeddable":true,"href":"https:\/\/academiespatiale.fr\/index.php\/wp-json\/wp\/v2\/users\/1"}],"replies":[{"embeddable":true,"href":"https:\/\/academiespatiale.fr\/index.php\/wp-json\/wp\/v2\/comments?post=6340"}],"version-history":[{"count":4,"href":"https:\/\/academiespatiale.fr\/index.php\/wp-json\/wp\/v2\/posts\/6340\/revisions"}],"predecessor-version":[{"id":7302,"href":"https:\/\/academiespatiale.fr\/index.php\/wp-json\/wp\/v2\/posts\/6340\/revisions\/7302"}],"wp:featuredmedia":[{"embeddable":true,"href":"https:\/\/academiespatiale.fr\/index.php\/wp-json\/wp\/v2\/media\/6347"}],"wp:attachment":[{"href":"https:\/\/academiespatiale.fr\/index.php\/wp-json\/wp\/v2\/media?parent=6340"}],"wp:term":[{"taxonomy":"category","embeddable":true,"href":"https:\/\/academiespatiale.fr\/index.php\/wp-json\/wp\/v2\/categories?post=6340"},{"taxonomy":"post_tag","embeddable":true,"href":"https:\/\/academiespatiale.fr\/index.php\/wp-json\/wp\/v2\/tags?post=6340"}],"curies":[{"name":"wp","href":"https:\/\/api.w.org\/{rel}","templated":true}]}}