{"id":6306,"date":"2025-11-07T11:44:15","date_gmt":"2025-11-07T10:44:15","guid":{"rendered":"https:\/\/academiespatiale.fr\/?p=6306"},"modified":"2025-12-19T18:21:50","modified_gmt":"2025-12-19T17:21:50","slug":"forum-les-metiers-de-demain","status":"publish","type":"post","link":"https:\/\/academiespatiale.fr\/index.php\/2025\/11\/07\/forum-les-metiers-de-demain\/","title":{"rendered":"Forum &#8211; les m\u00e9tiers de demain"},"content":{"rendered":"\n<div class=\"wp-block-columns has-text-color has-link-color wp-elements-e673af4000d0b3c096a66b181f7b0bbd is-layout-flex wp-container-core-columns-is-layout-deb2fee4 wp-block-columns-is-layout-flex\" style=\"color:#b1b1b1;margin-top:-25px;margin-bottom:20px;padding-top:0;padding-right:0;padding-bottom:0;padding-left:0;font-size:15px\">\n<div class=\"wp-block-column has-text-color has-link-color wp-elements-5a4d4e7b16cdb21f05469acdf2368671 is-layout-flow wp-block-column-is-layout-flow\" style=\"color:#a1a1a1;padding-top:0;padding-bottom:0;font-size:15px;font-style:normal;font-weight:100;flex-basis:100%\"><div class=\"aioseo-breadcrumbs\"><span class=\"aioseo-breadcrumb\">\n\t\t\t<a href=\"https:\/\/academiespatiale.fr\" title=\"Home\">Home<\/a>\n\t\t<\/span><span class=\"aioseo-breadcrumb-separator\">&raquo;<\/span><span class=\"aioseo-breadcrumb\">\n\t\t\t<a href=\"https:\/\/academiespatiale.fr\/index.php\/category\/evenements\/\" title=\"\u00c9v\u00e8nements\">\u00c9v\u00e8nements<\/a>\n\t\t<\/span><span class=\"aioseo-breadcrumb-separator\">&raquo;<\/span><span class=\"aioseo-breadcrumb\">\n\t\t\t<a href=\"https:\/\/academiespatiale.fr\/index.php\/category\/evenements\/salon\/\" title=\"Salon\">Salon<\/a>\n\t\t<\/span><span class=\"aioseo-breadcrumb-separator\">&raquo;<\/span><span class=\"aioseo-breadcrumb\">\n\t\t\tForum \u2013 les m\u00e9tiers de demain\n\t\t<\/span><\/div><\/div>\n<\/div>\n\n\n\n<p>Tu t&rsquo;interroges sur ce que tu veux faire plus tard ? Viens rencontrer des professionnels, tester des animations et poser toutes tes questions sur les secteurs d\u2019avenir lors du forum&nbsp;\u00ab&nbsp;Les m\u00e9tiers de demain&nbsp;\u00bb de Cr\u00e9teil&nbsp;!<\/p>\n\n\n\n<hr class=\"wp-block-separator has-alpha-channel-opacity\"\/>\n\n\n\n<p class=\"has-text-align-center\">JEUDI 20 NOVEMBRE 2025<br><strong>Viens rencontrer l&rsquo;Acad\u00e9mie Spatiale \u2192 stand 24<\/strong><br>Matin\u00e9e r\u00e9serv\u00e9e aux scolaires : 9h30 &#8211; 12h30 | Tout public : 13h30 &#8211; 17h30<\/p>\n\n\n\n<p class=\"has-text-align-center\" style=\"font-size:15px\">Centre sportif Dassibat, 7, rue Fran\u00e7ois Mauriac, Cr\u00e9teil<br>Inscription gratuit sur place ou en ligne : <br><a href=\"https:\/\/my.weezevent.com\/forum-les-metiers-de-demain\" target=\"_blank\" rel=\"noopener\" title=\"\">&gt; inscription &lt;<\/a><\/p>\n\n\n\n<hr class=\"wp-block-separator has-alpha-channel-opacity\"\/>\n\n\n\n<figure class=\"wp-block-image size-large\"><img loading=\"lazy\" decoding=\"async\" width=\"1024\" height=\"538\" src=\"https:\/\/academiespatiale.fr\/wp-content\/uploads\/2025\/11\/paysage_forum-lmd-1024x538.png\" alt=\"\" class=\"wp-image-6307\" srcset=\"https:\/\/academiespatiale.fr\/wp-content\/uploads\/2025\/11\/paysage_forum-lmd-1024x538.png 1024w, https:\/\/academiespatiale.fr\/wp-content\/uploads\/2025\/11\/paysage_forum-lmd-300x158.png 300w, https:\/\/academiespatiale.fr\/wp-content\/uploads\/2025\/11\/paysage_forum-lmd-768x403.png 768w, https:\/\/academiespatiale.fr\/wp-content\/uploads\/2025\/11\/paysage_forum-lmd.png 1200w\" sizes=\"auto, (max-width: 1024px) 100vw, 1024px\" \/><\/figure>\n\n\n\n<div style=\"height:10px\" aria-hidden=\"true\" class=\"wp-block-spacer\"><\/div>\n\n\n\n<p>Le forum \u00ab Les m\u00e9tiers de demain \u00bb a \u00e9t\u00e9 con\u00e7u pour les jeunes de 14 \u00e0 20 ans afin de leur offrir l\u2019occasion d\u2019explorer diff\u00e9rentes pistes d\u2019orientation et de d\u00e9couvrir les m\u00e9tiers et secteurs d\u2019avenir. <\/p>\n\n\n\n<ul class=\"wp-block-list\">\n<li><strong>Stands pro<\/strong> : le lieu id\u00e9al pour discuter en direct avec des professionnels de la r\u00e9alit\u00e9 de leur m\u00e9tier, de leur parcours scolaire, le quotidien, etc.<\/li>\n\n\n\n<li><strong>Stands formation<\/strong> : informations sur les formations, les \u00e9tablissements, les d\u00e9bouch\u00e9es, les comp\u00e9tences et les moyens d&rsquo;acc\u00e8s. <\/li>\n\n\n\n<li><strong>Stands animation<\/strong> : sensibilisation \u00e0 la th\u00e9matique de l&rsquo;espace, d\u00e9couverte des m\u00e9tiers et nouvelles pratiques.<\/li>\n<\/ul>\n\n\n\n<p>Six secteurs \u00e0 explorer :<\/p>\n\n\n\n<ul class=\"wp-block-list\">\n<li>Num\u00e9rique : IA, informatique, et m\u00e9tiers de l&rsquo;espace\u2026<\/li>\n\n\n\n<li>Cr\u00e9ation : design, audiovisuel, communication\u2026<\/li>\n\n\n\n<li>Sant\u00e9 : soins, pr\u00e9vention, sport\u2026<\/li>\n\n\n\n<li>D\u00e9veloppement durable<\/li>\n\n\n\n<li>M\u00e9tiers de proximit\u00e9 : services \u00e0 la personne, commerce, artisanat\u2026<\/li>\n\n\n\n<li>Orientation : conseils et infos pratiques pour pr\u00e9parer ton avenir.<\/li>\n<\/ul>\n\n\n\n<p>Une journ\u00e9e pour t\u2019inspirer, \u00e9changer et trouver ta voie !<\/p>\n","protected":false},"excerpt":{"rendered":"<p>Tu t&rsquo;interroges sur ce que tu veux faire plus tard ? Viens rencontrer des professionnels, tester des animations et poser toutes tes questions sur les secteurs d\u2019avenir lors du forum&nbsp;\u00ab&nbsp;Les m\u00e9tiers de demain&nbsp;\u00bb de Cr\u00e9teil&nbsp;! JEUDI 20 NOVEMBRE 2025Viens rencontrer l&rsquo;Acad\u00e9mie Spatiale \u2192 stand 24Matin\u00e9e r\u00e9serv\u00e9e aux scolaires : 9h30 [&hellip;]<\/p>\n","protected":false},"author":1,"featured_media":6310,"comment_status":"closed","ping_status":"open","sticky":false,"template":"","format":"standard","meta":{"_monsterinsights_skip_tracking":false,"_monsterinsights_sitenote_active":false,"_monsterinsights_sitenote_note":"","_monsterinsights_sitenote_category":0,"_EventAllDay":false,"_EventTimezone":"","_EventStartDate":"","_EventEndDate":"","_EventStartDateUTC":"","_EventEndDateUTC":"","_EventShowMap":false,"_EventShowMapLink":false,"_EventURL":"","_EventCost":"","_EventCostDescription":"","_EventCurrencySymbol":"","_EventCurrencyCode":"","_EventCurrencyPosition":"","_EventDateTimeSeparator":"","_EventTimeRangeSeparator":"","_EventOrganizerID":[],"_EventVenueID":[],"_OrganizerEmail":"","_OrganizerPhone":"","_OrganizerWebsite":"","_VenueAddress":"","_VenueCity":"","_VenueCountry":"","_VenueProvince":"","_VenueState":"","_VenueZip":"","_VenuePhone":"","_VenueURL":"","_VenueStateProvince":"","_VenueLat":"","_VenueLng":"","_VenueShowMap":false,"_VenueShowMapLink":false,"footnotes":""},"categories":[14,37,28],"tags":[],"class_list":["post-6306","post","type-post","status-publish","format-standard","has-post-thumbnail","hentry","category-evenements","category-infos-orientation","category-salon"],"aioseo_notices":[],"_links":{"self":[{"href":"https:\/\/academiespatiale.fr\/index.php\/wp-json\/wp\/v2\/posts\/6306","targetHints":{"allow":["GET"]}}],"collection":[{"href":"https:\/\/academiespatiale.fr\/index.php\/wp-json\/wp\/v2\/posts"}],"about":[{"href":"https:\/\/academiespatiale.fr\/index.php\/wp-json\/wp\/v2\/types\/post"}],"author":[{"embeddable":true,"href":"https:\/\/academiespatiale.fr\/index.php\/wp-json\/wp\/v2\/users\/1"}],"replies":[{"embeddable":true,"href":"https:\/\/academiespatiale.fr\/index.php\/wp-json\/wp\/v2\/comments?post=6306"}],"version-history":[{"count":8,"href":"https:\/\/academiespatiale.fr\/index.php\/wp-json\/wp\/v2\/posts\/6306\/revisions"}],"predecessor-version":[{"id":7300,"href":"https:\/\/academiespatiale.fr\/index.php\/wp-json\/wp\/v2\/posts\/6306\/revisions\/7300"}],"wp:featuredmedia":[{"embeddable":true,"href":"https:\/\/academiespatiale.fr\/index.php\/wp-json\/wp\/v2\/media\/6310"}],"wp:attachment":[{"href":"https:\/\/academiespatiale.fr\/index.php\/wp-json\/wp\/v2\/media?parent=6306"}],"wp:term":[{"taxonomy":"category","embeddable":true,"href":"https:\/\/academiespatiale.fr\/index.php\/wp-json\/wp\/v2\/categories?post=6306"},{"taxonomy":"post_tag","embeddable":true,"href":"https:\/\/academiespatiale.fr\/index.php\/wp-json\/wp\/v2\/tags?post=6306"}],"curies":[{"name":"wp","href":"https:\/\/api.w.org\/{rel}","templated":true}]}}