{"id":6019,"date":"2025-10-01T17:32:30","date_gmt":"2025-10-01T15:32:30","guid":{"rendered":"https:\/\/academiespatiale.fr\/?p=6019"},"modified":"2025-12-19T18:24:37","modified_gmt":"2025-12-19T17:24:37","slug":"communique-de-presse-hackathon-definspace-les-futurs-talents-du-spatial-saffrontent-a-mantes-pour-relever-les-defis-de-lespace","status":"publish","type":"post","link":"https:\/\/academiespatiale.fr\/index.php\/2025\/10\/01\/communique-de-presse-hackathon-definspace-les-futurs-talents-du-spatial-saffrontent-a-mantes-pour-relever-les-defis-de-lespace\/","title":{"rendered":"Communique de presse &#8211; Hackathon DefInSpace : Les futurs talents du spatial s&rsquo;affrontent \u00e0 Mantes pour relever les d\u00e9fis de l&rsquo;espace"},"content":{"rendered":"\n<div class=\"wp-block-columns has-text-color has-link-color wp-elements-e673af4000d0b3c096a66b181f7b0bbd is-layout-flex wp-container-core-columns-is-layout-deb2fee4 wp-block-columns-is-layout-flex\" style=\"color:#b1b1b1;margin-top:-25px;margin-bottom:20px;padding-top:0;padding-right:0;padding-bottom:0;padding-left:0;font-size:15px\">\n<div class=\"wp-block-column has-text-color has-link-color wp-elements-5a4d4e7b16cdb21f05469acdf2368671 is-layout-flow wp-block-column-is-layout-flow\" style=\"color:#a1a1a1;padding-top:0;padding-bottom:0;font-size:15px;font-style:normal;font-weight:100;flex-basis:100%\"><div class=\"aioseo-breadcrumbs\"><span class=\"aioseo-breadcrumb\">\n\t\t\t<a href=\"https:\/\/academiespatiale.fr\" title=\"Home\">Home<\/a>\n\t\t<\/span><span class=\"aioseo-breadcrumb-separator\">&raquo;<\/span><span class=\"aioseo-breadcrumb\">\n\t\t\t<a href=\"https:\/\/academiespatiale.fr\/index.php\/category\/formation\/\" title=\"Formation\">Formation<\/a>\n\t\t<\/span><span class=\"aioseo-breadcrumb-separator\">&raquo;<\/span><span class=\"aioseo-breadcrumb\">\n\t\t\t<a href=\"https:\/\/academiespatiale.fr\/index.php\/category\/formation\/challenge-co\/\" title=\"Challenge &amp; co.\">Challenge &amp; co.<\/a>\n\t\t<\/span><span class=\"aioseo-breadcrumb-separator\">&raquo;<\/span><span class=\"aioseo-breadcrumb\">\n\t\t\tCommunique de presse \u2013 Hackathon DefInSpace : Les futurs talents du spatial s\u2019affrontent \u00e0 Mantes pour relever les d\u00e9fis de l\u2019espace\n\t\t<\/span><\/div><\/div>\n<\/div>\n\n\n\n<p id=\"resume\"><strong>Le Hackathon DefInSpace 2025 est un \u00e9v\u00e8nement cr\u00e9\u00e9 par le Commandement de l\u2019Espace (CDE) dont l\u2019objectif est d\u2019imaginer des solutions pour la d\u00e9fense spatiale de demain. Pour sa 4e \u00e9dition, l\u2019\u00e9v\u00e8nement se d\u00e9roulera du vendredi 10 au samedi 11 octobre 2025 (nuit comprise) !<\/strong><\/p>\n\n\n\n<hr class=\"wp-block-separator has-alpha-channel-opacity\"\/>\n\n\n\n<div class=\"wp-block-columns is-layout-flex wp-container-core-columns-is-layout-28f84493 wp-block-columns-is-layout-flex\">\n<div class=\"wp-block-column is-layout-flow wp-block-column-is-layout-flow\">\n<p><strong>L\u2019\u00e9dition Yvelinoise se tiendra \u00e0 l&rsquo;IUT de Mantes-en-Yvelines (UVSQ), coorganis\u00e9e par l&rsquo;Acad\u00e9mie Spatiale d&rsquo;\u00cele-de-France.<\/strong> <\/p>\n\n\n\n<p>Pr\u00e8s de cent participants sont attendus. Ils b\u00e9n\u00e9ficieront de l\u2019encadrement et du soutien d\u2019une vingtaine de sp\u00e9cialistes universitaires et priv\u00e9s. Pour garantir leur confort, repas et zone de repos seront mis \u00e0 leur disposition sur le site.<\/p>\n<\/div>\n\n\n\n<div class=\"wp-block-column is-layout-flow wp-block-column-is-layout-flow\">\n<div data-wp-interactive=\"core\/file\" class=\"wp-block-file\"><object data-wp-bind--hidden=\"!state.hasPdfPreview\" hidden class=\"wp-block-file__embed\" data=\"https:\/\/academiespatiale.fr\/wp-content\/uploads\/2025\/10\/CP-Hackathon-DefinSpace-Mantes.pdf\" type=\"application\/pdf\" style=\"width:100%;height:270px\" aria-label=\"Contenu embarqu\u00e9 CP-Hackathon-DefinSpace-Mantes.\"><\/object><a id=\"wp-block-file--media-800ce81b-53e6-4b45-a390-db4916ccf9b0\" href=\"https:\/\/academiespatiale.fr\/wp-content\/uploads\/2025\/10\/CP-Hackathon-DefinSpace-Mantes.pdf\">CP-Hackathon-DefinSpace-Mantes<\/a><a href=\"https:\/\/academiespatiale.fr\/wp-content\/uploads\/2025\/10\/CP-Hackathon-DefinSpace-Mantes.pdf\" class=\"wp-block-file__button wp-element-button\" download aria-describedby=\"wp-block-file--media-800ce81b-53e6-4b45-a390-db4916ccf9b0\">T\u00e9l\u00e9charger<\/a><\/div>\n<\/div>\n<\/div>\n\n\n\n<div class=\"wp-block-columns is-layout-flex wp-container-core-columns-is-layout-28a27359 wp-block-columns-is-layout-flex\" style=\"border-width:1px;margin-top:var(--wp--preset--spacing--20);margin-bottom:var(--wp--preset--spacing--20);padding-top:var(--wp--preset--spacing--50);padding-right:var(--wp--preset--spacing--50);padding-bottom:var(--wp--preset--spacing--50);padding-left:var(--wp--preset--spacing--50)\">\n<div class=\"wp-block-column is-layout-flow wp-block-column-is-layout-flow\" style=\"flex-basis:66.66%\">\n<p>PRESSE <br>Les m\u00e9dias sont cordialement invit\u00e9s \u00e0 assister \u00e0 l&rsquo;\u00e9v\u00e9nement et \u00e0 rencontrer les participant\u00b7es, les organisateurs, les organisatrices et les partenaires. Une c\u00e9r\u00e9monie de remise des prix aura lieu le 11 octobre 2025 \u00e0 17h, en pr\u00e9sence de personnalit\u00e9s du secteur spatial.<\/p>\n<\/div>\n\n\n\n<div class=\"wp-block-column is-layout-flow wp-block-column-is-layout-flow\" style=\"font-size:15px;flex-basis:33.33%\">\n<p>CONTACT PRESSE<br><strong>Alice Gronier<br><\/strong><em>Charg\u00e9e de communication \u00e0 l&rsquo;Acad\u00e9mie Spatiale d&rsquo;IDF<\/em><br>alice.gronier@academiespatiale.fr<br>01 80 28 52 47<\/p>\n<\/div>\n<\/div>\n\n\n\n<div style=\"height:20px\" aria-hidden=\"true\" class=\"wp-block-spacer\"><\/div>\n\n\n\n<p class=\"has-background-color-background-color has-background\">Infos &amp; inscriptions <br>\u2192 <a href=\"https:\/\/academiespatiale.fr\/index.php\/hackathon-definspace-2025\/\">Hackathon DefInSpace 2025 \u2013 24h pour imaginer la d\u00e9fense spatiale de demain<\/a><\/p>\n\n\n\n<figure class=\"wp-block-image size-large\"><img loading=\"lazy\" decoding=\"async\" width=\"1024\" height=\"325\" src=\"https:\/\/academiespatiale.fr\/wp-content\/uploads\/2025\/08\/RS-DIS-Mantes-banniere-1024x325.jpg\" alt=\"\" class=\"wp-image-5719\" srcset=\"https:\/\/academiespatiale.fr\/wp-content\/uploads\/2025\/08\/RS-DIS-Mantes-banniere-1024x325.jpg 1024w, https:\/\/academiespatiale.fr\/wp-content\/uploads\/2025\/08\/RS-DIS-Mantes-banniere-300x95.jpg 300w, https:\/\/academiespatiale.fr\/wp-content\/uploads\/2025\/08\/RS-DIS-Mantes-banniere-768x244.jpg 768w, https:\/\/academiespatiale.fr\/wp-content\/uploads\/2025\/08\/RS-DIS-Mantes-banniere.jpg 1418w\" sizes=\"auto, (max-width: 1024px) 100vw, 1024px\" \/><\/figure>\n\n\n\n<div style=\"height:20px\" aria-hidden=\"true\" class=\"wp-block-spacer\"><\/div>\n\n\n\n<figure class=\"wp-block-image size-large\"><img loading=\"lazy\" decoding=\"async\" width=\"1024\" height=\"341\" src=\"https:\/\/academiespatiale.fr\/wp-content\/uploads\/2025\/08\/Hackathon-de-defense-spatiale-Sponsors-1024x341.jpg\" alt=\"\" class=\"wp-image-5803\" srcset=\"https:\/\/academiespatiale.fr\/wp-content\/uploads\/2025\/08\/Hackathon-de-defense-spatiale-Sponsors-1024x341.jpg 1024w, https:\/\/academiespatiale.fr\/wp-content\/uploads\/2025\/08\/Hackathon-de-defense-spatiale-Sponsors-300x100.jpg 300w, https:\/\/academiespatiale.fr\/wp-content\/uploads\/2025\/08\/Hackathon-de-defense-spatiale-Sponsors-768x256.jpg 768w, https:\/\/academiespatiale.fr\/wp-content\/uploads\/2025\/08\/Hackathon-de-defense-spatiale-Sponsors-1536x512.jpg 1536w, https:\/\/academiespatiale.fr\/wp-content\/uploads\/2025\/08\/Hackathon-de-defense-spatiale-Sponsors.jpg 1837w\" sizes=\"auto, (max-width: 1024px) 100vw, 1024px\" \/><\/figure>\n","protected":false},"excerpt":{"rendered":"<p>Le Hackathon DefInSpace 2025 est un \u00e9v\u00e8nement cr\u00e9\u00e9 par le Commandement de l\u2019Espace (CDE) dont l\u2019objectif est d\u2019imaginer des solutions pour la d\u00e9fense spatiale de demain. Pour sa 4e \u00e9dition, l\u2019\u00e9v\u00e8nement se d\u00e9roulera du vendredi 10 au samedi 11 octobre 2025 (nuit comprise) ! L\u2019\u00e9dition Yvelinoise se tiendra \u00e0 l&rsquo;IUT [&hellip;]<\/p>\n","protected":false},"author":1,"featured_media":6021,"comment_status":"closed","ping_status":"open","sticky":false,"template":"","format":"standard","meta":{"_monsterinsights_skip_tracking":false,"_monsterinsights_sitenote_active":false,"_monsterinsights_sitenote_note":"","_monsterinsights_sitenote_category":0,"_EventAllDay":false,"_EventTimezone":"","_EventStartDate":"","_EventEndDate":"","_EventStartDateUTC":"","_EventEndDateUTC":"","_EventShowMap":false,"_EventShowMapLink":false,"_EventURL":"","_EventCost":"","_EventCostDescription":"","_EventCurrencySymbol":"","_EventCurrencyCode":"","_EventCurrencyPosition":"","_EventDateTimeSeparator":"","_EventTimeRangeSeparator":"","_EventOrganizerID":[],"_EventVenueID":[],"_OrganizerEmail":"","_OrganizerPhone":"","_OrganizerWebsite":"","_VenueAddress":"","_VenueCity":"","_VenueCountry":"","_VenueProvince":"","_VenueState":"","_VenueZip":"","_VenuePhone":"","_VenueURL":"","_VenueStateProvince":"","_VenueLat":"","_VenueLng":"","_VenueShowMap":false,"_VenueShowMapLink":false,"footnotes":""},"categories":[31,5,7],"tags":[],"class_list":["post-6019","post","type-post","status-publish","format-standard","has-post-thumbnail","hentry","category-challenge-co","category-formation","category-presse"],"aioseo_notices":[],"_links":{"self":[{"href":"https:\/\/academiespatiale.fr\/index.php\/wp-json\/wp\/v2\/posts\/6019","targetHints":{"allow":["GET"]}}],"collection":[{"href":"https:\/\/academiespatiale.fr\/index.php\/wp-json\/wp\/v2\/posts"}],"about":[{"href":"https:\/\/academiespatiale.fr\/index.php\/wp-json\/wp\/v2\/types\/post"}],"author":[{"embeddable":true,"href":"https:\/\/academiespatiale.fr\/index.php\/wp-json\/wp\/v2\/users\/1"}],"replies":[{"embeddable":true,"href":"https:\/\/academiespatiale.fr\/index.php\/wp-json\/wp\/v2\/comments?post=6019"}],"version-history":[{"count":6,"href":"https:\/\/academiespatiale.fr\/index.php\/wp-json\/wp\/v2\/posts\/6019\/revisions"}],"predecessor-version":[{"id":7311,"href":"https:\/\/academiespatiale.fr\/index.php\/wp-json\/wp\/v2\/posts\/6019\/revisions\/7311"}],"wp:featuredmedia":[{"embeddable":true,"href":"https:\/\/academiespatiale.fr\/index.php\/wp-json\/wp\/v2\/media\/6021"}],"wp:attachment":[{"href":"https:\/\/academiespatiale.fr\/index.php\/wp-json\/wp\/v2\/media?parent=6019"}],"wp:term":[{"taxonomy":"category","embeddable":true,"href":"https:\/\/academiespatiale.fr\/index.php\/wp-json\/wp\/v2\/categories?post=6019"},{"taxonomy":"post_tag","embeddable":true,"href":"https:\/\/academiespatiale.fr\/index.php\/wp-json\/wp\/v2\/tags?post=6019"}],"curies":[{"name":"wp","href":"https:\/\/api.w.org\/{rel}","templated":true}]}}