{"id":5735,"date":"2025-09-19T17:13:34","date_gmt":"2025-09-19T15:13:34","guid":{"rendered":"https:\/\/academiespatiale.fr\/?p=5735"},"modified":"2025-12-19T18:24:56","modified_gmt":"2025-12-19T17:24:56","slug":"inscription-institut-detudes-de-geopolitique-appliquee-formation-en-ligne","status":"publish","type":"post","link":"https:\/\/academiespatiale.fr\/index.php\/2025\/09\/19\/inscription-institut-detudes-de-geopolitique-appliquee-formation-en-ligne\/","title":{"rendered":"[INSCRIPTION jusqu&rsquo;au 27 sept.] Institut d&rsquo;\u00c9tudes de G\u00e9opolitique Appliqu\u00e9e &#8211; formation en ligne"},"content":{"rendered":"\n<div class=\"wp-block-columns has-text-color has-link-color wp-elements-e673af4000d0b3c096a66b181f7b0bbd is-layout-flex wp-container-core-columns-is-layout-deb2fee4 wp-block-columns-is-layout-flex\" style=\"color:#b1b1b1;margin-top:-25px;margin-bottom:20px;padding-top:0;padding-right:0;padding-bottom:0;padding-left:0;font-size:15px\">\n<div class=\"wp-block-column has-text-color has-link-color wp-elements-5a4d4e7b16cdb21f05469acdf2368671 is-layout-flow wp-block-column-is-layout-flow\" style=\"color:#a1a1a1;padding-top:0;padding-bottom:0;font-size:15px;font-style:normal;font-weight:100;flex-basis:100%\"><div class=\"aioseo-breadcrumbs\"><span class=\"aioseo-breadcrumb\">\n\t\t\t<a href=\"https:\/\/academiespatiale.fr\" title=\"Home\">Home<\/a>\n\t\t<\/span><span class=\"aioseo-breadcrumb-separator\">&raquo;<\/span><span class=\"aioseo-breadcrumb\">\n\t\t\t<a href=\"https:\/\/academiespatiale.fr\/index.php\/category\/formation\/\" title=\"Formation\">Formation<\/a>\n\t\t<\/span><span class=\"aioseo-breadcrumb-separator\">&raquo;<\/span><span class=\"aioseo-breadcrumb\">\n\t\t\t[INSCRIPTION jusqu\u2019au 27 sept.] Institut d\u2019\u00c9tudes de G\u00e9opolitique Appliqu\u00e9e \u2013 formation en ligne\n\t\t<\/span><\/div><\/div>\n<\/div>\n\n\n\n<p><strong>L&rsquo;IEGA (Institut d&rsquo;\u00c9tudes de G\u00e9opolitique Appliqu\u00e9e) propose une formation sur les pratiques du renseignement \u00e0 sources ouvertes (OSINT) et du renseignement g\u00e9ospatial (GEOINT).<\/strong><\/p>\n\n\n\n<div class=\"wp-block-columns is-layout-flex wp-container-core-columns-is-layout-28f84493 wp-block-columns-is-layout-flex\">\n<div class=\"wp-block-column is-vertically-aligned-center is-layout-flow wp-block-column-is-layout-flow\">\n<p class=\"has-text-align-center\" style=\"font-size:15px\"><em>\u00c0 suivre en ligne, en direct et\/ou asynchrone<\/em><\/p>\n\n\n\n<p class=\"has-text-align-center\" style=\"font-size:15px\">TARIFS<br>\u00c9tudiants et personnes en recherche d&#8217;emploi : 90\u20ac<br>professionnel : 150\u20ac<br>Personne morale : 500\u20ac<\/p>\n<\/div>\n\n\n\n<div class=\"wp-block-column is-layout-flow wp-block-column-is-layout-flow\">\n<div data-wp-interactive=\"core\/file\" class=\"wp-block-file aligncenter\"><object data-wp-bind--hidden=\"!state.hasPdfPreview\" hidden class=\"wp-block-file__embed\" data=\"https:\/\/academiespatiale.fr\/wp-content\/uploads\/2025\/09\/Formation-OSINT-et-GEOINT-pratiques-du-renseignement.pdf.pdf\" type=\"application\/pdf\" style=\"width:100%;height:200px\" aria-label=\"Contenu embarqu\u00e9 Formation - OSINT et GEOINT  pratiques du renseignement.pdf.\"><\/object><a id=\"wp-block-file--media-0ed67eb1-21a1-42d8-b718-dcce9aec6e02\" href=\"https:\/\/academiespatiale.fr\/wp-content\/uploads\/2025\/09\/Formation-OSINT-et-GEOINT-pratiques-du-renseignement.pdf.pdf\">Formation &#8211; OSINT et GEOINT  pratiques du renseignement.pdf<\/a><a href=\"https:\/\/academiespatiale.fr\/wp-content\/uploads\/2025\/09\/Formation-OSINT-et-GEOINT-pratiques-du-renseignement.pdf.pdf\" class=\"wp-block-file__button wp-element-button\" download aria-describedby=\"wp-block-file--media-0ed67eb1-21a1-42d8-b718-dcce9aec6e02\">T\u00e9l\u00e9charger<\/a><\/div>\n<\/div>\n<\/div>\n\n\n\n<hr class=\"wp-block-separator has-alpha-channel-opacity\"\/>\n\n\n\n<p class=\"has-text-align-center\"><strong>&gt;&gt;&gt; Inscriptions ouvertes jusqu&rsquo;au 27 septembre 2025 inclus &lt;&lt;&lt;<\/strong><\/p>\n\n\n\n<hr class=\"wp-block-separator has-alpha-channel-opacity\"\/>\n\n\n\n<p>\u00c0 la crois\u00e9e de la g\u00e9opolitique, du droit, de la technologie et de la strat\u00e9gie, ce programme vise \u00e0 doter les auditeurs des fondements th\u00e9oriques, des m\u00e9thodes techniques et des outils analytiques indispensables pour ma\u00eetriser la collecte, l&rsquo;analyse et l&rsquo;exploitation du renseignement en sources ouvertes et des donn\u00e9es g\u00e9ospatiales.<\/p>\n\n\n\n<p>\u00c0 travers cinq modules, les auditeurs exploreront les cadres conceptuels et juridiques qui structurent l&rsquo;OSINT et le GEOINT, apprendront \u00e0 cartographier le monde \u00e0 partir d&rsquo;imagerie satellite et de donn\u00e9es g\u00e9olocalis\u00e9es et structureront une d\u00e9marche de recherche OSINT rigoureuse, \u00e9thique et performante. L&rsquo;articulation des donn\u00e9es ouvertes et g\u00e9ospatiales avec les logiques de puissance (\u00e9tatiques, \u00e9conomiques ou militaires) sera au c\u0153ur des enseignements, culminant dans un module final consacr\u00e9 \u00e0 une simulation de cellule d&rsquo;analyse. Cette approche pratique permettra de mettre en \u0153uvre les comp\u00e9tences acquises dans des conditions proches de la r\u00e9alit\u00e9 du terrain.<\/p>\n\n\n\n<ul class=\"wp-block-list\">\n<li>Module 1 &#8211; Fondements th\u00e9oriques et strat\u00e9giques de l&rsquo;OSINT et du GEOINT (1h30)<\/li>\n\n\n\n<li>Module 2 &#8211; Cartographier le monde : initiation \u00e0 l&rsquo;analyse g\u00e9ospatiale et aux donn\u00e9es satellites (1h30)<\/li>\n\n\n\n<li>Module 3 &#8211; OSINT et GEOINT en pratique : m\u00e9thode, outils et cha\u00eenes d&rsquo;analyse (1h30)<\/li>\n\n\n\n<li>Module 4 &#8211; OSINT et GEOINT au service de la puissance \u00e9tatique, \u00e9conomique et militaire (1h30)<\/li>\n\n\n\n<li>Module 5 &#8211; Cas pratiques et simulation de cellule d&rsquo;analyse GEOINT (1h30)<\/li>\n\n\n\n<li>Options \u00e0 la carte<\/li>\n<\/ul>\n\n\n\n<p class=\"has-background-color-background-color has-background\">Toutes les infos sur le site officiel de l&rsquo;IEGA<br><em>Publics concern\u00e9s, pr\u00e9-requis, modalit\u00e9s d&rsquo;\u00e9valutation, programme, etc.<br><\/em>\u2192 <a href=\"https:\/\/www.institut-ega.org\/formation-osint-geoint-pratiques-du-renseignement\/\">Formation &#8211; OSINT et GEOINT : pratiques du renseignement<\/a><\/p>\n\n\n\n<p><\/p>\n","protected":false},"excerpt":{"rendered":"<p>L&rsquo;IEGA (Institut d&rsquo;\u00c9tudes de G\u00e9opolitique Appliqu\u00e9e) propose une formation sur les pratiques du renseignement \u00e0 sources ouvertes (OSINT) et du renseignement g\u00e9ospatial (GEOINT). \u00c0 suivre en ligne, en direct et\/ou asynchrone TARIFS\u00c9tudiants et personnes en recherche d&#8217;emploi : 90\u20acprofessionnel : 150\u20acPersonne morale : 500\u20ac &gt;&gt;&gt; Inscriptions ouvertes jusqu&rsquo;au 27 septembre [&hellip;]<\/p>\n","protected":false},"author":1,"featured_media":5739,"comment_status":"closed","ping_status":"open","sticky":false,"template":"","format":"standard","meta":{"_monsterinsights_skip_tracking":false,"_monsterinsights_sitenote_active":false,"_monsterinsights_sitenote_note":"","_monsterinsights_sitenote_category":0,"_EventAllDay":false,"_EventTimezone":"","_EventStartDate":"","_EventEndDate":"","_EventStartDateUTC":"","_EventEndDateUTC":"","_EventShowMap":false,"_EventShowMapLink":false,"_EventURL":"","_EventCost":"","_EventCostDescription":"","_EventCurrencySymbol":"","_EventCurrencyCode":"","_EventCurrencyPosition":"","_EventDateTimeSeparator":"","_EventTimeRangeSeparator":"","_EventOrganizerID":[],"_EventVenueID":[],"_OrganizerEmail":"","_OrganizerPhone":"","_OrganizerWebsite":"","_VenueAddress":"","_VenueCity":"","_VenueCountry":"","_VenueProvince":"","_VenueState":"","_VenueZip":"","_VenuePhone":"","_VenueURL":"","_VenueStateProvince":"","_VenueLat":"","_VenueLng":"","_VenueShowMap":false,"_VenueShowMapLink":false,"footnotes":""},"categories":[5],"tags":[],"class_list":["post-5735","post","type-post","status-publish","format-standard","has-post-thumbnail","hentry","category-formation"],"aioseo_notices":[],"_links":{"self":[{"href":"https:\/\/academiespatiale.fr\/index.php\/wp-json\/wp\/v2\/posts\/5735","targetHints":{"allow":["GET"]}}],"collection":[{"href":"https:\/\/academiespatiale.fr\/index.php\/wp-json\/wp\/v2\/posts"}],"about":[{"href":"https:\/\/academiespatiale.fr\/index.php\/wp-json\/wp\/v2\/types\/post"}],"author":[{"embeddable":true,"href":"https:\/\/academiespatiale.fr\/index.php\/wp-json\/wp\/v2\/users\/1"}],"replies":[{"embeddable":true,"href":"https:\/\/academiespatiale.fr\/index.php\/wp-json\/wp\/v2\/comments?post=5735"}],"version-history":[{"count":6,"href":"https:\/\/academiespatiale.fr\/index.php\/wp-json\/wp\/v2\/posts\/5735\/revisions"}],"predecessor-version":[{"id":7313,"href":"https:\/\/academiespatiale.fr\/index.php\/wp-json\/wp\/v2\/posts\/5735\/revisions\/7313"}],"wp:featuredmedia":[{"embeddable":true,"href":"https:\/\/academiespatiale.fr\/index.php\/wp-json\/wp\/v2\/media\/5739"}],"wp:attachment":[{"href":"https:\/\/academiespatiale.fr\/index.php\/wp-json\/wp\/v2\/media?parent=5735"}],"wp:term":[{"taxonomy":"category","embeddable":true,"href":"https:\/\/academiespatiale.fr\/index.php\/wp-json\/wp\/v2\/categories?post=5735"},{"taxonomy":"post_tag","embeddable":true,"href":"https:\/\/academiespatiale.fr\/index.php\/wp-json\/wp\/v2\/tags?post=5735"}],"curies":[{"name":"wp","href":"https:\/\/api.w.org\/{rel}","templated":true}]}}