{"id":547,"date":"2024-04-12T14:42:22","date_gmt":"2024-04-12T12:42:22","guid":{"rendered":"https:\/\/academiespatiale.fr\/?p=547"},"modified":"2026-01-06T17:51:57","modified_gmt":"2026-01-06T16:51:57","slug":"invitation-anniversaire-des-40ans-du-dea-master-de-teledetection","status":"publish","type":"post","link":"https:\/\/academiespatiale.fr\/index.php\/2024\/04\/12\/invitation-anniversaire-des-40ans-du-dea-master-de-teledetection\/","title":{"rendered":"Invitation : anniversaire du Master de T\u00e9l\u00e9d\u00e9tection de Sorbonne Universit\u00e9"},"content":{"rendered":"\n<div class=\"wp-block-columns has-text-color has-link-color wp-elements-e673af4000d0b3c096a66b181f7b0bbd is-layout-flex wp-container-core-columns-is-layout-deb2fee4 wp-block-columns-is-layout-flex\" style=\"color:#b1b1b1;margin-top:-25px;margin-bottom:20px;padding-top:0;padding-right:0;padding-bottom:0;padding-left:0;font-size:15px\">\n<div class=\"wp-block-column has-text-color has-link-color wp-elements-5a4d4e7b16cdb21f05469acdf2368671 is-layout-flow wp-block-column-is-layout-flow\" style=\"color:#a1a1a1;padding-top:0;padding-bottom:0;font-size:15px;font-style:normal;font-weight:100;flex-basis:100%\"><div class=\"aioseo-breadcrumbs\"><span class=\"aioseo-breadcrumb\">\n\t\t\t<a href=\"https:\/\/academiespatiale.fr\" title=\"Home\">Home<\/a>\n\t\t<\/span><span class=\"aioseo-breadcrumb-separator\">&raquo;<\/span><span class=\"aioseo-breadcrumb\">\n\t\t\t<a href=\"https:\/\/academiespatiale.fr\/index.php\/category\/evenements\/\" title=\"\u00c9v\u00e8nements\">\u00c9v\u00e8nements<\/a>\n\t\t<\/span><span class=\"aioseo-breadcrumb-separator\">&raquo;<\/span><span class=\"aioseo-breadcrumb\">\n\t\t\t<a href=\"https:\/\/academiespatiale.fr\/index.php\/category\/evenements\/communaute\/\" title=\"Communaut\u00e9\">Communaut\u00e9<\/a>\n\t\t<\/span><span class=\"aioseo-breadcrumb-separator\">&raquo;<\/span><span class=\"aioseo-breadcrumb\">\n\t\t\tInvitation : anniversaire du Master de T\u00e9l\u00e9d\u00e9tection de Sorbonne Universit\u00e9\n\t\t<\/span><\/div><\/div>\n<\/div>\n\n\n\n<div class=\"wp-block-media-text has-media-on-the-right is-stacked-on-mobile\"><div class=\"wp-block-media-text__content\">\n<p>Nous avons le plaisir de vous inviter \u00e0 f\u00eater ensemble les 40 ans du DEA\/Master de T\u00e9l\u00e9d\u00e9tection de Paris.<\/p>\n\n\n\n<hr class=\"wp-block-separator has-alpha-channel-opacity\"\/>\n\n\n\n<p><strong>Jeudi 23 mai 2024 \u00e0 partir de 14h<\/strong><\/p>\n\n\n\n<p>Amphi Charpak <br>Tour 22-23 \/ Patio 22-33 RDC<br>Campus Pierre et Marie Curie<br>Sorbonne Universit\u00e9<\/p>\n\n\n\n<hr class=\"wp-block-separator has-alpha-channel-opacity\"\/>\n\n\n\n<p class=\"has-small-font-size\">Si vous souhaitez participer \u00e0 cet \u00e9v\u00e8nement, merci de remplir le formulaire d&rsquo;inscription suivant :<br><a href=\"https:\/\/lnkd.in\/eDRTanG5\" target=\"_blank\" rel=\"noopener\" title=\"\">https:\/\/lnkd.in\/eDRTanG5<\/a><\/p>\n<\/div><figure class=\"wp-block-media-text__media\"><a href=\"https:\/\/lnkd.in\/eDRTanG5\" target=\"_blank\" rel=\"noreferrer noopener\"><img loading=\"lazy\" decoding=\"async\" width=\"628\" height=\"892\" src=\"https:\/\/academiespatiale.fr\/wp-content\/uploads\/2024\/04\/40ans-master-teledetection.jpg\" alt=\"\" class=\"wp-image-549 size-full\" srcset=\"https:\/\/academiespatiale.fr\/wp-content\/uploads\/2024\/04\/40ans-master-teledetection.jpg 628w, https:\/\/academiespatiale.fr\/wp-content\/uploads\/2024\/04\/40ans-master-teledetection-211x300.jpg 211w\" sizes=\"auto, (max-width: 628px) 100vw, 628px\" \/><\/a><\/figure><\/div>\n\n\n\n<h2 class=\"wp-block-heading\">Programme<\/h2>\n\n\n\n<figure class=\"wp-block-table is-style-regular o-sticky o-sticky-scope-main-area o-sticky-pos-top o-sticky-bhvr-keep\"><table><tbody><tr><td>14h00 &#8211; 14h10<\/td><td>Introduction<\/td><\/tr><tr><td>14h10 &#8211; 14h45<\/td><td>Pr\u00e9sentation du master<br>   &#8211; Le master de t\u00e9l\u00e9d\u00e9tection en chiffres et en images<br>   &#8211; L&rsquo;histoire du master par ses anciens responsables<br>   &#8211; Les liens avec les institutions (CNES\/CNRS\/IGN)<\/td><\/tr><tr><td>14h45 &#8211; 16h30<\/td><td>T\u00e9moignages d&rsquo;anciens \u00e9tudiants<br>   &#8211; La d\u00e9cennie 1983-1993<br>   &#8211; La d\u00e9cennie 1993-2003<br>   &#8211; La d\u00e9cennie 2003-2013<br>   &#8211; La d\u00e9cennie 2013-2023<br>Et si on imaginait le master dans 15 ans ?<\/td><\/tr><tr><td>16h30 &#8211; 17h15<\/td><td>Pause caf\u00e9<\/td><\/tr><tr><td>17h15 &#8211; 18h45<\/td><td>Table ronde sur les d\u00e9fis de l&rsquo;observation spatiale pour les prochaines d\u00e9cennies :<br>   &#8211; Futur de la t\u00e9l\u00e9d\u00e9tection<br>   &#8211; R\u00e9volution du Big Data et de l&rsquo;IA<br>   &#8211; New Space<br>   &#8211; D\u00e9bris spatiaux<\/td><\/tr><tr><td>19h00 &#8211; 21h30<\/td><td>Cocktail d\u00eenatoire &#8211; Salle panoramique de la Tour Zamansky <br>(sur inscription uniquement)<\/td><\/tr><\/tbody><\/table><\/figure>\n\n\n\n<hr class=\"wp-block-separator has-alpha-channel-opacity\"\/>\n\n\n\n<p class=\"has-background-color-background-color has-background\">Si vous souhaitez participer \u00e0 cet \u00e9v\u00e8nement, merci de remplir le formulaire d&rsquo;inscription suivant : <a href=\"https:\/\/lnkd.in\/eDRTanG5\" target=\"_blank\" rel=\"noopener\" title=\"\">https:\/\/lnkd.in\/eDRTanG5<\/a><\/p>\n\n\n\n<hr class=\"wp-block-separator has-alpha-channel-opacity\"\/>\n","protected":false},"excerpt":{"rendered":"<p>Programme 14h00 &#8211; 14h10 Introduction 14h10 &#8211; 14h45 Pr\u00e9sentation du master &#8211; Le master de t\u00e9l\u00e9d\u00e9tection en chiffres et en images &#8211; L&rsquo;histoire du master par ses anciens responsables &#8211; Les liens avec les institutions (CNES\/CNRS\/IGN) 14h45 &#8211; 16h30 T\u00e9moignages d&rsquo;anciens \u00e9tudiants &#8211; La d\u00e9cennie 1983-1993 &#8211; La d\u00e9cennie 1993-2003 [&hellip;]<\/p>\n","protected":false},"author":1,"featured_media":555,"comment_status":"closed","ping_status":"closed","sticky":false,"template":"","format":"standard","meta":{"_monsterinsights_skip_tracking":false,"_monsterinsights_sitenote_active":false,"_monsterinsights_sitenote_note":"","_monsterinsights_sitenote_category":0,"_EventAllDay":false,"_EventTimezone":"","_EventStartDate":"","_EventEndDate":"","_EventStartDateUTC":"","_EventEndDateUTC":"","_EventShowMap":false,"_EventShowMapLink":false,"_EventURL":"","_EventCost":"","_EventCostDescription":"","_EventCurrencySymbol":"","_EventCurrencyCode":"","_EventCurrencyPosition":"","_EventDateTimeSeparator":"","_EventTimeRangeSeparator":"","_EventOrganizerID":[],"_EventVenueID":[],"_OrganizerEmail":"","_OrganizerPhone":"","_OrganizerWebsite":"","_VenueAddress":"","_VenueCity":"","_VenueCountry":"","_VenueProvince":"","_VenueState":"","_VenueZip":"","_VenuePhone":"","_VenueURL":"","_VenueStateProvince":"","_VenueLat":"","_VenueLng":"","_VenueShowMap":false,"_VenueShowMapLink":false,"footnotes":""},"categories":[8,14],"tags":[],"class_list":["post-547","post","type-post","status-publish","format-standard","has-post-thumbnail","hentry","category-communaute","category-evenements"],"aioseo_notices":[],"_links":{"self":[{"href":"https:\/\/academiespatiale.fr\/index.php\/wp-json\/wp\/v2\/posts\/547","targetHints":{"allow":["GET"]}}],"collection":[{"href":"https:\/\/academiespatiale.fr\/index.php\/wp-json\/wp\/v2\/posts"}],"about":[{"href":"https:\/\/academiespatiale.fr\/index.php\/wp-json\/wp\/v2\/types\/post"}],"author":[{"embeddable":true,"href":"https:\/\/academiespatiale.fr\/index.php\/wp-json\/wp\/v2\/users\/1"}],"replies":[{"embeddable":true,"href":"https:\/\/academiespatiale.fr\/index.php\/wp-json\/wp\/v2\/comments?post=547"}],"version-history":[{"count":10,"href":"https:\/\/academiespatiale.fr\/index.php\/wp-json\/wp\/v2\/posts\/547\/revisions"}],"predecessor-version":[{"id":7454,"href":"https:\/\/academiespatiale.fr\/index.php\/wp-json\/wp\/v2\/posts\/547\/revisions\/7454"}],"wp:featuredmedia":[{"embeddable":true,"href":"https:\/\/academiespatiale.fr\/index.php\/wp-json\/wp\/v2\/media\/555"}],"wp:attachment":[{"href":"https:\/\/academiespatiale.fr\/index.php\/wp-json\/wp\/v2\/media?parent=547"}],"wp:term":[{"taxonomy":"category","embeddable":true,"href":"https:\/\/academiespatiale.fr\/index.php\/wp-json\/wp\/v2\/categories?post=547"},{"taxonomy":"post_tag","embeddable":true,"href":"https:\/\/academiespatiale.fr\/index.php\/wp-json\/wp\/v2\/tags?post=547"}],"curies":[{"name":"wp","href":"https:\/\/api.w.org\/{rel}","templated":true}]}}