{"id":5115,"date":"2025-06-20T17:24:49","date_gmt":"2025-06-20T15:24:49","guid":{"rendered":"https:\/\/academiespatiale.fr\/?p=5115"},"modified":"2025-12-19T18:27:49","modified_gmt":"2025-12-19T17:27:49","slug":"master-sct-space-business-strategy-premiere-promo-diplomee","status":"publish","type":"post","link":"https:\/\/academiespatiale.fr\/index.php\/2025\/06\/20\/master-sct-space-business-strategy-premiere-promo-diplomee\/","title":{"rendered":"Master Sc&amp;T Space Business Strategy : la premi\u00e8re promo diplom\u00e9e !"},"content":{"rendered":"\n<div class=\"wp-block-columns has-text-color has-link-color wp-elements-e673af4000d0b3c096a66b181f7b0bbd is-layout-flex wp-container-core-columns-is-layout-deb2fee4 wp-block-columns-is-layout-flex\" style=\"color:#b1b1b1;margin-top:-25px;margin-bottom:20px;padding-top:0;padding-right:0;padding-bottom:0;padding-left:0;font-size:15px\">\n<div class=\"wp-block-column has-text-color has-link-color wp-elements-5a4d4e7b16cdb21f05469acdf2368671 is-layout-flow wp-block-column-is-layout-flow\" style=\"color:#a1a1a1;padding-top:0;padding-bottom:0;font-size:15px;font-style:normal;font-weight:100;flex-basis:100%\"><div class=\"aioseo-breadcrumbs\"><span class=\"aioseo-breadcrumb\">\n\t\t\t<a href=\"https:\/\/academiespatiale.fr\" title=\"Home\">Home<\/a>\n\t\t<\/span><span class=\"aioseo-breadcrumb-separator\">&raquo;<\/span><span class=\"aioseo-breadcrumb\">\n\t\t\t<a href=\"https:\/\/academiespatiale.fr\/index.php\/category\/formation\/\" title=\"Formation\">Formation<\/a>\n\t\t<\/span><span class=\"aioseo-breadcrumb-separator\">&raquo;<\/span><span class=\"aioseo-breadcrumb\">\n\t\t\tMaster Sc&amp;T Space Business Strategy : la premi\u00e8re promo diplom\u00e9e !\n\t\t<\/span><\/div><\/div>\n<\/div>\n\n\n\n<p><strong>C&rsquo;est officiel : la toute premi\u00e8re promo du Master Science &amp; Technology in Space Business Strategy a \u00e9t\u00e9 dipl\u00f4m\u00e9e !<\/strong><\/p>\n\n\n\n<figure class=\"wp-block-image size-large\"><img loading=\"lazy\" decoding=\"async\" width=\"1024\" height=\"576\" src=\"https:\/\/academiespatiale.fr\/wp-content\/uploads\/2025\/06\/Remise-diplome_Space-business-strategy_2025-1024x576.jpg\" alt=\"\" class=\"wp-image-5130\" srcset=\"https:\/\/academiespatiale.fr\/wp-content\/uploads\/2025\/06\/Remise-diplome_Space-business-strategy_2025-1024x576.jpg 1024w, https:\/\/academiespatiale.fr\/wp-content\/uploads\/2025\/06\/Remise-diplome_Space-business-strategy_2025-300x169.jpg 300w, https:\/\/academiespatiale.fr\/wp-content\/uploads\/2025\/06\/Remise-diplome_Space-business-strategy_2025-768x432.jpg 768w, https:\/\/academiespatiale.fr\/wp-content\/uploads\/2025\/06\/Remise-diplome_Space-business-strategy_2025-1536x864.jpg 1536w, https:\/\/academiespatiale.fr\/wp-content\/uploads\/2025\/06\/Remise-diplome_Space-business-strategy_2025.jpg 1643w\" sizes=\"auto, (max-width: 1024px) 100vw, 1024px\" \/><\/figure>\n\n\n\n<div style=\"height:20px\" aria-hidden=\"true\" class=\"wp-block-spacer\"><\/div>\n\n\n\n<p>Un moment fort ce vendredi 20 juin 2025, pour ce master qui vise \u00e0 associer des comp\u00e9tences techniques \u00e0 une solide vision des affaires, une compr\u00e9hension des comportements clients, et un esprit entrepreneurial. Autant d&rsquo;atouts essentiels au d\u00e9veloppement pr\u00e9sent et futur des organisations spatiales.<\/p>\n\n\n\n<p>F\u00e9licitations \u00e0 nos dipl\u00f4m\u00e9\u00b7es, pr\u00eat\u00b7es \u00e0 faire d\u00e9coller les organisations spatiales de demain !<\/p>\n\n\n\n<div class=\"wp-block-cover has-white-color has-text-color has-link-color wp-elements-91f2d76e440936838eabb1591dc3c260\"><span aria-hidden=\"true\" class=\"wp-block-cover__background has-background-dim-100 has-background-dim\" style=\"background-color:#003761\"><\/span><div class=\"wp-block-cover__inner-container is-layout-constrained wp-block-cover-is-layout-constrained\">\n<p class=\"has-text-align-center has-large-font-size\"><a href=\"https:\/\/www.centralesupelec.fr\/en\/msct-space-business-strategy-entrepreneurship-and-sustainability-design?tab=overview\" target=\"_blank\" rel=\"noopener\" title=\"\">Master Science &amp; Technology<br>in Space Business Strategy<\/a><\/p>\n\n\n\n<p>15 mois &#8211; Universit\u00e9 Paris-Saclay \/ UVSQ \/ CentraleSup\u00e9lec<br>Cours dispens\u00e9 en anglais<br><em>All courswork will be administered in English<\/em><\/p>\n\n\n\n<div class=\"wp-block-columns is-layout-flex wp-container-core-columns-is-layout-28f84493 wp-block-columns-is-layout-flex\">\n<div class=\"wp-block-column is-layout-flow wp-block-column-is-layout-flow\">\n<div data-wp-interactive=\"core\/file\" class=\"wp-block-file aligncenter\"><object data-wp-bind--hidden=\"!state.hasPdfPreview\" hidden class=\"wp-block-file__embed\" data=\"https:\/\/academiespatiale.fr\/wp-content\/uploads\/2025\/01\/Master-ScT_SBS_Space-Business-Strategy_CentraleSupelec_2024-2025.pdf\" type=\"application\/pdf\" style=\"width:100%;height:200px\" aria-label=\"Contenu embarqu\u00e9 Master-ScT_SBS_Space-Business-Strategy_CentraleSup\u00e9lec_2024-2025.\"><\/object><a id=\"wp-block-file--media-06b22cd9-a28f-4174-b8bd-abd0935ce123\" href=\"https:\/\/academiespatiale.fr\/wp-content\/uploads\/2025\/01\/Master-ScT_SBS_Space-Business-Strategy_CentraleSupelec_2024-2025.pdf\">Master-ScT_SBS_Space-Business-Strategy_CentraleSup\u00e9lec_2024-2025<\/a><a href=\"https:\/\/academiespatiale.fr\/wp-content\/uploads\/2025\/01\/Master-ScT_SBS_Space-Business-Strategy_CentraleSupelec_2024-2025.pdf\" class=\"wp-block-file__button wp-element-button\" download aria-describedby=\"wp-block-file--media-06b22cd9-a28f-4174-b8bd-abd0935ce123\">T\u00e9l\u00e9charger la brochure<\/a><\/div>\n<\/div>\n\n\n\n<div class=\"wp-block-column is-layout-flow wp-block-column-is-layout-flow\">\n<figure class=\"wp-block-image size-large\"><a href=\"https:\/\/www.centralesupelec.fr\/en\/msct-space-business-strategy-entrepreneurship-and-sustainability-design?tab=overview\" target=\"_blank\" rel=\" noreferrer noopener\"><img loading=\"lazy\" decoding=\"async\" width=\"720\" height=\"1024\" src=\"https:\/\/academiespatiale.fr\/wp-content\/uploads\/2025\/01\/Brochure-Space-business-strategy-720x1024.jpg\" alt=\"\" class=\"wp-image-2895\" style=\"aspect-ratio:16\/9;object-fit:cover\" srcset=\"https:\/\/academiespatiale.fr\/wp-content\/uploads\/2025\/01\/Brochure-Space-business-strategy-720x1024.jpg 720w, https:\/\/academiespatiale.fr\/wp-content\/uploads\/2025\/01\/Brochure-Space-business-strategy-211x300.jpg 211w, https:\/\/academiespatiale.fr\/wp-content\/uploads\/2025\/01\/Brochure-Space-business-strategy-768x1093.jpg 768w, https:\/\/academiespatiale.fr\/wp-content\/uploads\/2025\/01\/Brochure-Space-business-strategy.jpg 806w\" sizes=\"auto, (max-width: 720px) 100vw, 720px\" \/><\/a><\/figure>\n<\/div>\n<\/div>\n\n\n\n<hr class=\"wp-block-separator has-alpha-channel-opacity\"\/>\n\n\n\n<div style=\"height:20px\" aria-hidden=\"true\" class=\"wp-block-spacer\"><\/div>\n\n\n\n<p><strong>Plus d&rsquo;infos \u2192<\/strong> <a href=\"https:\/\/www.centralesupelec.fr\/en\/msct-space-business-strategy-entrepreneurship-and-sustainability-design?tab=overview\" target=\"_blank\" rel=\"noopener\" title=\"\">MSc&amp;T in Space Business Strategy<\/a><\/p>\n<\/div><\/div>\n","protected":false},"excerpt":{"rendered":"<p>C&rsquo;est officiel : la toute premi\u00e8re promo du Master Science &amp; Technology in Space Business Strategy a \u00e9t\u00e9 dipl\u00f4m\u00e9e ! Un moment fort ce vendredi 20 juin 2025, pour ce master qui vise \u00e0 associer des comp\u00e9tences techniques \u00e0 une solide vision des affaires, une compr\u00e9hension des comportements clients, et [&hellip;]<\/p>\n","protected":false},"author":1,"featured_media":5131,"comment_status":"closed","ping_status":"open","sticky":false,"template":"","format":"standard","meta":{"_monsterinsights_skip_tracking":false,"_monsterinsights_sitenote_active":false,"_monsterinsights_sitenote_note":"","_monsterinsights_sitenote_category":0,"_EventAllDay":false,"_EventTimezone":"","_EventStartDate":"","_EventEndDate":"","_EventStartDateUTC":"","_EventEndDateUTC":"","_EventShowMap":false,"_EventShowMapLink":false,"_EventURL":"","_EventCost":"","_EventCostDescription":"","_EventCurrencySymbol":"","_EventCurrencyCode":"","_EventCurrencyPosition":"","_EventDateTimeSeparator":"","_EventTimeRangeSeparator":"","_EventOrganizerID":[],"_EventVenueID":[],"_OrganizerEmail":"","_OrganizerPhone":"","_OrganizerWebsite":"","_VenueAddress":"","_VenueCity":"","_VenueCountry":"","_VenueProvince":"","_VenueState":"","_VenueZip":"","_VenuePhone":"","_VenueURL":"","_VenueStateProvince":"","_VenueLat":"","_VenueLng":"","_VenueShowMap":false,"_VenueShowMapLink":false,"footnotes":""},"categories":[5],"tags":[],"class_list":["post-5115","post","type-post","status-publish","format-standard","has-post-thumbnail","hentry","category-formation"],"aioseo_notices":[],"_links":{"self":[{"href":"https:\/\/academiespatiale.fr\/index.php\/wp-json\/wp\/v2\/posts\/5115","targetHints":{"allow":["GET"]}}],"collection":[{"href":"https:\/\/academiespatiale.fr\/index.php\/wp-json\/wp\/v2\/posts"}],"about":[{"href":"https:\/\/academiespatiale.fr\/index.php\/wp-json\/wp\/v2\/types\/post"}],"author":[{"embeddable":true,"href":"https:\/\/academiespatiale.fr\/index.php\/wp-json\/wp\/v2\/users\/1"}],"replies":[{"embeddable":true,"href":"https:\/\/academiespatiale.fr\/index.php\/wp-json\/wp\/v2\/comments?post=5115"}],"version-history":[{"count":9,"href":"https:\/\/academiespatiale.fr\/index.php\/wp-json\/wp\/v2\/posts\/5115\/revisions"}],"predecessor-version":[{"id":7322,"href":"https:\/\/academiespatiale.fr\/index.php\/wp-json\/wp\/v2\/posts\/5115\/revisions\/7322"}],"wp:featuredmedia":[{"embeddable":true,"href":"https:\/\/academiespatiale.fr\/index.php\/wp-json\/wp\/v2\/media\/5131"}],"wp:attachment":[{"href":"https:\/\/academiespatiale.fr\/index.php\/wp-json\/wp\/v2\/media?parent=5115"}],"wp:term":[{"taxonomy":"category","embeddable":true,"href":"https:\/\/academiespatiale.fr\/index.php\/wp-json\/wp\/v2\/categories?post=5115"},{"taxonomy":"post_tag","embeddable":true,"href":"https:\/\/academiespatiale.fr\/index.php\/wp-json\/wp\/v2\/tags?post=5115"}],"curies":[{"name":"wp","href":"https:\/\/api.w.org\/{rel}","templated":true}]}}