{"id":4963,"date":"2025-06-03T17:29:00","date_gmt":"2025-06-03T15:29:00","guid":{"rendered":"https:\/\/academiespatiale.fr\/?p=4963"},"modified":"2025-12-19T18:28:41","modified_gmt":"2025-12-19T17:28:41","slug":"premiere-selection-francaise-lyceenne-pour-les-olympiades-internationales-dastronomie-et-dastrophysique-communique-de-presse","status":"publish","type":"post","link":"https:\/\/academiespatiale.fr\/index.php\/2025\/06\/03\/premiere-selection-francaise-lyceenne-pour-les-olympiades-internationales-dastronomie-et-dastrophysique-communique-de-presse\/","title":{"rendered":"Premi\u00e8re s\u00e9lection fran\u00e7aise lyc\u00e9enne pour les Olympiades Internationales d&rsquo;Astronomie et d&rsquo;Astrophysique &#8211; communiqu\u00e9 de presse"},"content":{"rendered":"\n<div class=\"wp-block-columns has-text-color has-link-color wp-elements-e673af4000d0b3c096a66b181f7b0bbd is-layout-flex wp-container-core-columns-is-layout-deb2fee4 wp-block-columns-is-layout-flex\" style=\"color:#b1b1b1;margin-top:-25px;margin-bottom:20px;padding-top:0;padding-right:0;padding-bottom:0;padding-left:0;font-size:15px\">\n<div class=\"wp-block-column has-text-color has-link-color wp-elements-5a4d4e7b16cdb21f05469acdf2368671 is-layout-flow wp-block-column-is-layout-flow\" style=\"color:#a1a1a1;padding-top:0;padding-bottom:0;font-size:15px;font-style:normal;font-weight:100;flex-basis:100%\"><div class=\"aioseo-breadcrumbs\"><span class=\"aioseo-breadcrumb\">\n\t\t\t<a href=\"https:\/\/academiespatiale.fr\" title=\"Home\">Home<\/a>\n\t\t<\/span><span class=\"aioseo-breadcrumb-separator\">&raquo;<\/span><span class=\"aioseo-breadcrumb\">\n\t\t\t<a href=\"https:\/\/academiespatiale.fr\/index.php\/category\/formation\/\" title=\"Formation\">Formation<\/a>\n\t\t<\/span><span class=\"aioseo-breadcrumb-separator\">&raquo;<\/span><span class=\"aioseo-breadcrumb\">\n\t\t\t<a href=\"https:\/\/academiespatiale.fr\/index.php\/category\/formation\/challenge-co\/\" title=\"Challenge &amp; co.\">Challenge &amp; co.<\/a>\n\t\t<\/span><span class=\"aioseo-breadcrumb-separator\">&raquo;<\/span><span class=\"aioseo-breadcrumb\">\n\t\t\tPremi\u00e8re s\u00e9lection fran\u00e7aise lyc\u00e9enne pour les Olympiades Internationales d\u2019Astronomie et d\u2019Astrophysique \u2013 communiqu\u00e9 de presse\n\t\t<\/span><\/div><\/div>\n<\/div>\n\n\n\n<p><strong>Les Olympiades Internationales d\u2019Astronomie et d\u2019Astrophysique (IOAA) qui se tiendront cette ann\u00e9e en Inde, pour leur 18 \u00e8me \u00e9dition, vont accueillir la 1 \u00e8re \u00e9quipe fran\u00e7aise lyc\u00e9enne qui s\u2019est pr\u00e9par\u00e9e tout au long de l\u2019ann\u00e9e. Les deux s\u00e9lectionn\u00e9es viennent d\u2019\u00eatre annonc\u00e9es lors d\u2019une c\u00e9r\u00e9monie organis\u00e9e le lundi 2 juin \u00e0 l\u2019Institut d\u2019astrophysique spatiale (IAS &#8211; Univ. Paris-Saclay \/ CNRS).<\/strong><\/p>\n\n\n\n<p>L\u2019une est scolaris\u00e9e au Lyc\u00e9e de la Vall\u00e9e de Chevreuse \u00e0 Gif-sur-Yvette, l\u2019autre au Lyc\u00e9e Blaise Pascal d\u2019Orsay.<\/p>\n\n\n\n<p style=\"font-size:15px\"><em>The International Olympiad on Astronomy and Astrophysics (IOAA), which will be held this year in India for its 18th edition, will welcome the first French high school team, which has been preparing throughout the year. The two selected students were announced at a ceremony held on Monday, June 2, at the Institute of Space Astrophysics (IAS &#8211; Univ. Paris-Saclay \/ CNRS). One of them is a high school student at Lyc\u00e9e de la Vall\u00e9e de Chevreuse in Gif-sur-Yvette, and the other is a high school student at Lyc\u00e9e Blaise Pascal in Orsay.<\/em><\/p>\n\n\n\n<figure class=\"wp-block-image size-large\"><img loading=\"lazy\" decoding=\"async\" width=\"1024\" height=\"683\" src=\"https:\/\/academiespatiale.fr\/wp-content\/uploads\/2025\/06\/IAOO2025_Les-laureates--1024x683.jpg\" alt=\"\" class=\"wp-image-4964\" srcset=\"https:\/\/academiespatiale.fr\/wp-content\/uploads\/2025\/06\/IAOO2025_Les-laureates--1024x683.jpg 1024w, https:\/\/academiespatiale.fr\/wp-content\/uploads\/2025\/06\/IAOO2025_Les-laureates--300x200.jpg 300w, https:\/\/academiespatiale.fr\/wp-content\/uploads\/2025\/06\/IAOO2025_Les-laureates--768x512.jpg 768w, https:\/\/academiespatiale.fr\/wp-content\/uploads\/2025\/06\/IAOO2025_Les-laureates--1536x1024.jpg 1536w, https:\/\/academiespatiale.fr\/wp-content\/uploads\/2025\/06\/IAOO2025_Les-laureates--2048x1365.jpg 2048w, https:\/\/academiespatiale.fr\/wp-content\/uploads\/2025\/06\/IAOO2025_Les-laureates--360x240.jpg 360w\" sizes=\"auto, (max-width: 1024px) 100vw, 1024px\" \/><\/figure>\n\n\n\n<p>Depuis plus d\u2019un an, cette \u00e9quipe lyc\u00e9enne de l\u2019Essonne a travaill\u00e9 avec des enseignants de lyc\u00e9e, des \u00e9tudiant\u00b7es et des professeur\u00b7es de l\u2019universit\u00e9 pour les ouvrir \u00e0 l\u2019astrophysique, au spatial scientifique, ainsi qu\u2019\u00e0 une initiation \u00e0 l\u2019enseignement sup\u00e9rieur et \u00e0 la recherche. <\/p>\n\n\n\n<p>La pr\u00e9paration s\u2019est d\u00e9roul\u00e9e dans les locaux du laboratoire Institut d\u2019astrophysique spatiale d\u2019Orsay (IAS &#8211; Univ. Paris-Saclay \/ CNRS) et de l\u2019Observatoire des sciences de l\u2019univers de l\u2019Universit\u00e9 Paris-Saclay (OSUPS).<\/p>\n\n\n\n<p>D\u00e9roulement de la c\u00e9r\u00e9monie : <\/p>\n\n\n\n<ul class=\"wp-block-list\">\n<li>Deux conf\u00e9rences par <strong>Marc Ollivier<\/strong>, astronome, directeur de l&rsquo;IAS, et <strong>Anne Philippon<\/strong>, ing\u00e9nieur de recherche CNRS \u00e0 l&rsquo;IAS :\n<ul class=\"wp-block-list\">\n<li>Pourquoi observe-t-on depuis l&rsquo;espace ?, avec l&rsquo;exemple des exoplan\u00e8tes.<\/li>\n\n\n\n<li>D\u00e9veloppement d&rsquo;instrumentation spatiale, avec l&rsquo;exemple d&rsquo;Euclid.<\/li>\n<\/ul>\n<\/li>\n\n\n\n<li>D\u00e9monstration en direct du spare de la Calibration Unit de VIS\/Euclid.<\/li>\n\n\n\n<li>D\u00e9voilement des deux laur\u00e9ates par <strong>Sylvie Retailleau<\/strong>, ambassadrice de l&rsquo;Universit\u00e9 Paris-Saclay, ancienne ministre de l&rsquo;Enseignement et de la Recherche et <strong>Fr\u00e9d\u00e9ric Restagno<\/strong>, inspecteur g\u00e9n\u00e9ral de l&rsquo;\u00e9ducation, du sport et de la recherche IGESR.<\/li>\n<\/ul>\n\n\n\n<hr class=\"wp-block-separator has-alpha-channel-opacity\"\/>\n\n\n\n<h4 class=\"wp-block-heading has-text-align-center\">Communiqu\u00e9 de presse <\/h4>\n\n\n\n<div data-wp-interactive=\"core\/file\" class=\"wp-block-file\"><object data-wp-bind--hidden=\"!state.hasPdfPreview\" hidden class=\"wp-block-file__embed\" data=\"https:\/\/academiespatiale.fr\/wp-content\/uploads\/2025\/06\/CP-LUniversite-Paris-Saclay-annonce-la-1ere-selection-francaise-lyceenne-qui-participera-aux-Olympiades-Internationales-dAstronomie-et-dAstrophysique.pdf\" type=\"application\/pdf\" style=\"width:100%;height:600px\" aria-label=\"Contenu embarqu\u00e9 CP L&apos;Universite\u0301 Paris-Saclay annonce la 1e\u0300re se\u0301lection franc\u0327aise lyce\u0301enne qui participera aux Olympiades Internationales d&apos;Astronomie et d&apos;Astrophysique.\"><\/object><a id=\"wp-block-file--media-59561f66-ab42-487d-8567-7277af6f6888\" href=\"https:\/\/academiespatiale.fr\/wp-content\/uploads\/2025\/06\/CP-LUniversite-Paris-Saclay-annonce-la-1ere-selection-francaise-lyceenne-qui-participera-aux-Olympiades-Internationales-dAstronomie-et-dAstrophysique.pdf\">CP L&rsquo;Universite\u0301 Paris-Saclay annonce la 1e\u0300re se\u0301lection franc\u0327aise lyce\u0301enne qui participera aux Olympiades Internationales d&rsquo;Astronomie et d&rsquo;Astrophysique<\/a><a href=\"https:\/\/academiespatiale.fr\/wp-content\/uploads\/2025\/06\/CP-LUniversite-Paris-Saclay-annonce-la-1ere-selection-francaise-lyceenne-qui-participera-aux-Olympiades-Internationales-dAstronomie-et-dAstrophysique.pdf\" class=\"wp-block-file__button wp-element-button\" download aria-describedby=\"wp-block-file--media-59561f66-ab42-487d-8567-7277af6f6888\">T\u00e9l\u00e9charger<\/a><\/div>\n\n\n\n<p class=\"has-background-color-background-color has-background\">Universitaires : vous souhaitez former une \u00e9quipe de lyc\u00e9ennes et lyc\u00e9ens (terminale, 1ere) en lien avec vos lyc\u00e9es alentours l&rsquo;ann\u00e9e prochaine d\u00e8s le mois d&rsquo;octobre ? Contactez Herv\u00e9 Dole et\/ou Alain Cano ! Ils vous aiderons \u00e0 monter une \u00e9quipe, et organiserons la s\u00e9lection nationale vers Mai 2026.<\/p>\n\n\n\n<div class=\"wp-block-columns is-layout-flex wp-container-core-columns-is-layout-28f84493 wp-block-columns-is-layout-flex\">\n<div class=\"wp-block-column is-vertically-aligned-center is-layout-flow wp-block-column-is-layout-flow\">\n<p>Suivre l&rsquo;\u00e9quipe fran\u00e7aise : <br>\u2192 <a href=\"http:\/\/blog.ac-versailles.fr\/ioaa\/\" target=\"_blank\" rel=\"noopener\" title=\"\">Pr\u00e9paration fran\u00e7aise aux IOAA<\/a><br><br>Page officielle IOAA : <br>\u2192 <a href=\"https:\/\/ioaa2025.in\/\" target=\"_blank\" rel=\"noopener\" title=\"\">ioaa2025.in<\/a><\/p>\n<\/div>\n\n\n\n<div class=\"wp-block-column is-layout-flow wp-block-column-is-layout-flow\">\n<figure class=\"wp-block-image size-full\"><img loading=\"lazy\" decoding=\"async\" width=\"892\" height=\"1112\" src=\"https:\/\/academiespatiale.fr\/wp-content\/uploads\/2025\/05\/Affiche.png\" alt=\"\" class=\"wp-image-4789\" srcset=\"https:\/\/academiespatiale.fr\/wp-content\/uploads\/2025\/05\/Affiche.png 892w, https:\/\/academiespatiale.fr\/wp-content\/uploads\/2025\/05\/Affiche-241x300.png 241w, https:\/\/academiespatiale.fr\/wp-content\/uploads\/2025\/05\/Affiche-821x1024.png 821w\" sizes=\"auto, (max-width: 892px) 100vw, 892px\" \/><\/figure>\n<\/div>\n<\/div>\n\n\n\n<div style=\"height:30px\" aria-hidden=\"true\" class=\"wp-block-spacer\"><\/div>\n\n\n\n<hr class=\"wp-block-separator has-alpha-channel-opacity\"\/>\n\n\n<div class=\"wp-block-image\">\n<figure class=\"aligncenter size-large\"><img loading=\"lazy\" decoding=\"async\" width=\"1024\" height=\"89\" src=\"https:\/\/academiespatiale.fr\/wp-content\/uploads\/2025\/05\/IAOO_frise_logos2-1024x89.png\" alt=\"\" class=\"wp-image-4787\" srcset=\"https:\/\/academiespatiale.fr\/wp-content\/uploads\/2025\/05\/IAOO_frise_logos2-1024x89.png 1024w, https:\/\/academiespatiale.fr\/wp-content\/uploads\/2025\/05\/IAOO_frise_logos2-300x26.png 300w, https:\/\/academiespatiale.fr\/wp-content\/uploads\/2025\/05\/IAOO_frise_logos2-768x67.png 768w, https:\/\/academiespatiale.fr\/wp-content\/uploads\/2025\/05\/IAOO_frise_logos2-1536x134.png 1536w, https:\/\/academiespatiale.fr\/wp-content\/uploads\/2025\/05\/IAOO_frise_logos2.png 1942w\" sizes=\"auto, (max-width: 1024px) 100vw, 1024px\" \/><\/figure>\n<\/div>\n\n\n<div style=\"height:20px\" aria-hidden=\"true\" class=\"wp-block-spacer\"><\/div>\n\n\n\n<p><em>Cet projet est rendu possible notamment gr\u00e2ce \u00e0 l&rsquo;\u00e9quipe encadrante : <strong>Alain Cano<\/strong> (Lyc\u00e9e de la vall\u00e9e de Chevreuse) et le professeur <strong>Herv\u00e9 Dole<\/strong> (Univ. Paris-Saclay \/ IAS \/ OSUPS). Et est soutenu par la Fondation Universit\u00e9 Paris-Saclay, le CMA Acad\u00e9mie Spatiale d&rsquo;\u00cele-de-France et la Soci\u00e9t\u00e9 Astronomique de France, l&rsquo;Universit\u00e9 Paris-Saclay, l&rsquo;OSUPS et l&rsquo;IAS.<\/em><\/p>\n\n\n\n<ul class=\"wp-block-list\">\n<li><strong>Herv\u00e9 Dole<\/strong> : professeur des universit\u00e9s, astrophysicien \u00e0 l\u2019IAS, vice-pr\u00e9sident art, culture, science et soci\u00e9t\u00e9 de l\u2019Universit\u00e9 Paris-Saclay<\/li>\n\n\n\n<li><strong>Alain Cano<\/strong> : professeur de physique chimie au Lyc\u00e9e de la Vall\u00e9e de Chevreuse (91)<\/li>\n<\/ul>\n\n\n\n<div style=\"height:30px\" aria-hidden=\"true\" class=\"wp-block-spacer\"><\/div>\n","protected":false},"excerpt":{"rendered":"<p>Les Olympiades Internationales d\u2019Astronomie et d\u2019Astrophysique (IOAA) qui se tiendront cette ann\u00e9e en Inde, pour leur 18 \u00e8me \u00e9dition, vont accueillir la 1 \u00e8re \u00e9quipe fran\u00e7aise lyc\u00e9enne qui s\u2019est pr\u00e9par\u00e9e tout au long de l\u2019ann\u00e9e. Les deux s\u00e9lectionn\u00e9es viennent d\u2019\u00eatre annonc\u00e9es lors d\u2019une c\u00e9r\u00e9monie organis\u00e9e le lundi 2 juin \u00e0 [&hellip;]<\/p>\n","protected":false},"author":1,"featured_media":4969,"comment_status":"closed","ping_status":"open","sticky":false,"template":"","format":"standard","meta":{"_monsterinsights_skip_tracking":false,"_monsterinsights_sitenote_active":false,"_monsterinsights_sitenote_note":"","_monsterinsights_sitenote_category":0,"_EventAllDay":false,"_EventTimezone":"","_EventStartDate":"","_EventEndDate":"","_EventStartDateUTC":"","_EventEndDateUTC":"","_EventShowMap":false,"_EventShowMapLink":false,"_EventURL":"","_EventCost":"","_EventCostDescription":"","_EventCurrencySymbol":"","_EventCurrencyCode":"","_EventCurrencyPosition":"","_EventDateTimeSeparator":"","_EventTimeRangeSeparator":"","_EventOrganizerID":[],"_EventVenueID":[],"_OrganizerEmail":"","_OrganizerPhone":"","_OrganizerWebsite":"","_VenueAddress":"","_VenueCity":"","_VenueCountry":"","_VenueProvince":"","_VenueState":"","_VenueZip":"","_VenuePhone":"","_VenueURL":"","_VenueStateProvince":"","_VenueLat":"","_VenueLng":"","_VenueShowMap":false,"_VenueShowMapLink":false,"footnotes":""},"categories":[31,24,5,36,7],"tags":[],"class_list":["post-4963","post","type-post","status-publish","format-standard","has-post-thumbnail","hentry","category-challenge-co","category-egalite-chances","category-formation","category-international","category-presse"],"aioseo_notices":[],"_links":{"self":[{"href":"https:\/\/academiespatiale.fr\/index.php\/wp-json\/wp\/v2\/posts\/4963","targetHints":{"allow":["GET"]}}],"collection":[{"href":"https:\/\/academiespatiale.fr\/index.php\/wp-json\/wp\/v2\/posts"}],"about":[{"href":"https:\/\/academiespatiale.fr\/index.php\/wp-json\/wp\/v2\/types\/post"}],"author":[{"embeddable":true,"href":"https:\/\/academiespatiale.fr\/index.php\/wp-json\/wp\/v2\/users\/1"}],"replies":[{"embeddable":true,"href":"https:\/\/academiespatiale.fr\/index.php\/wp-json\/wp\/v2\/comments?post=4963"}],"version-history":[{"count":6,"href":"https:\/\/academiespatiale.fr\/index.php\/wp-json\/wp\/v2\/posts\/4963\/revisions"}],"predecessor-version":[{"id":7327,"href":"https:\/\/academiespatiale.fr\/index.php\/wp-json\/wp\/v2\/posts\/4963\/revisions\/7327"}],"wp:featuredmedia":[{"embeddable":true,"href":"https:\/\/academiespatiale.fr\/index.php\/wp-json\/wp\/v2\/media\/4969"}],"wp:attachment":[{"href":"https:\/\/academiespatiale.fr\/index.php\/wp-json\/wp\/v2\/media?parent=4963"}],"wp:term":[{"taxonomy":"category","embeddable":true,"href":"https:\/\/academiespatiale.fr\/index.php\/wp-json\/wp\/v2\/categories?post=4963"},{"taxonomy":"post_tag","embeddable":true,"href":"https:\/\/academiespatiale.fr\/index.php\/wp-json\/wp\/v2\/tags?post=4963"}],"curies":[{"name":"wp","href":"https:\/\/api.w.org\/{rel}","templated":true}]}}