{"id":4928,"date":"2025-05-30T15:06:41","date_gmt":"2025-05-30T13:06:41","guid":{"rendered":"https:\/\/academiespatiale.fr\/?p=4928"},"modified":"2025-12-19T18:29:02","modified_gmt":"2025-12-19T17:29:02","slug":"55e-salon-du-bourget-salon-international-de-laeronautique-et-de-lespace-siae","status":"publish","type":"post","link":"https:\/\/academiespatiale.fr\/index.php\/2025\/05\/30\/55e-salon-du-bourget-salon-international-de-laeronautique-et-de-lespace-siae\/","title":{"rendered":"55e Salon du Bourget &#8211; Salon International de l&rsquo;A\u00e9ronautique et de l&rsquo;Espace (SIAE)"},"content":{"rendered":"\n<div class=\"wp-block-columns has-text-color has-link-color wp-elements-e673af4000d0b3c096a66b181f7b0bbd is-layout-flex wp-container-core-columns-is-layout-deb2fee4 wp-block-columns-is-layout-flex\" style=\"color:#b1b1b1;margin-top:-25px;margin-bottom:20px;padding-top:0;padding-right:0;padding-bottom:0;padding-left:0;font-size:15px\">\n<div class=\"wp-block-column has-text-color has-link-color wp-elements-5a4d4e7b16cdb21f05469acdf2368671 is-layout-flow wp-block-column-is-layout-flow\" style=\"color:#a1a1a1;padding-top:0;padding-bottom:0;font-size:15px;font-style:normal;font-weight:100;flex-basis:100%\"><div class=\"aioseo-breadcrumbs\"><span class=\"aioseo-breadcrumb\">\n\t\t\t<a href=\"https:\/\/academiespatiale.fr\" title=\"Home\">Home<\/a>\n\t\t<\/span><span class=\"aioseo-breadcrumb-separator\">&raquo;<\/span><span class=\"aioseo-breadcrumb\">\n\t\t\t<a href=\"https:\/\/academiespatiale.fr\/index.php\/category\/evenements\/\" title=\"\u00c9v\u00e8nements\">\u00c9v\u00e8nements<\/a>\n\t\t<\/span><span class=\"aioseo-breadcrumb-separator\">&raquo;<\/span><span class=\"aioseo-breadcrumb\">\n\t\t\t<a href=\"https:\/\/academiespatiale.fr\/index.php\/category\/evenements\/salon\/\" title=\"Salon\">Salon<\/a>\n\t\t<\/span><span class=\"aioseo-breadcrumb-separator\">&raquo;<\/span><span class=\"aioseo-breadcrumb\">\n\t\t\t55e Salon du Bourget \u2013 Salon International de l\u2019A\u00e9ronautique et de l\u2019Espace (SIAE)\n\t\t<\/span><\/div><\/div>\n<\/div>\n\n\n\n<p>Depuis plus d\u2019un si\u00e8cle, le Salon International de l\u2019A\u00e9ronautique et de l\u2019Espace \u00e0 Paris Le Bourget est le lieu privil\u00e9gi\u00e9 des rencontres et des opportunit\u00e9s de l\u2019industrie a\u00e9rospatiale mondiale.<\/p>\n\n\n\n<p>Chaque nouvelle \u00e9dition promet d\u2019\u00eatre une \u00e9pop\u00e9e fascinante. Des pionniers intr\u00e9pides aux technologies de pointe, ce salon est le lieu o\u00f9 l\u2019innovation prend son envol, o\u00f9 les r\u00eaves d\u00e9collent et o\u00f9 le futur se dessine. Rejoignez-nous pour une semaine de d\u00e9couvertes, de partenariats et d\u2019exp\u00e9riences audacieuses.<\/p>\n\n\n\n<p style=\"font-size:15px\"><em>For more than a century, the International Paris Air Show at Le Bourget has been the premier venue for meetings and opportunities in the global aerospace industry. Each new edition promises to be a fascinating journey. From intrepid pioneers to cutting-edge technologies, this show is where innovation takes flight, dreams take off, and the future takes shape. Join us for a week of discoveries, partnerships, and daring experiences.<\/em><\/p>\n\n\n\n<p class=\"has-background-color-background-color has-background\">En savoir plus sur la pr\u00e9sence de l&rsquo;Acad\u00e9mie Spatiale au Salon du Bourget 2025<br><em>Learn more about the Space Academy&rsquo;s presence at the 2025 Paris Air Show<br><\/em>\u2192 <a href=\"https:\/\/academiespatiale.fr\/index.php\/2025\/06\/19\/lacademie-spatiale-au-siae-paris-le-bourget-2025\/\">L\u2019Acad\u00e9mie Spatiale au SIAE \u2013 Paris Le Bourget 2025 &#8211; Acad\u00e9mie Spatiale d&rsquo;\u00cele-de-France<\/a><\/p>\n\n\n\n<hr class=\"wp-block-separator has-alpha-channel-opacity\"\/>\n\n\n\n<p class=\"has-text-align-center\">La 55e \u00e9dition du Salon International de l\u2019A\u00e9ronautique et de l\u2019Espace&nbsp;se tiendra du&nbsp;lundi 16 au dimanche 22 juin 2025, de 8h30 \u00e0 18h00, pour l\u2019ensemble des visiteurs.<br><em>The 55th edition of the International Paris Air Show will be held from Monday, June 16 to Sunday, June 22, 2025, from 8:30 a.m. to 6:00 p.m. for all visitors.<\/em><\/p>\n\n\n\n<p class=\"has-text-align-center\">A\u00e9roport Paris-le Bourget<br>93350 Le Bourget, France<\/p>\n\n\n\n<p class=\"has-text-align-center\"><strong>Du lundi 16 au jeudi 19 juin :<\/strong>&nbsp;journ\u00e9es&nbsp;<strong>exclusivement r\u00e9serv\u00e9es aux professionnels<\/strong><br><em>Monday, June 16 to Thursday, June 19: days reserved exclusively for professionals<\/em><\/p>\n\n\n\n<p class=\"has-text-align-center\"><strong>Du vendredi 20 au dimanche 22 juin :<\/strong>&nbsp;ouverture&nbsp;<strong>au grand public<\/strong><br><em>Friday, June 20 to Sunday, June 22: open to the general public<\/em><\/p>\n\n\n\n<hr class=\"wp-block-separator has-alpha-channel-opacity\"\/>\n\n\n\n<figure class=\"wp-block-image size-large\"><img loading=\"lazy\" decoding=\"async\" width=\"1024\" height=\"485\" src=\"https:\/\/academiespatiale.fr\/wp-content\/uploads\/2025\/05\/SalonduBourget_2025_2-1-1024x485.jpg\" alt=\"\" class=\"wp-image-4930\" srcset=\"https:\/\/academiespatiale.fr\/wp-content\/uploads\/2025\/05\/SalonduBourget_2025_2-1-1024x485.jpg 1024w, https:\/\/academiespatiale.fr\/wp-content\/uploads\/2025\/05\/SalonduBourget_2025_2-1-300x142.jpg 300w, https:\/\/academiespatiale.fr\/wp-content\/uploads\/2025\/05\/SalonduBourget_2025_2-1-768x364.jpg 768w, https:\/\/academiespatiale.fr\/wp-content\/uploads\/2025\/05\/SalonduBourget_2025_2-1-1536x728.jpg 1536w, https:\/\/academiespatiale.fr\/wp-content\/uploads\/2025\/05\/SalonduBourget_2025_2-1.jpg 2000w\" sizes=\"auto, (max-width: 1024px) 100vw, 1024px\" \/><\/figure>\n\n\n\n<div style=\"height:20px\" aria-hidden=\"true\" class=\"wp-block-spacer\"><\/div>\n\n\n\n<div class=\"wp-block-columns is-layout-flex wp-container-core-columns-is-layout-28f84493 wp-block-columns-is-layout-flex\">\n<div class=\"wp-block-column is-vertically-aligned-center is-layout-flow wp-block-column-is-layout-flow\">\n<p class=\"has-text-align-right\">2 500 exposants issus de 48 pays<br>300 000 visiteurs<br>300 Start-ups issues de 21 pays<br>150 a\u00e9ronefs et 210 pr\u00e9sentations en vol<br>70 hectares de surfaces d&rsquo;exposition<\/p>\n<\/div>\n\n\n\n<div class=\"wp-block-column is-layout-flow wp-block-column-is-layout-flow\"><div class=\"wp-block-image\">\n<figure class=\"aligncenter size-large is-resized\"><img loading=\"lazy\" decoding=\"async\" width=\"1024\" height=\"438\" src=\"https:\/\/academiespatiale.fr\/wp-content\/uploads\/2025\/05\/SalonduBourget_2025_1-e1748609963216-1024x438.jpg\" alt=\"\" class=\"wp-image-4931\" style=\"width:402px;height:auto\" srcset=\"https:\/\/academiespatiale.fr\/wp-content\/uploads\/2025\/05\/SalonduBourget_2025_1-e1748609963216-1024x438.jpg 1024w, https:\/\/academiespatiale.fr\/wp-content\/uploads\/2025\/05\/SalonduBourget_2025_1-e1748609963216-300x128.jpg 300w, https:\/\/academiespatiale.fr\/wp-content\/uploads\/2025\/05\/SalonduBourget_2025_1-e1748609963216-768x329.jpg 768w, https:\/\/academiespatiale.fr\/wp-content\/uploads\/2025\/05\/SalonduBourget_2025_1-e1748609963216.jpg 1280w\" sizes=\"auto, (max-width: 1024px) 100vw, 1024px\" \/><\/figure>\n<\/div><\/div>\n<\/div>\n\n\n\n<p><em>2,500 exhibitors from 48 countries \/ 300,000 visitors  \/300 start-ups from 21 countries  \/150 aircraft and 210 flight demonstrations  \/70 hectares of exhibition space<\/em><\/p>\n\n\n\n<p class=\"has-background-color-background-color has-background\">Site officiel <em>\/ Official website<\/em><br>\u2192 <a href=\"https:\/\/www.siae.fr\/\" target=\"_blank\" rel=\"noopener\" title=\"\">Accueil &#8211; SIAE<\/a><br><br>BILLETERIE <em>\/ ticket office<\/em><br>\u2192 Pro : <a href=\"https:\/\/www.siae.fr\/visiteur-pro\/\">Visiteurs pro &#8211; SIAE<\/a><br>\u2192 Grand public : <a href=\"https:\/\/www.siae.fr\/billetterie\/\">Billetterie &#8211; SIAE<\/a><\/p>\n","protected":false},"excerpt":{"rendered":"<p>Depuis plus d\u2019un si\u00e8cle, le Salon International de l\u2019A\u00e9ronautique et de l\u2019Espace \u00e0 Paris Le Bourget est le lieu privil\u00e9gi\u00e9 des rencontres et des opportunit\u00e9s de l\u2019industrie a\u00e9rospatiale mondiale. Chaque nouvelle \u00e9dition promet d\u2019\u00eatre une \u00e9pop\u00e9e fascinante. Des pionniers intr\u00e9pides aux technologies de pointe, ce salon est le lieu o\u00f9 [&hellip;]<\/p>\n","protected":false},"author":1,"featured_media":4932,"comment_status":"closed","ping_status":"open","sticky":false,"template":"","format":"standard","meta":{"_monsterinsights_skip_tracking":false,"_monsterinsights_sitenote_active":false,"_monsterinsights_sitenote_note":"","_monsterinsights_sitenote_category":0,"_EventAllDay":false,"_EventTimezone":"","_EventStartDate":"","_EventEndDate":"","_EventStartDateUTC":"","_EventEndDateUTC":"","_EventShowMap":false,"_EventShowMapLink":false,"_EventURL":"","_EventCost":"","_EventCostDescription":"","_EventCurrencySymbol":"","_EventCurrencyCode":"","_EventCurrencyPosition":"","_EventDateTimeSeparator":"","_EventTimeRangeSeparator":"","_EventOrganizerID":[],"_EventVenueID":[],"_OrganizerEmail":"","_OrganizerPhone":"","_OrganizerWebsite":"","_VenueAddress":"","_VenueCity":"","_VenueCountry":"","_VenueProvince":"","_VenueState":"","_VenueZip":"","_VenuePhone":"","_VenueURL":"","_VenueStateProvince":"","_VenueLat":"","_VenueLng":"","_VenueShowMap":false,"_VenueShowMapLink":false,"footnotes":""},"categories":[14,33,37,36,28,35],"tags":[],"class_list":["post-4928","post","type-post","status-publish","format-standard","has-post-thumbnail","hentry","category-evenements","category-industrie","category-infos-orientation","category-international","category-salon","category-secteur-spatial"],"aioseo_notices":[],"_links":{"self":[{"href":"https:\/\/academiespatiale.fr\/index.php\/wp-json\/wp\/v2\/posts\/4928","targetHints":{"allow":["GET"]}}],"collection":[{"href":"https:\/\/academiespatiale.fr\/index.php\/wp-json\/wp\/v2\/posts"}],"about":[{"href":"https:\/\/academiespatiale.fr\/index.php\/wp-json\/wp\/v2\/types\/post"}],"author":[{"embeddable":true,"href":"https:\/\/academiespatiale.fr\/index.php\/wp-json\/wp\/v2\/users\/1"}],"replies":[{"embeddable":true,"href":"https:\/\/academiespatiale.fr\/index.php\/wp-json\/wp\/v2\/comments?post=4928"}],"version-history":[{"count":7,"href":"https:\/\/academiespatiale.fr\/index.php\/wp-json\/wp\/v2\/posts\/4928\/revisions"}],"predecessor-version":[{"id":7329,"href":"https:\/\/academiespatiale.fr\/index.php\/wp-json\/wp\/v2\/posts\/4928\/revisions\/7329"}],"wp:featuredmedia":[{"embeddable":true,"href":"https:\/\/academiespatiale.fr\/index.php\/wp-json\/wp\/v2\/media\/4932"}],"wp:attachment":[{"href":"https:\/\/academiespatiale.fr\/index.php\/wp-json\/wp\/v2\/media?parent=4928"}],"wp:term":[{"taxonomy":"category","embeddable":true,"href":"https:\/\/academiespatiale.fr\/index.php\/wp-json\/wp\/v2\/categories?post=4928"},{"taxonomy":"post_tag","embeddable":true,"href":"https:\/\/academiespatiale.fr\/index.php\/wp-json\/wp\/v2\/tags?post=4928"}],"curies":[{"name":"wp","href":"https:\/\/api.w.org\/{rel}","templated":true}]}}