{"id":4896,"date":"2025-05-30T11:43:35","date_gmt":"2025-05-30T09:43:35","guid":{"rendered":"https:\/\/academiespatiale.fr\/?p=4896"},"modified":"2025-12-19T18:29:23","modified_gmt":"2025-12-19T17:29:23","slug":"centenaire-de-la-disparition-de-lastronome-camille-flammarion-journees-flammarion","status":"publish","type":"post","link":"https:\/\/academiespatiale.fr\/index.php\/2025\/05\/30\/centenaire-de-la-disparition-de-lastronome-camille-flammarion-journees-flammarion\/","title":{"rendered":"Centenaire de la disparition de l\u2019astronome Camille Flammarion \u2013 Journ\u00e9es Flammarion"},"content":{"rendered":"\n<div class=\"wp-block-columns has-text-color has-link-color wp-elements-e673af4000d0b3c096a66b181f7b0bbd is-layout-flex wp-container-core-columns-is-layout-deb2fee4 wp-block-columns-is-layout-flex\" style=\"color:#b1b1b1;margin-top:-25px;margin-bottom:20px;padding-top:0;padding-right:0;padding-bottom:0;padding-left:0;font-size:15px\">\n<div class=\"wp-block-column has-text-color has-link-color wp-elements-5a4d4e7b16cdb21f05469acdf2368671 is-layout-flow wp-block-column-is-layout-flow\" style=\"color:#a1a1a1;padding-top:0;padding-bottom:0;font-size:15px;font-style:normal;font-weight:100;flex-basis:100%\"><div class=\"aioseo-breadcrumbs\"><span class=\"aioseo-breadcrumb\">\n\t\t\t<a href=\"https:\/\/academiespatiale.fr\" title=\"Home\">Home<\/a>\n\t\t<\/span><span class=\"aioseo-breadcrumb-separator\">&raquo;<\/span><span class=\"aioseo-breadcrumb\">\n\t\t\t<a href=\"https:\/\/academiespatiale.fr\/index.php\/category\/evenements\/\" title=\"\u00c9v\u00e8nements\">\u00c9v\u00e8nements<\/a>\n\t\t<\/span><span class=\"aioseo-breadcrumb-separator\">&raquo;<\/span><span class=\"aioseo-breadcrumb\">\n\t\t\tCentenaire de la disparition de l\u2019astronome Camille Flammarion \u2013 Journ\u00e9es Flammarion\n\t\t<\/span><\/div><\/div>\n<\/div>\n\n\n\n<p><strong>Camille Flammarion (1842-1925) a consacr\u00e9 sa vie \u00e0 l\u2019\u00e9tude et la diffusion des sciences et notamment l\u2019astronomie. Par son immense \u0153uvre, il a inspir\u00e9 et influenc\u00e9 des g\u00e9n\u00e9rations enti\u00e8res partout dans le monde.<\/strong><\/p>\n\n\n\n<p>L\u2019ann\u00e9e 2025 marque le centenaire de la disparition de Camille Flammarion. Pour c\u00e9l\u00e9brer son \u0153uvre il y aura des&nbsp;<a href=\"https:\/\/camille-flammarion.fr\/centenaire\/\" target=\"_blank\" rel=\"noreferrer noopener\">\u00e9v\u00e9nements<\/a>&nbsp;partout en France, des&nbsp;publications, une statue, un timbre et une m\u00e9daille.<\/p>\n\n\n\n<div class=\"wp-block-columns is-layout-flex wp-container-core-columns-is-layout-28f84493 wp-block-columns-is-layout-flex\">\n<div class=\"wp-block-column is-vertically-aligned-center is-layout-flow wp-block-column-is-layout-flow\">\n<hr class=\"wp-block-separator has-alpha-channel-opacity\"\/>\n\n\n\n<div style=\"height:10px\" aria-hidden=\"true\" class=\"wp-block-spacer\"><\/div>\n\n\n\n<p class=\"has-text-align-center\"><strong>Journ\u00e9es Camille Flammarion<\/strong><br><em>Visites, animations, inauguration, etc.<\/em><\/p>\n\n\n\n<p class=\"has-text-align-center\" style=\"text-transform:uppercase\">Samedi 7 et dimanche 8 juin 2025<br>10h &#8211; 18h<\/p>\n\n\n\n<p class=\"has-text-align-center\">Observatoire Camille Flammarion<br>32, avenur de la Cour de France<br>91260, Juvisy-sur-Orge<\/p>\n\n\n\n<hr class=\"wp-block-separator has-alpha-channel-opacity\"\/>\n<\/div>\n\n\n\n<div class=\"wp-block-column is-layout-flow wp-block-column-is-layout-flow\">\n<figure class=\"wp-block-image size-full\"><img loading=\"lazy\" decoding=\"async\" width=\"775\" height=\"777\" src=\"https:\/\/academiespatiale.fr\/wp-content\/uploads\/2025\/05\/100ans_Flammarion2.jpg\" alt=\"\" class=\"wp-image-4897\" srcset=\"https:\/\/academiespatiale.fr\/wp-content\/uploads\/2025\/05\/100ans_Flammarion2.jpg 775w, https:\/\/academiespatiale.fr\/wp-content\/uploads\/2025\/05\/100ans_Flammarion2-300x300.jpg 300w, https:\/\/academiespatiale.fr\/wp-content\/uploads\/2025\/05\/100ans_Flammarion2-150x150.jpg 150w, https:\/\/academiespatiale.fr\/wp-content\/uploads\/2025\/05\/100ans_Flammarion2-768x770.jpg 768w\" sizes=\"auto, (max-width: 775px) 100vw, 775px\" \/><\/figure>\n<\/div>\n<\/div>\n\n\n\n<p class=\"has-background-color-background-color has-background\">Ne manquez pas la soir\u00e9e hommage du jeudi 5 juin <br>\u2192 <a href=\"https:\/\/academiespatiale.fr\/index.php\/2025\/05\/30\/centenaire-de-la-disparition-de-lastronome-camille-flammarion-soiree-hommage\/\">Centenaire de la disparition de l\u2019astronome Camille Flammarion \u2013 Soir\u00e9e hommage &#8211; Acad\u00e9mie Spatiale d&rsquo;\u00cele-de-France<\/a><\/p>\n\n\n\n<p class=\"has-background-color-background-color has-background\">Plus d&rsquo;infos :<br>\u2192 <a href=\"https:\/\/camille-flammarion.fr\/journees-camille-flammarion\/\" target=\"_blank\" rel=\"noopener\" title=\"\">Journ\u00e9es Camille Flammarion \u2013 Camille Flammarion<\/a><br><br>Autres \u00e9v\u00e8nements autour du centenaire<br>\u2192 Page officielle :&nbsp;<a href=\"https:\/\/camille-flammarion.fr\/\" target=\"_blank\" rel=\"noreferrer noopener\">Camille Flammarion<\/a><br>\u2192 Publications :&nbsp;<a href=\"https:\/\/camille-flammarion.fr\/publications\/\" target=\"_blank\" rel=\"noreferrer noopener\">Publications \u2013 Camille Flammarion<\/a><br>\u2192 Tous les \u00e9v\u00e8nements :&nbsp;<a href=\"https:\/\/camille-flammarion.fr\/centenaire\/\" target=\"_blank\" rel=\"noreferrer noopener\">Centenaire \u2013 Camille Flammarion<\/a><\/p>\n\n\n\n<div style=\"height:20px\" aria-hidden=\"true\" class=\"wp-block-spacer\"><\/div>\n\n\n\n<h3 class=\"wp-block-heading has-text-align-center\">Programme<\/h3>\n\n\n\n<p><strong>Samedi 7 juin<\/strong><\/p>\n\n\n\n<ul class=\"wp-block-list\">\n<li>11h : Inauguration la&nbsp;<a href=\"https:\/\/camille-flammarion.fr\/\" target=\"_blank\" rel=\"noopener\" title=\"\">statue de Camille Flammarion<\/a>&nbsp;dans le parc de l\u2019observatoire<\/li>\n\n\n\n<li>11h30 : D\u00e9p\u00f4ts de gerbes et allocutions<\/li>\n<\/ul>\n\n\n\n<p><strong>Samedi 7 et dimanche 8 juin <br><\/strong>de 10h \u00e0 18h : <\/p>\n\n\n\n<ul class=\"wp-block-list\">\n<li>Visites guid\u00e9es toutes les 1\/2 heure de l\u2019<a href=\"https:\/\/camille-flammarion.fr\/observatoire\/\" target=\"_blank\" rel=\"noopener\" title=\"\">observatoire Camille Flammarion<\/a>&nbsp;et de son parc arbor\u00e9. R\u00e9servation sur place.<\/li>\n\n\n\n<li>\u00ab Observations d\u2019\u00e9poque \u00bb dans le parc, en redingote avec lunette ancienne et lectures de textes de Flammarion<\/li>\n<\/ul>\n\n\n\n<p><\/p>\n","protected":false},"excerpt":{"rendered":"<p>Camille Flammarion (1842-1925) a consacr\u00e9 sa vie \u00e0 l\u2019\u00e9tude et la diffusion des sciences et notamment l\u2019astronomie. Par son immense \u0153uvre, il a inspir\u00e9 et influenc\u00e9 des g\u00e9n\u00e9rations enti\u00e8res partout dans le monde. L\u2019ann\u00e9e 2025 marque le centenaire de la disparition de Camille Flammarion. Pour c\u00e9l\u00e9brer son \u0153uvre il y [&hellip;]<\/p>\n","protected":false},"author":1,"featured_media":4898,"comment_status":"closed","ping_status":"open","sticky":false,"template":"","format":"standard","meta":{"_monsterinsights_skip_tracking":false,"_monsterinsights_sitenote_active":false,"_monsterinsights_sitenote_note":"","_monsterinsights_sitenote_category":0,"_EventAllDay":false,"_EventTimezone":"","_EventStartDate":"","_EventEndDate":"","_EventStartDateUTC":"","_EventEndDateUTC":"","_EventShowMap":false,"_EventShowMapLink":false,"_EventURL":"","_EventCost":"","_EventCostDescription":"","_EventCurrencySymbol":"","_EventCurrencyCode":"","_EventCurrencyPosition":"","_EventDateTimeSeparator":"","_EventTimeRangeSeparator":"","_EventOrganizerID":[],"_EventVenueID":[],"_OrganizerEmail":"","_OrganizerPhone":"","_OrganizerWebsite":"","_VenueAddress":"","_VenueCity":"","_VenueCountry":"","_VenueProvince":"","_VenueState":"","_VenueZip":"","_VenuePhone":"","_VenueURL":"","_VenueStateProvince":"","_VenueLat":"","_VenueLng":"","_VenueShowMap":false,"_VenueShowMapLink":false,"footnotes":""},"categories":[14],"tags":[],"class_list":["post-4896","post","type-post","status-publish","format-standard","has-post-thumbnail","hentry","category-evenements"],"aioseo_notices":[],"_links":{"self":[{"href":"https:\/\/academiespatiale.fr\/index.php\/wp-json\/wp\/v2\/posts\/4896","targetHints":{"allow":["GET"]}}],"collection":[{"href":"https:\/\/academiespatiale.fr\/index.php\/wp-json\/wp\/v2\/posts"}],"about":[{"href":"https:\/\/academiespatiale.fr\/index.php\/wp-json\/wp\/v2\/types\/post"}],"author":[{"embeddable":true,"href":"https:\/\/academiespatiale.fr\/index.php\/wp-json\/wp\/v2\/users\/1"}],"replies":[{"embeddable":true,"href":"https:\/\/academiespatiale.fr\/index.php\/wp-json\/wp\/v2\/comments?post=4896"}],"version-history":[{"count":4,"href":"https:\/\/academiespatiale.fr\/index.php\/wp-json\/wp\/v2\/posts\/4896\/revisions"}],"predecessor-version":[{"id":7331,"href":"https:\/\/academiespatiale.fr\/index.php\/wp-json\/wp\/v2\/posts\/4896\/revisions\/7331"}],"wp:featuredmedia":[{"embeddable":true,"href":"https:\/\/academiespatiale.fr\/index.php\/wp-json\/wp\/v2\/media\/4898"}],"wp:attachment":[{"href":"https:\/\/academiespatiale.fr\/index.php\/wp-json\/wp\/v2\/media?parent=4896"}],"wp:term":[{"taxonomy":"category","embeddable":true,"href":"https:\/\/academiespatiale.fr\/index.php\/wp-json\/wp\/v2\/categories?post=4896"},{"taxonomy":"post_tag","embeddable":true,"href":"https:\/\/academiespatiale.fr\/index.php\/wp-json\/wp\/v2\/tags?post=4896"}],"curies":[{"name":"wp","href":"https:\/\/api.w.org\/{rel}","templated":true}]}}