{"id":4879,"date":"2025-05-30T11:10:11","date_gmt":"2025-05-30T09:10:11","guid":{"rendered":"https:\/\/academiespatiale.fr\/?p=4879"},"modified":"2026-01-06T14:50:39","modified_gmt":"2026-01-06T13:50:39","slug":"centenaire-de-la-disparition-de-lastronome-camille-flammarion-soiree-hommage","status":"publish","type":"post","link":"https:\/\/academiespatiale.fr\/index.php\/2025\/05\/30\/centenaire-de-la-disparition-de-lastronome-camille-flammarion-soiree-hommage\/","title":{"rendered":"Centenaire de la disparition de l&rsquo;astronome Camille Flammarion &#8211; Soir\u00e9e hommage"},"content":{"rendered":"\n<div class=\"wp-block-columns has-text-color has-link-color wp-elements-e673af4000d0b3c096a66b181f7b0bbd is-layout-flex wp-container-core-columns-is-layout-deb2fee4 wp-block-columns-is-layout-flex\" style=\"color:#b1b1b1;margin-top:-25px;margin-bottom:20px;padding-top:0;padding-right:0;padding-bottom:0;padding-left:0;font-size:15px\">\n<div class=\"wp-block-column has-text-color has-link-color wp-elements-5a4d4e7b16cdb21f05469acdf2368671 is-layout-flow wp-block-column-is-layout-flow\" style=\"color:#a1a1a1;padding-top:0;padding-bottom:0;font-size:15px;font-style:normal;font-weight:100;flex-basis:100%\"><div class=\"aioseo-breadcrumbs\"><span class=\"aioseo-breadcrumb\">\n\t\t\t<a href=\"https:\/\/academiespatiale.fr\" title=\"Home\">Home<\/a>\n\t\t<\/span><span class=\"aioseo-breadcrumb-separator\">&raquo;<\/span><span class=\"aioseo-breadcrumb\">\n\t\t\t<a href=\"https:\/\/academiespatiale.fr\/index.php\/category\/evenements\/\" title=\"\u00c9v\u00e8nements\">\u00c9v\u00e8nements<\/a>\n\t\t<\/span><span class=\"aioseo-breadcrumb-separator\">&raquo;<\/span><span class=\"aioseo-breadcrumb\">\n\t\t\tCentenaire de la disparition de l\u2019astronome Camille Flammarion \u2013 Soir\u00e9e hommage\n\t\t<\/span><\/div><\/div>\n<\/div>\n\n\n\n<p><strong>Camille Flammarion (1842-1925) a consacr\u00e9 sa vie \u00e0 l\u2019\u00e9tude et la diffusion des sciences et notamment l\u2019astronomie. Par son immense \u0153uvre, il a inspir\u00e9 et influenc\u00e9 des g\u00e9n\u00e9rations enti\u00e8res partout dans le monde.<\/strong><\/p>\n\n\n\n<p>L\u2019ann\u00e9e 2025 marque le centenaire de la disparition de Camille Flammarion. Pour c\u00e9l\u00e9brer son \u0153uvre il y aura des&nbsp;<a href=\"https:\/\/camille-flammarion.fr\/centenaire\/\" target=\"_blank\" rel=\"noopener\" title=\"\">\u00e9v\u00e9nements<\/a>&nbsp;partout en France, des&nbsp;publications, une statue, un timbre et une m\u00e9daille.<\/p>\n\n\n\n<div class=\"wp-block-columns is-layout-flex wp-container-core-columns-is-layout-28f84493 wp-block-columns-is-layout-flex\">\n<div class=\"wp-block-column is-vertically-aligned-center is-layout-flow wp-block-column-is-layout-flow\">\n<hr class=\"wp-block-separator has-alpha-channel-opacity\"\/>\n\n\n\n<div style=\"height:20px\" aria-hidden=\"true\" class=\"wp-block-spacer\"><\/div>\n\n\n\n<p class=\"has-text-align-center\"><strong>Grande soir\u00e9e en hommage au c\u00e9l\u00e8bre astronome Juvisien<\/strong><\/p>\n\n\n\n<p class=\"has-text-align-center\" style=\"text-transform:uppercase\"><strong>Jeudi 5 juin 2025 <br><\/strong>\u00e0 partir de 18 h<\/p>\n\n\n\n<p class=\"has-text-align-center\">Espace Jean Lur\u00e7at<br>place du Mar\u00e9chal Leclerc<br>91260 Juvisy-sur-Orge<\/p>\n\n\n\n<p class=\"has-text-align-center has-small-font-size\"><em>Entr\u00e9e libre et gratuite<\/em><br>(<em>dans la limite des places disponibles)<\/em><\/p>\n\n\n\n<hr class=\"wp-block-separator has-alpha-channel-opacity\"\/>\n<\/div>\n\n\n\n<div class=\"wp-block-column is-layout-flow wp-block-column-is-layout-flow\">\n<figure data-wp-context=\"{&quot;imageId&quot;:&quot;69f2acb3db696&quot;}\" data-wp-interactive=\"core\/image\" data-wp-key=\"69f2acb3db696\" class=\"wp-block-image size-large wp-lightbox-container\"><img loading=\"lazy\" decoding=\"async\" width=\"724\" height=\"1024\" data-wp-class--hide=\"state.isContentHidden\" data-wp-class--show=\"state.isContentVisible\" data-wp-init=\"callbacks.setButtonStyles\" data-wp-on--click=\"actions.showLightbox\" data-wp-on--load=\"callbacks.setButtonStyles\" data-wp-on-window--resize=\"callbacks.setButtonStyles\" src=\"https:\/\/academiespatiale.fr\/wp-content\/uploads\/2025\/05\/Affiche-Flammarion-2025-SAF-small-724x1024.jpg\" alt=\"\" class=\"wp-image-4880\" srcset=\"https:\/\/academiespatiale.fr\/wp-content\/uploads\/2025\/05\/Affiche-Flammarion-2025-SAF-small-724x1024.jpg 724w, https:\/\/academiespatiale.fr\/wp-content\/uploads\/2025\/05\/Affiche-Flammarion-2025-SAF-small-212x300.jpg 212w, https:\/\/academiespatiale.fr\/wp-content\/uploads\/2025\/05\/Affiche-Flammarion-2025-SAF-small-768x1087.jpg 768w, https:\/\/academiespatiale.fr\/wp-content\/uploads\/2025\/05\/Affiche-Flammarion-2025-SAF-small.jpg 1024w\" sizes=\"auto, (max-width: 724px) 100vw, 724px\" \/><button\n\t\t\tclass=\"lightbox-trigger\"\n\t\t\ttype=\"button\"\n\t\t\taria-haspopup=\"dialog\"\n\t\t\taria-label=\"Agrandir\"\n\t\t\tdata-wp-init=\"callbacks.initTriggerButton\"\n\t\t\tdata-wp-on--click=\"actions.showLightbox\"\n\t\t\tdata-wp-style--right=\"state.imageButtonRight\"\n\t\t\tdata-wp-style--top=\"state.imageButtonTop\"\n\t\t>\n\t\t\t<svg xmlns=\"http:\/\/www.w3.org\/2000\/svg\" width=\"12\" height=\"12\" fill=\"none\" viewBox=\"0 0 12 12\">\n\t\t\t\t<path fill=\"#fff\" d=\"M2 0a2 2 0 0 0-2 2v2h1.5V2a.5.5 0 0 1 .5-.5h2V0H2Zm2 10.5H2a.5.5 0 0 1-.5-.5V8H0v2a2 2 0 0 0 2 2h2v-1.5ZM8 12v-1.5h2a.5.5 0 0 0 .5-.5V8H12v2a2 2 0 0 1-2 2H8Zm2-12a2 2 0 0 1 2 2v2h-1.5V2a.5.5 0 0 0-.5-.5H8V0h2Z\" \/>\n\t\t\t<\/svg>\n\t\t<\/button><\/figure>\n<\/div>\n<\/div>\n\n\n\n<p>Une soir\u00e9e organis\u00e9e par la Soci\u00e9t\u00e9 Astronomique de France, sous le haut patronage de la ville de Juvisy-sur-Orge (91).<\/p>\n\n\n\n<p class=\"has-background-color-background-color has-background\">Ne manquez pas les journ\u00e9es Flammarion les 7 et 8 juin : visites, animations, inauguration, etc.<br>\u2192 <a href=\"https:\/\/academiespatiale.fr\/index.php\/2025\/05\/30\/centenaire-de-la-disparition-de-lastronome-camille-flammarion-journees-flammarion\/\">Centenaire de la disparition de l\u2019astronome Camille Flammarion \u2013 Journ\u00e9es Flammarion &#8211; Acad\u00e9mie Spatiale d&rsquo;\u00cele-de-France<\/a><\/p>\n\n\n\n<p class=\"has-background-color-background-color has-background\">Infos pratique :<br>\u2192 <a href=\"https:\/\/camille-flammarion.fr\/soiree-espace-lurcat\/\" target=\"_blank\" rel=\"noopener\" title=\"\">Soir\u00e9e espace Lur\u00e7at \u2013 Camille Flammarion<\/a><br><br>Autres \u00e9v\u00e8nements autour du centenaire<br>\u2192 Page officielle : <a href=\"https:\/\/camille-flammarion.fr\/\" target=\"_blank\" rel=\"noopener\" title=\"\">Camille Flammarion<\/a><br>\u2192 Publications : <a href=\"https:\/\/camille-flammarion.fr\/publications\/\" target=\"_blank\" rel=\"noopener\" title=\"\">Publications \u2013 Camille Flammarion<\/a><br>\u2192 Tous les \u00e9v\u00e8nements : <a href=\"https:\/\/camille-flammarion.fr\/centenaire\/\" target=\"_blank\" rel=\"noopener\" title=\"\">Centenaire \u2013 Camille Flammarion<\/a><\/p>\n\n\n\n<div style=\"height:20px\" aria-hidden=\"true\" class=\"wp-block-spacer\"><\/div>\n\n\n\n<h3 class=\"wp-block-heading has-text-align-center\">Programme<\/h3>\n\n\n\n<ul class=\"wp-block-list\">\n<li>18h00 : Inauguration de l&rsquo;exposition photographique<\/li>\n<\/ul>\n\n\n\n<ul class=\"wp-block-list\">\n<li>19h00 : Conf\u00e9rence de <strong>Fran\u00e7oise Combes<\/strong>, pr\u00e9sidente de l&rsquo;Acad\u00e9mie des sciences<\/li>\n<\/ul>\n\n\n\n<ul class=\"wp-block-list\">\n<li>20h00 : Table-ronde : \u00ab&nbsp;L&rsquo;astronomie d&rsquo;hier \u00e0 aujourd&rsquo;hui&nbsp;\u00bb\n<ul class=\"wp-block-list\">\n<li><strong>Fran\u00e7oise Combes<\/strong>, pr\u00e9sidente de l&rsquo;Acad\u00e9mie des sciences<\/li>\n\n\n\n<li><strong>Roland Lehoucq<\/strong>, astrophysicien au CEA Saclay<\/li>\n\n\n\n<li><strong>Jean-Philippe Uzan<\/strong>, astrophysicien \u00e0 l&rsquo;IAP<\/li>\n\n\n\n<li><strong>Sylvain Bouley<\/strong>, pr\u00e9sident de la SAF, professeur \u00e0 l&rsquo;Universit\u00e9 Paris Saclay<\/li>\n<\/ul>\n<\/li>\n<\/ul>\n\n\n\n<ul class=\"wp-block-list\">\n<li>D\u00e9dicaces d&rsquo;ouvrages par les invit\u00e9\u00b7es<\/li>\n<\/ul>\n\n\n\n<p>La soir\u00e9e sera anim\u00e9e par <strong>Gilles Dawidowicz<\/strong>, vice-pr\u00e9sident de la SAF<\/p>\n","protected":false},"excerpt":{"rendered":"<p>Camille Flammarion (1842-1925) a consacr\u00e9 sa vie \u00e0 l\u2019\u00e9tude et la diffusion des sciences et notamment l\u2019astronomie. Par son immense \u0153uvre, il a inspir\u00e9 et influenc\u00e9 des g\u00e9n\u00e9rations enti\u00e8res partout dans le monde. L\u2019ann\u00e9e 2025 marque le centenaire de la disparition de Camille Flammarion. Pour c\u00e9l\u00e9brer son \u0153uvre il y [&hellip;]<\/p>\n","protected":false},"author":1,"featured_media":4881,"comment_status":"closed","ping_status":"open","sticky":false,"template":"","format":"standard","meta":{"_monsterinsights_skip_tracking":false,"_monsterinsights_sitenote_active":false,"_monsterinsights_sitenote_note":"","_monsterinsights_sitenote_category":0,"_EventAllDay":false,"_EventTimezone":"","_EventStartDate":"","_EventEndDate":"","_EventStartDateUTC":"","_EventEndDateUTC":"","_EventShowMap":false,"_EventShowMapLink":false,"_EventURL":"","_EventCost":"","_EventCostDescription":"","_EventCurrencySymbol":"","_EventCurrencyCode":"","_EventCurrencyPosition":"","_EventDateTimeSeparator":"","_EventTimeRangeSeparator":"","_EventOrganizerID":[],"_EventVenueID":[],"_OrganizerEmail":"","_OrganizerPhone":"","_OrganizerWebsite":"","_VenueAddress":"","_VenueCity":"","_VenueCountry":"","_VenueProvince":"","_VenueState":"","_VenueZip":"","_VenuePhone":"","_VenueURL":"","_VenueStateProvince":"","_VenueLat":"","_VenueLng":"","_VenueShowMap":false,"_VenueShowMapLink":false,"footnotes":""},"categories":[14],"tags":[],"class_list":["post-4879","post","type-post","status-publish","format-standard","has-post-thumbnail","hentry","category-evenements"],"aioseo_notices":[],"_links":{"self":[{"href":"https:\/\/academiespatiale.fr\/index.php\/wp-json\/wp\/v2\/posts\/4879","targetHints":{"allow":["GET"]}}],"collection":[{"href":"https:\/\/academiespatiale.fr\/index.php\/wp-json\/wp\/v2\/posts"}],"about":[{"href":"https:\/\/academiespatiale.fr\/index.php\/wp-json\/wp\/v2\/types\/post"}],"author":[{"embeddable":true,"href":"https:\/\/academiespatiale.fr\/index.php\/wp-json\/wp\/v2\/users\/1"}],"replies":[{"embeddable":true,"href":"https:\/\/academiespatiale.fr\/index.php\/wp-json\/wp\/v2\/comments?post=4879"}],"version-history":[{"count":12,"href":"https:\/\/academiespatiale.fr\/index.php\/wp-json\/wp\/v2\/posts\/4879\/revisions"}],"predecessor-version":[{"id":7383,"href":"https:\/\/academiespatiale.fr\/index.php\/wp-json\/wp\/v2\/posts\/4879\/revisions\/7383"}],"wp:featuredmedia":[{"embeddable":true,"href":"https:\/\/academiespatiale.fr\/index.php\/wp-json\/wp\/v2\/media\/4881"}],"wp:attachment":[{"href":"https:\/\/academiespatiale.fr\/index.php\/wp-json\/wp\/v2\/media?parent=4879"}],"wp:term":[{"taxonomy":"category","embeddable":true,"href":"https:\/\/academiespatiale.fr\/index.php\/wp-json\/wp\/v2\/categories?post=4879"},{"taxonomy":"post_tag","embeddable":true,"href":"https:\/\/academiespatiale.fr\/index.php\/wp-json\/wp\/v2\/tags?post=4879"}],"curies":[{"name":"wp","href":"https:\/\/api.w.org\/{rel}","templated":true}]}}