{"id":4782,"date":"2025-05-21T15:51:26","date_gmt":"2025-05-21T13:51:26","guid":{"rendered":"https:\/\/academiespatiale.fr\/?p=4782"},"modified":"2026-01-06T14:50:50","modified_gmt":"2026-01-06T13:50:50","slug":"lundi-2-juin-2025-ceremonie-de-devoilement-de-lequipe-de-france-pour-les-olympiades-internationales-dastronomie-et-dastrophysique","status":"publish","type":"post","link":"https:\/\/academiespatiale.fr\/index.php\/2025\/05\/21\/lundi-2-juin-2025-ceremonie-de-devoilement-de-lequipe-de-france-pour-les-olympiades-internationales-dastronomie-et-dastrophysique\/","title":{"rendered":"Lundi 2 juin 2025 &#8211; C\u00e9r\u00e9monie de d\u00e9voilement de l&rsquo;\u00e9quipe de France pour les Olympiades Internationales d&rsquo;Astronomie et d&rsquo;Astrophysique"},"content":{"rendered":"\n<div class=\"wp-block-columns has-text-color has-link-color wp-elements-e673af4000d0b3c096a66b181f7b0bbd is-layout-flex wp-container-core-columns-is-layout-deb2fee4 wp-block-columns-is-layout-flex\" style=\"color:#b1b1b1;margin-top:-25px;margin-bottom:20px;padding-top:0;padding-right:0;padding-bottom:0;padding-left:0;font-size:15px\">\n<div class=\"wp-block-column has-text-color has-link-color wp-elements-5a4d4e7b16cdb21f05469acdf2368671 is-layout-flow wp-block-column-is-layout-flow\" style=\"color:#a1a1a1;padding-top:0;padding-bottom:0;font-size:15px;font-style:normal;font-weight:100;flex-basis:100%\"><div class=\"aioseo-breadcrumbs\"><span class=\"aioseo-breadcrumb\">\n\t\t\t<a href=\"https:\/\/academiespatiale.fr\" title=\"Home\">Home<\/a>\n\t\t<\/span><span class=\"aioseo-breadcrumb-separator\">&raquo;<\/span><span class=\"aioseo-breadcrumb\">\n\t\t\t<a href=\"https:\/\/academiespatiale.fr\/index.php\/category\/formation\/\" title=\"Formation\">Formation<\/a>\n\t\t<\/span><span class=\"aioseo-breadcrumb-separator\">&raquo;<\/span><span class=\"aioseo-breadcrumb\">\n\t\t\tLundi 2 juin 2025 \u2013 C\u00e9r\u00e9monie de d\u00e9voilement de l\u2019\u00e9quipe de France pour les Olympiades Internationales d\u2019Astronomie et d\u2019Astrophysique\n\t\t<\/span><\/div><\/div>\n<\/div>\n\n\n\n<details class=\"wp-block-details is-layout-flow wp-block-details-is-layout-flow\"><summary>&gt;&gt;&gt; Click here for the English version<\/summary>\n<p>The first French team of high school students participating in the International Olympiad on Astronomy and Astrophysics (IOAA) will be unveiled during a ceremony held on June 2 at the Institute of Space Astrophysics (CNRS \/ Paris-Saclay University).<\/p>\n\n\n\n<div class=\"wp-block-columns is-layout-flex wp-container-core-columns-is-layout-28f84493 wp-block-columns-is-layout-flex\">\n<div class=\"wp-block-column is-vertically-aligned-center is-layout-flow wp-block-column-is-layout-flow\">\n<hr class=\"wp-block-separator has-alpha-channel-opacity\"\/>\n\n\n\n<div style=\"height:20px\" aria-hidden=\"true\" class=\"wp-block-spacer\"><\/div>\n\n\n\n<p class=\"has-text-align-center\" style=\"text-transform:uppercase\">Monday, June 2, 2025<br>7:00 p.m. &#8211; 8:30 p.m.<\/p>\n\n\n\n<p class=\"has-text-align-center\" style=\"text-transform:uppercase\"><strong>Unveiling ceremony for the first French team of high school students who will participate in the IOAA in Mumbai, India, in August.<\/strong><\/p>\n\n\n\n<p class=\"has-text-align-center\">Institut d&rsquo;Astrophysique Spatiale (IAS)<br>Salle 1 &#8211; B\u00e2t. 121 &#8211; Campus vall\u00e9e d&rsquo;Orsay<\/p>\n\n\n\n<p class=\"has-text-align-center\"><em>Free, by invitation only<\/em><\/p>\n\n\n\n<hr class=\"wp-block-separator has-alpha-channel-opacity\"\/>\n<\/div>\n\n\n\n<div class=\"wp-block-column is-layout-flow wp-block-column-is-layout-flow\">\n<figure class=\"wp-block-image size-full\"><img loading=\"lazy\" decoding=\"async\" width=\"892\" height=\"1112\" src=\"https:\/\/academiespatiale.fr\/wp-content\/uploads\/2025\/05\/Affiche.png\" alt=\"\" class=\"wp-image-4789\" srcset=\"https:\/\/academiespatiale.fr\/wp-content\/uploads\/2025\/05\/Affiche.png 892w, https:\/\/academiespatiale.fr\/wp-content\/uploads\/2025\/05\/Affiche-241x300.png 241w, https:\/\/academiespatiale.fr\/wp-content\/uploads\/2025\/05\/Affiche-821x1024.png 821w\" sizes=\"auto, (max-width: 892px) 100vw, 892px\" \/><\/figure>\n<\/div>\n<\/div>\n\n\n\n<div style=\"height:20px\" aria-hidden=\"true\" class=\"wp-block-spacer\"><\/div>\n\n\n\n<p class=\"has-background-color-background-color has-background\">More infos<br>\u2192 Follow the French team: <a href=\"http:\/\/blog.ac-versailles.fr\/ioaa\/\" target=\"_blank\" rel=\"noopener\" title=\"\">Pr\u00e9paration fran\u00e7aise aux IOAA<\/a><br>\u2192 Map of the Orsay campus: <a href=\"https:\/\/www.ias.u-psud.fr\/fr\/le-laboratoire\/guide-du-visiteur\/plans-et-indications\" target=\"_blank\" rel=\"noopener\" title=\"\">Plans et indications | Institut d&rsquo;Astrophysique Spatiale<\/a><br>\u2192 Official IOAA website: <a href=\"https:\/\/ioaa2025.in\/\" target=\"_blank\" rel=\"noopener\" title=\"\">ioaa2025.in<\/a><br><br>Do you have an invitation?<br>\u2192 Registration form to be completed before May 31 at 6 p.m.:<br><a href=\"https:\/\/forms.gle\/yf655m5k7RmqudqbA\" target=\"_blank\" rel=\"noopener\" title=\"\">https:\/\/forms.gle\/yf655m5k7RmqudqbA<\/a><\/p>\n\n\n\n<p>After a year of preparation at the IAS (Institut d&rsquo;Astrophysique Spatiale) and the OSUPS (Observatoire des Sciences de l&rsquo;Univers de l&rsquo;Universit\u00e9 Paris-Saclay) and a selection process, the final team will be announced at the unveiling ceremony on June 2: Two to four students will be selected (with a view to gender parity) to represent France at the next international edition of the IOAA, which will take place in Mumbai, India, from August 11 to 21, 2025.<\/p>\n\n\n\n<p><strong>Evening program:<br><\/strong>(7:00 p.m. &#8211; 8:30 p.m.)<\/p>\n\n\n\n<ul class=\"wp-block-list\">\n<li>Introduction and presentation by Herv\u00e9 Dole<\/li>\n\n\n\n<li>Conference &#8211; Astrophysics<\/li>\n\n\n\n<li>Questions from the audience<\/li>\n\n\n\n<li>Conference &#8211; Space<\/li>\n\n\n\n<li>Award ceremony<\/li>\n\n\n\n<li>Closing<\/li>\n<\/ul>\n\n\n\n<p>The awards (mentions and selections for the French team) will be presented by representatives from Paris-Saclay University, the Foundation, the Acad\u00e9mie Spatiale d&rsquo;\u00cele-de-France, and the SAF, as well as by Sylvie Retailleau, former Minister of Higher Education and Research, President of Paris-Saclay University, and professor of physics.<\/p>\n\n\n\n<div style=\"height:30px\" aria-hidden=\"true\" class=\"wp-block-spacer\"><\/div>\n\n\n\n<hr class=\"wp-block-separator has-alpha-channel-opacity\"\/>\n\n\n<div class=\"wp-block-image\">\n<figure class=\"aligncenter size-large\"><img loading=\"lazy\" decoding=\"async\" width=\"1024\" height=\"89\" src=\"https:\/\/academiespatiale.fr\/wp-content\/uploads\/2025\/05\/IAOO_frise_logos2-1024x89.png\" alt=\"\" class=\"wp-image-4787\" srcset=\"https:\/\/academiespatiale.fr\/wp-content\/uploads\/2025\/05\/IAOO_frise_logos2-1024x89.png 1024w, https:\/\/academiespatiale.fr\/wp-content\/uploads\/2025\/05\/IAOO_frise_logos2-300x26.png 300w, https:\/\/academiespatiale.fr\/wp-content\/uploads\/2025\/05\/IAOO_frise_logos2-768x67.png 768w, https:\/\/academiespatiale.fr\/wp-content\/uploads\/2025\/05\/IAOO_frise_logos2-1536x134.png 1536w, https:\/\/academiespatiale.fr\/wp-content\/uploads\/2025\/05\/IAOO_frise_logos2.png 1942w\" sizes=\"auto, (max-width: 1024px) 100vw, 1024px\" \/><\/figure>\n<\/div>\n\n\n<div style=\"height:20px\" aria-hidden=\"true\" class=\"wp-block-spacer\"><\/div>\n\n\n\n<p><em>This project has been made possible thanks to the supervisory team: Alain Cano (Lyc\u00e9e de la Vall\u00e9e de Chevreuse) and Professor Herv\u00e9 Dole (Paris-Saclay University\/IAS\/OSUPS). It is supported by the Paris-Saclay University Foundation, the CMA Acad\u00e9mie Spatiale d&rsquo;\u00cele-de-France and the Soci\u00e9t\u00e9 Astronomique de France, Paris-Saclay University, OSUPS, and IAS.<\/em><\/p>\n<\/details>\n\n\n\n<hr class=\"wp-block-separator has-alpha-channel-opacity\" style=\"margin-top:var(--wp--preset--spacing--70);margin-bottom:var(--wp--preset--spacing--70)\"\/>\n\n\n\n<p>La premi\u00e8re \u00e9quipe de France de lyc\u00e9ennes et de lyc\u00e9ens participant aux Olympiades Internationales d&rsquo;Astronomie et d&rsquo;Astrophysique (IOAA) sera d\u00e9voil\u00e9e lors d&rsquo;une c\u00e9r\u00e9monie organis\u00e9e le 2 juin \u00e0 l&rsquo;Institut d&rsquo;Astrophysique Spatiale (CNRS \/ Universit\u00e9 Paris-Saclay).<\/p>\n\n\n\n<div class=\"wp-block-columns is-layout-flex wp-container-core-columns-is-layout-28f84493 wp-block-columns-is-layout-flex\">\n<div class=\"wp-block-column is-vertically-aligned-center is-layout-flow wp-block-column-is-layout-flow\">\n<hr class=\"wp-block-separator has-alpha-channel-opacity\"\/>\n\n\n\n<div style=\"height:20px\" aria-hidden=\"true\" class=\"wp-block-spacer\"><\/div>\n\n\n\n<p class=\"has-text-align-center\" style=\"text-transform:uppercase\"><strong>Lundi 2 juin 2025<\/strong> <br>19h &#8211; 20h30<\/p>\n\n\n\n<p class=\"has-text-align-center\"><strong>C\u00e9r\u00e9monie de d\u00e9voilement de la premi\u00e8re \u00e9quipe de France de lyc\u00e9ennes et lyc\u00e9ens qui participeront aux IOAA de Mumbai (Inde) en ao\u00fbt.<\/strong><\/p>\n\n\n\n<p class=\"has-text-align-center\">Institut d&rsquo;Astrophysique Spatiale (IAS)<br>Salle 1 &#8211; B\u00e2t. 121 &#8211; Campus vall\u00e9e d&rsquo;Orsay<\/p>\n\n\n\n<p class=\"has-text-align-center\"><em>Gratuit, sur invitation <\/em><\/p>\n\n\n\n<hr class=\"wp-block-separator has-alpha-channel-opacity\"\/>\n<\/div>\n\n\n\n<div class=\"wp-block-column is-layout-flow wp-block-column-is-layout-flow\">\n<figure class=\"wp-block-image size-full\"><img loading=\"lazy\" decoding=\"async\" width=\"892\" height=\"1112\" src=\"https:\/\/academiespatiale.fr\/wp-content\/uploads\/2025\/05\/Affiche.png\" alt=\"\" class=\"wp-image-4789\" srcset=\"https:\/\/academiespatiale.fr\/wp-content\/uploads\/2025\/05\/Affiche.png 892w, https:\/\/academiespatiale.fr\/wp-content\/uploads\/2025\/05\/Affiche-241x300.png 241w, https:\/\/academiespatiale.fr\/wp-content\/uploads\/2025\/05\/Affiche-821x1024.png 821w\" sizes=\"auto, (max-width: 892px) 100vw, 892px\" \/><\/figure>\n<\/div>\n<\/div>\n\n\n\n<div style=\"height:20px\" aria-hidden=\"true\" class=\"wp-block-spacer\"><\/div>\n\n\n\n<p class=\"has-background-color-background-color has-background\">Plus d&rsquo;infos<br>\u2192 Suivre l&rsquo;\u00e9quipe fran\u00e7aise : <a href=\"http:\/\/blog.ac-versailles.fr\/ioaa\/\" target=\"_blank\" rel=\"noopener\" title=\"\">Pr\u00e9paration fran\u00e7aise aux IOAA<\/a><br>\u2192 Plan du campus d&rsquo;Orsay : <a href=\"https:\/\/www.ias.u-psud.fr\/fr\/le-laboratoire\/guide-du-visiteur\/plans-et-indications\" target=\"_blank\" rel=\"noopener\" title=\"\">Plans et indications | Institut d&rsquo;Astrophysique Spatiale<\/a><br>\u2192 Page officielle IOAA : <a href=\"https:\/\/ioaa2025.in\/\" target=\"_blank\" rel=\"noopener\" title=\"\">ioaa2025.in<\/a><br><br>Vous avez une invitation ?<br>\u2192 Formulaire de pr\u00e9sence \u00e0 remplir avant le 31 mai 18h : <a href=\"https:\/\/forms.gle\/yf655m5k7RmqudqbA\" target=\"_blank\" rel=\"noopener\" title=\"\">https:\/\/forms.gle\/yf655m5k7RmqudqbA<\/a><\/p>\n\n\n\n<p>A l&rsquo;issue d&rsquo;une pr\u00e9paration d&rsquo;un an \u00e0 l&rsquo;IAS (Institut d&rsquo;Astrophysique Spatiale) et \u00e0 l&rsquo;OSUPS (Observatoire des Sciences de l&rsquo;Univers de l&rsquo;Universit\u00e9 Paris-Saclay) et d&rsquo;une \u00e9preuve de s\u00e9lection, l&rsquo;\u00e9quipe finale sera d\u00e9voil\u00e9e lors de la c\u00e9r\u00e9monie de d\u00e9voilement du 2 juin : 2 \u00e0 4 \u00e9l\u00e8ves seront d\u00e9sign\u00e9s (en visant la parit\u00e9) pour repr\u00e9senter la France lors de la prochaine \u00e9dition internationale des IOAA qui aura lieu \u00e0 Mumbai (Inde) du 11 au 21 ao\u00fbt 2025.<\/p>\n\n\n\n<p><strong>Programme de la soir\u00e9e <\/strong>:<br><em>(19h &#8211; 20h30)<\/em><\/p>\n\n\n\n<ul class=\"wp-block-list\">\n<li>Introduction et pr\u00e9sentation par Herv\u00e9 Dole<\/li>\n\n\n\n<li>Conf\u00e9rence &#8211; Astrophysique<\/li>\n\n\n\n<li>Questions du public<\/li>\n\n\n\n<li>Conf\u00e9rence &#8211; Spatial<\/li>\n\n\n\n<li>Remise des prix<\/li>\n\n\n\n<li>Cloture<\/li>\n<\/ul>\n\n\n\n<p>Les prix (mentions et s\u00e9lections en \u00e9quipe de France) seront remis par un repr\u00e9sentant de l&rsquo;Universit\u00e9 Paris-Saclay, de la Fondation, de l&rsquo;Acad\u00e9mie spatiale d\u2019Ile-de-France, de la SAF, et par <strong>Sylvie Retailleau<\/strong>, ancienne ministre de l&rsquo;Enseignement sup\u00e9rieur et de la Recherche, Pr\u00e9sidente de l&rsquo;Universit\u00e9 Paris-Saclay et professeure de Physique.<\/p>\n\n\n\n<div style=\"height:30px\" aria-hidden=\"true\" class=\"wp-block-spacer\"><\/div>\n\n\n\n<hr class=\"wp-block-separator has-alpha-channel-opacity\"\/>\n\n\n<div class=\"wp-block-image\">\n<figure class=\"aligncenter size-large\"><img loading=\"lazy\" decoding=\"async\" width=\"1024\" height=\"89\" src=\"https:\/\/academiespatiale.fr\/wp-content\/uploads\/2025\/05\/IAOO_frise_logos2-1024x89.png\" alt=\"\" class=\"wp-image-4787\" srcset=\"https:\/\/academiespatiale.fr\/wp-content\/uploads\/2025\/05\/IAOO_frise_logos2-1024x89.png 1024w, https:\/\/academiespatiale.fr\/wp-content\/uploads\/2025\/05\/IAOO_frise_logos2-300x26.png 300w, https:\/\/academiespatiale.fr\/wp-content\/uploads\/2025\/05\/IAOO_frise_logos2-768x67.png 768w, https:\/\/academiespatiale.fr\/wp-content\/uploads\/2025\/05\/IAOO_frise_logos2-1536x134.png 1536w, https:\/\/academiespatiale.fr\/wp-content\/uploads\/2025\/05\/IAOO_frise_logos2.png 1942w\" sizes=\"auto, (max-width: 1024px) 100vw, 1024px\" \/><\/figure>\n<\/div>\n\n\n<div style=\"height:20px\" aria-hidden=\"true\" class=\"wp-block-spacer\"><\/div>\n\n\n\n<p><em>Cet projet est rendu possible notamment gr\u00e2ce \u00e0 l&rsquo;\u00e9quipe encadrante : <strong>Alain Cano<\/strong> (Lyc\u00e9e de la vall\u00e9e de Chevreuse) et le professeur <strong>Herv\u00e9 Dole<\/strong> (Univ. Paris-Saclay \/ IAS \/ OSUPS). Et est soutenu par la Fondation Universit\u00e9 Paris-Saclay, le CMA Acad\u00e9mie Spatiale d&rsquo;\u00cele-de-France et la Soci\u00e9t\u00e9 Astronomique de France, l&rsquo;Universit\u00e9 Paris-Saclay, l&rsquo;OSUPS et l&rsquo;IAS.<\/em><\/p>\n\n\n\n<div style=\"height:30px\" aria-hidden=\"true\" class=\"wp-block-spacer\"><\/div>\n","protected":false},"excerpt":{"rendered":"<p>La premi\u00e8re \u00e9quipe de France de lyc\u00e9ennes et de lyc\u00e9ens participant aux Olympiades Internationales d&rsquo;Astronomie et d&rsquo;Astrophysique (IOAA) sera d\u00e9voil\u00e9e lors d&rsquo;une c\u00e9r\u00e9monie organis\u00e9e le 2 juin \u00e0 l&rsquo;Institut d&rsquo;Astrophysique Spatiale (CNRS \/ Universit\u00e9 Paris-Saclay). Lundi 2 juin 2025 19h &#8211; 20h30 C\u00e9r\u00e9monie de d\u00e9voilement de la premi\u00e8re \u00e9quipe de [&hellip;]<\/p>\n","protected":false},"author":1,"featured_media":4792,"comment_status":"closed","ping_status":"open","sticky":false,"template":"","format":"standard","meta":{"_monsterinsights_skip_tracking":false,"_monsterinsights_sitenote_active":false,"_monsterinsights_sitenote_note":"","_monsterinsights_sitenote_category":0,"_EventAllDay":false,"_EventTimezone":"","_EventStartDate":"","_EventEndDate":"","_EventStartDateUTC":"","_EventEndDateUTC":"","_EventShowMap":false,"_EventShowMapLink":false,"_EventURL":"","_EventCost":"","_EventCostDescription":"","_EventCurrencySymbol":"","_EventCurrencyCode":"","_EventCurrencyPosition":"","_EventDateTimeSeparator":"","_EventTimeRangeSeparator":"","_EventOrganizerID":[],"_EventVenueID":[],"_OrganizerEmail":"","_OrganizerPhone":"","_OrganizerWebsite":"","_VenueAddress":"","_VenueCity":"","_VenueCountry":"","_VenueProvince":"","_VenueState":"","_VenueZip":"","_VenuePhone":"","_VenueURL":"","_VenueStateProvince":"","_VenueLat":"","_VenueLng":"","_VenueShowMap":false,"_VenueShowMapLink":false,"footnotes":""},"categories":[24,14,5,36],"tags":[],"class_list":["post-4782","post","type-post","status-publish","format-standard","has-post-thumbnail","hentry","category-egalite-chances","category-evenements","category-formation","category-international"],"aioseo_notices":[],"_links":{"self":[{"href":"https:\/\/academiespatiale.fr\/index.php\/wp-json\/wp\/v2\/posts\/4782","targetHints":{"allow":["GET"]}}],"collection":[{"href":"https:\/\/academiespatiale.fr\/index.php\/wp-json\/wp\/v2\/posts"}],"about":[{"href":"https:\/\/academiespatiale.fr\/index.php\/wp-json\/wp\/v2\/types\/post"}],"author":[{"embeddable":true,"href":"https:\/\/academiespatiale.fr\/index.php\/wp-json\/wp\/v2\/users\/1"}],"replies":[{"embeddable":true,"href":"https:\/\/academiespatiale.fr\/index.php\/wp-json\/wp\/v2\/comments?post=4782"}],"version-history":[{"count":32,"href":"https:\/\/academiespatiale.fr\/index.php\/wp-json\/wp\/v2\/posts\/4782\/revisions"}],"predecessor-version":[{"id":7384,"href":"https:\/\/academiespatiale.fr\/index.php\/wp-json\/wp\/v2\/posts\/4782\/revisions\/7384"}],"wp:featuredmedia":[{"embeddable":true,"href":"https:\/\/academiespatiale.fr\/index.php\/wp-json\/wp\/v2\/media\/4792"}],"wp:attachment":[{"href":"https:\/\/academiespatiale.fr\/index.php\/wp-json\/wp\/v2\/media?parent=4782"}],"wp:term":[{"taxonomy":"category","embeddable":true,"href":"https:\/\/academiespatiale.fr\/index.php\/wp-json\/wp\/v2\/categories?post=4782"},{"taxonomy":"post_tag","embeddable":true,"href":"https:\/\/academiespatiale.fr\/index.php\/wp-json\/wp\/v2\/tags?post=4782"}],"curies":[{"name":"wp","href":"https:\/\/api.w.org\/{rel}","templated":true}]}}