{"id":4742,"date":"2025-05-16T16:07:43","date_gmt":"2025-05-16T14:07:43","guid":{"rendered":"https:\/\/academiespatiale.fr\/?p=4742"},"modified":"2026-01-06T14:51:41","modified_gmt":"2026-01-06T13:51:41","slug":"journee-mondiale-de-luttre-contre-lhomophobie-la-transphobie-et-la-biphobie","status":"publish","type":"post","link":"https:\/\/academiespatiale.fr\/index.php\/2025\/05\/16\/journee-mondiale-de-luttre-contre-lhomophobie-la-transphobie-et-la-biphobie\/","title":{"rendered":"Journ\u00e9e mondiale de lutte contre l&rsquo;homophobie, la transphobie et la biphobie"},"content":{"rendered":"\n<div class=\"wp-block-columns has-text-color has-link-color wp-elements-e673af4000d0b3c096a66b181f7b0bbd is-layout-flex wp-container-core-columns-is-layout-deb2fee4 wp-block-columns-is-layout-flex\" style=\"color:#b1b1b1;margin-top:-25px;margin-bottom:20px;padding-top:0;padding-right:0;padding-bottom:0;padding-left:0;font-size:15px\">\n<div class=\"wp-block-column has-text-color has-link-color wp-elements-5a4d4e7b16cdb21f05469acdf2368671 is-layout-flow wp-block-column-is-layout-flow\" style=\"color:#a1a1a1;padding-top:0;padding-bottom:0;font-size:15px;font-style:normal;font-weight:100;flex-basis:100%\"><div class=\"aioseo-breadcrumbs\"><span class=\"aioseo-breadcrumb\">\n\t\t\t<a href=\"https:\/\/academiespatiale.fr\" title=\"Home\">Home<\/a>\n\t\t<\/span><span class=\"aioseo-breadcrumb-separator\">&raquo;<\/span><span class=\"aioseo-breadcrumb\">\n\t\t\t<a href=\"https:\/\/academiespatiale.fr\/index.php\/category\/egalite-chances\/\" title=\"\u00c9galit\u00e9 des chances\">\u00c9galit\u00e9 des chances<\/a>\n\t\t<\/span><span class=\"aioseo-breadcrumb-separator\">&raquo;<\/span><span class=\"aioseo-breadcrumb\">\n\t\t\tJourn\u00e9e mondiale de lutte contre l\u2019homophobie, la transphobie et la biphobie\n\t\t<\/span><\/div><\/div>\n<\/div>\n\n\n\n<p><strong>L\u2019Universit\u00e9 Paris-Saclay, porteuse du projet Acad\u00e9mie Spatiale d&rsquo;IDF, est engag\u00e9e dans la lutte contre les discriminations port\u00e9es \u00e0 l\u2019encontre des personnes Lesbiennes Gay Bisexuelles et Transgenres (LGBT). Les violences faites \u00e0 l\u2019encontre de ces personnes sont parfois la cons\u00e9quence d\u2019une certaine m\u00e9connaissance du sujet. <\/strong><\/p>\n\n\n<div class=\"wp-block-image\">\n<figure class=\"aligncenter size-full is-resized\"><img loading=\"lazy\" decoding=\"async\" width=\"742\" height=\"335\" src=\"https:\/\/academiespatiale.fr\/wp-content\/uploads\/2024\/04\/Paris-Saclay-1.png\" alt=\"\" class=\"wp-image-220\" style=\"width:184px;height:auto\" srcset=\"https:\/\/academiespatiale.fr\/wp-content\/uploads\/2024\/04\/Paris-Saclay-1.png 742w, https:\/\/academiespatiale.fr\/wp-content\/uploads\/2024\/04\/Paris-Saclay-1-300x135.png 300w\" sizes=\"auto, (max-width: 742px) 100vw, 742px\" \/><\/figure>\n<\/div>\n\n<div class=\"wp-block-image\">\n<figure class=\"aligncenter size-full\"><a href=\"https:\/\/www.universite-paris-saclay.fr\/actualites\/journee-mondiale-de-lutte-contre-lhomophobie-la-transphobie-et-la-biphobie\" target=\"_blank\" rel=\" noreferrer noopener\"><img loading=\"lazy\" decoding=\"async\" width=\"627\" height=\"251\" src=\"https:\/\/academiespatiale.fr\/wp-content\/uploads\/2025\/05\/journee-mondiale-17-MAI_SIGN-MAIL_627x251px.jpg\" alt=\"\" class=\"wp-image-4743\" srcset=\"https:\/\/academiespatiale.fr\/wp-content\/uploads\/2025\/05\/journee-mondiale-17-MAI_SIGN-MAIL_627x251px.jpg 627w, https:\/\/academiespatiale.fr\/wp-content\/uploads\/2025\/05\/journee-mondiale-17-MAI_SIGN-MAIL_627x251px-300x120.jpg 300w\" sizes=\"auto, (max-width: 627px) 100vw, 627px\" \/><\/a><\/figure>\n<\/div>\n\n\n<div style=\"height:20px\" aria-hidden=\"true\" class=\"wp-block-spacer\"><\/div>\n\n\n\n<p>L&rsquo;universit\u00e9 Paris-Saclay et ses membres associ\u00e9s organisent deux \u00e9v\u00e8nements sur les enjeux LGBT+ autour de la date du 17 mai :<\/p>\n\n\n\n<ul class=\"wp-block-list\">\n<li><strong>Lundi 19 mai 2025<br><\/strong>Projection d\u00e9bat du documentaire \u00ab&nbsp;Visa pour la libert\u00e9 : Mr Gay Syria&nbsp;\u00bb, de Ayse Toprak<br>de 12h \u00e0 14h salle des lumi\u00e8res, biblioth\u00e8que universitaire Universit\u00e9 d&rsquo;Evry<br>Renseignements :&nbsp;<a href=\"mailto:olivia.buixuan@univ-evry.fr\" target=\"_blank\" rel=\"noopener\" title=\"\">olivia.buixuan@univ-evry.fr<\/a><\/li>\n<\/ul>\n\n\n\n<ul class=\"wp-block-list\">\n<li><strong>Mardi 20 mai 2025<br><\/strong><a href=\"https:\/\/www.universite-paris-saclay.fr\/evenements\/orientation-sexuelle-travail-et-visibilite\" target=\"_blank\" rel=\"noopener\" title=\"\">journ\u00e9e de recherche \u00ab\u00a0Orientation sexuelle, travail et visibilit\u00e9 : exp\u00e9riences des femmes lesbiennes dans l&rsquo;espace professionnel et public\u00a0\u00bb<\/a><br>de 9h30 \u00e0 16h \u00e0 la Facult\u00e9 Jean Monnet (54 Boulevard Desgranges 92330 Sceaux)<br>\u2192 <a href=\"https:\/\/www.universite-paris-saclay.fr\/sites\/default\/files\/2025-05\/programme_journee_orientation_sexuelle_travail_et_visibilite20mai2025.pdf\" target=\"_blank\" rel=\"noopener\" title=\"\">Programme<\/a><\/li>\n<\/ul>\n\n\n\n<p class=\"has-background-color-background-color has-background\">Plus d&rsquo;infos <br>\u2192 <a href=\"https:\/\/www.universite-paris-saclay.fr\/actualites\/journee-mondiale-de-lutte-contre-lhomophobie-la-transphobie-et-la-biphobie\" target=\"_blank\" rel=\"noopener\" title=\"\">Journ\u00e9e mondiale de lutte contre l&rsquo;homophobie, la transphobie et la biphobie | Universit\u00e9 Paris-Saclay<\/a><\/p>\n\n\n\n<p><\/p>\n","protected":false},"excerpt":{"rendered":"<p>L\u2019Universit\u00e9 Paris-Saclay, porteuse du projet Acad\u00e9mie Spatiale d&rsquo;IDF, est engag\u00e9e dans la lutte contre les discriminations port\u00e9es \u00e0 l\u2019encontre des personnes Lesbiennes Gay Bisexuelles et Transgenres (LGBT). Les violences faites \u00e0 l\u2019encontre de ces personnes sont parfois la cons\u00e9quence d\u2019une certaine m\u00e9connaissance du sujet. L&rsquo;universit\u00e9 Paris-Saclay et ses membres associ\u00e9s [&hellip;]<\/p>\n","protected":false},"author":1,"featured_media":4744,"comment_status":"closed","ping_status":"open","sticky":false,"template":"","format":"standard","meta":{"_monsterinsights_skip_tracking":false,"_monsterinsights_sitenote_active":false,"_monsterinsights_sitenote_note":"","_monsterinsights_sitenote_category":0,"_EventAllDay":false,"_EventTimezone":"","_EventStartDate":"","_EventEndDate":"","_EventStartDateUTC":"","_EventEndDateUTC":"","_EventShowMap":false,"_EventShowMapLink":false,"_EventURL":"","_EventCost":"","_EventCostDescription":"","_EventCurrencySymbol":"","_EventCurrencyCode":"","_EventCurrencyPosition":"","_EventDateTimeSeparator":"","_EventTimeRangeSeparator":"","_EventOrganizerID":[],"_EventVenueID":[],"_OrganizerEmail":"","_OrganizerPhone":"","_OrganizerWebsite":"","_VenueAddress":"","_VenueCity":"","_VenueCountry":"","_VenueProvince":"","_VenueState":"","_VenueZip":"","_VenuePhone":"","_VenueURL":"","_VenueStateProvince":"","_VenueLat":"","_VenueLng":"","_VenueShowMap":false,"_VenueShowMapLink":false,"footnotes":""},"categories":[24],"tags":[],"class_list":["post-4742","post","type-post","status-publish","format-standard","has-post-thumbnail","hentry","category-egalite-chances"],"aioseo_notices":[],"_links":{"self":[{"href":"https:\/\/academiespatiale.fr\/index.php\/wp-json\/wp\/v2\/posts\/4742","targetHints":{"allow":["GET"]}}],"collection":[{"href":"https:\/\/academiespatiale.fr\/index.php\/wp-json\/wp\/v2\/posts"}],"about":[{"href":"https:\/\/academiespatiale.fr\/index.php\/wp-json\/wp\/v2\/types\/post"}],"author":[{"embeddable":true,"href":"https:\/\/academiespatiale.fr\/index.php\/wp-json\/wp\/v2\/users\/1"}],"replies":[{"embeddable":true,"href":"https:\/\/academiespatiale.fr\/index.php\/wp-json\/wp\/v2\/comments?post=4742"}],"version-history":[{"count":6,"href":"https:\/\/academiespatiale.fr\/index.php\/wp-json\/wp\/v2\/posts\/4742\/revisions"}],"predecessor-version":[{"id":7387,"href":"https:\/\/academiespatiale.fr\/index.php\/wp-json\/wp\/v2\/posts\/4742\/revisions\/7387"}],"wp:featuredmedia":[{"embeddable":true,"href":"https:\/\/academiespatiale.fr\/index.php\/wp-json\/wp\/v2\/media\/4744"}],"wp:attachment":[{"href":"https:\/\/academiespatiale.fr\/index.php\/wp-json\/wp\/v2\/media?parent=4742"}],"wp:term":[{"taxonomy":"category","embeddable":true,"href":"https:\/\/academiespatiale.fr\/index.php\/wp-json\/wp\/v2\/categories?post=4742"},{"taxonomy":"post_tag","embeddable":true,"href":"https:\/\/academiespatiale.fr\/index.php\/wp-json\/wp\/v2\/tags?post=4742"}],"curies":[{"name":"wp","href":"https:\/\/api.w.org\/{rel}","templated":true}]}}