{"id":4513,"date":"2025-04-24T17:04:25","date_gmt":"2025-04-24T15:04:25","guid":{"rendered":"https:\/\/academiespatiale.fr\/?p=4513"},"modified":"2026-01-06T14:52:41","modified_gmt":"2026-01-06T13:52:41","slug":"aae-lettre-n137-leurope-de-lespace","status":"publish","type":"post","link":"https:\/\/academiespatiale.fr\/index.php\/2025\/04\/24\/aae-lettre-n137-leurope-de-lespace\/","title":{"rendered":"AAE Lettre n\u00b0137 &#8211; l&rsquo;Europe de l&rsquo;Espace (FR\/EN)"},"content":{"rendered":"\n<div class=\"wp-block-columns has-text-color has-link-color wp-elements-e673af4000d0b3c096a66b181f7b0bbd is-layout-flex wp-container-core-columns-is-layout-deb2fee4 wp-block-columns-is-layout-flex\" style=\"color:#b1b1b1;margin-top:-25px;margin-bottom:20px;padding-top:0;padding-right:0;padding-bottom:0;padding-left:0;font-size:15px\">\n<div class=\"wp-block-column has-text-color has-link-color wp-elements-5a4d4e7b16cdb21f05469acdf2368671 is-layout-flow wp-block-column-is-layout-flow\" style=\"color:#a1a1a1;padding-top:0;padding-bottom:0;font-size:15px;font-style:normal;font-weight:100;flex-basis:100%\"><div class=\"aioseo-breadcrumbs\"><span class=\"aioseo-breadcrumb\">\n\t\t\t<a href=\"https:\/\/academiespatiale.fr\" title=\"Home\">Home<\/a>\n\t\t<\/span><span class=\"aioseo-breadcrumb-separator\">&raquo;<\/span><span class=\"aioseo-breadcrumb\">\n\t\t\t<a href=\"https:\/\/academiespatiale.fr\/index.php\/category\/secteur-spatial\/\" title=\"Secteur spatial\">Secteur spatial<\/a>\n\t\t<\/span><span class=\"aioseo-breadcrumb-separator\">&raquo;<\/span><span class=\"aioseo-breadcrumb\">\n\t\t\tAAE Lettre n\u00b0137 \u2013 l\u2019Europe de l\u2019Espace (FR\/EN)\n\t\t<\/span><\/div><\/div>\n<\/div>\n\n\n\n<div class=\"wp-block-columns is-layout-flex wp-container-core-columns-is-layout-28f84493 wp-block-columns-is-layout-flex\">\n<div class=\"wp-block-column is-vertically-aligned-center is-layout-flow wp-block-column-is-layout-flow\">\n<p>La Lettre n\u00b0137 de l\u2019Acad\u00e9mie de l\u2019Air et de l\u2019Espace est en ligne !<\/p>\n\n\n\n<p>Ce num\u00e9ro, disponible en fran\u00e7ais et en anglais, traite le th\u00e8me <strong>\u00ab\u00a0L&rsquo;Europe de l&rsquo;Espace\u00a0\u00bb<\/strong>.<\/p>\n\n\n\n<p style=\"font-size:15px\"><em>The 137th Letter from the French Air and Space Academy is now online! This edition, available in French and English, focuses on the theme of \u201cEurope in Space.\u201d<\/em><\/p>\n\n\n\n<div style=\"height:20px\" aria-hidden=\"true\" class=\"wp-block-spacer\"><\/div>\n\n\n\n<p class=\"has-background-color-background-color has-background\"><strong>Consultez la lettre compl\u00e8te <\/strong><em><strong>\/ Read the full letter<\/strong><\/em>: <a href=\"https:\/\/academieairespace.com\/lettre-n-137-leurope-de-lespace\/\">Lettre n\u00b0 137 \u2013 L\u2019Europe de l\u2019Espace | AAE<\/a><\/p>\n<\/div>\n\n\n\n<div class=\"wp-block-column is-layout-flow wp-block-column-is-layout-flow\">\n<figure class=\"wp-block-image size-full\"><a href=\"https:\/\/academieairespace.com\/lettre-n-137-leurope-de-lespace\/\" target=\"_blank\" rel=\" noreferrer noopener\"><img loading=\"lazy\" decoding=\"async\" width=\"648\" height=\"922\" src=\"https:\/\/academiespatiale.fr\/wp-content\/uploads\/2025\/04\/AAElettre137.jpeg\" alt=\"\" class=\"wp-image-4514\" srcset=\"https:\/\/academiespatiale.fr\/wp-content\/uploads\/2025\/04\/AAElettre137.jpeg 648w, https:\/\/academiespatiale.fr\/wp-content\/uploads\/2025\/04\/AAElettre137-211x300.jpeg 211w\" sizes=\"auto, (max-width: 648px) 100vw, 648px\" \/><\/a><\/figure>\n<\/div>\n<\/div>\n\n\n\n<div style=\"height:30px\" aria-hidden=\"true\" class=\"wp-block-spacer\"><\/div>\n\n\n\n<h5 class=\"wp-block-heading\">Sommaire de ce num\u00e9ro <em>\/ contents of this edition<\/em><\/h5>\n\n\n\n<ul class=\"wp-block-list\">\n<li><strong>Edito : L&rsquo;Europe de l&rsquo;Espace<em> \/ Europe in Space<\/em><br><\/strong>par Philippe Couillard<br><\/li>\n\n\n\n<li><strong>Focus : Quoi de neuf dans le Syst\u00e8me solaire ? \/ What&rsquo;s new in the Solar System?<\/strong><br>par Francis Rocard, responsable des programmes d\u2019exploration du Syst\u00e8me solaire au CNES, correspondant \u00e0 l\u2019AAE<br><\/li>\n\n\n\n<li><strong>IRIS<sup>2<\/sup>&nbsp;: bien plus que la souverainet\u00e9 europ\u00e9enne dans les t\u00e9l\u00e9communications s\u00e9curis\u00e9es<\/strong><br><strong><em>IRIS2: much more than European sovereignty in secure telecommunications<br><\/em><\/strong>par Michel Fiat, ancien directeur technique et directeur des op\u00e9rations de Thales Alenia Space, membre de l\u2019AAE<br><\/li>\n\n\n\n<li><strong>Le Grand prix 2024 r\u00e9compense des acteurs cl\u00e9s de la mission Aeolus<\/strong><br><strong><em>The 2024 Grand Prize recognizes key contributors to the Aeolus mission<br><\/em><\/strong>par Alain Ratier, ancien directeur g\u00e9n\u00e9ral d\u2019Eumetsat, membre de l\u2019AAE<br><\/li>\n\n\n\n<li><strong>L\u2019Espagne et l\u2019espace<em> \/ Spain and space<\/em><\/strong><br>par Antonio Fuentes Llorens, ancien directeur de la Strat\u00e9gie, Astrium, membre honoraire de l\u2019AAE<br><\/li>\n\n\n\n<li><strong>Sept recommandations pour assurer l\u2019avenir des lanceurs europ\u00e9ens<\/strong> <strong><em>\/ Seven recommendations to secure the future of European launchers<\/em><\/strong><br>par Michel Vedrenne, ancien directeur \u00e0 la direction g\u00e9n\u00e9rale Technique de Dassault Aviation, ancien tr\u00e9sorier de l\u2019AAE<br><\/li>\n\n\n\n<li><strong><strong>S\u00e9curit\u00e9 des op\u00e9rations spatiales et a\u00e9riennes : l\u2019importance d\u2019une m\u00e9t\u00e9o sous contr\u00f4le<\/strong> <em>\/ Safety in space and aviation operations: the importance of weather monitoring<\/em><br><\/strong>par Bertrand de Courville, ancien commandant de bord chez Air France, membre de l\u2019AAE, avec le concours de Bernard Chemoul, ancien directeur du CSG<strong><br><\/strong><\/li>\n\n\n\n<li><strong>Vie de l\u2019Acad\u00e9mie<\/strong> <strong><em>\/ Life at the Academy<\/em><\/strong><br>par Olivier de L\u2019Estoile, secr\u00e9taire g\u00e9n\u00e9ral de l\u2019AAE<br><\/li>\n\n\n\n<li><strong>Hommages<\/strong>&nbsp;\u00e0 Herbert Allgeier and Pierre Rochus<\/li>\n<\/ul>\n","protected":false},"excerpt":{"rendered":"<p>La Lettre n\u00b0137 de l\u2019Acad\u00e9mie de l\u2019Air et de l\u2019Espace est en ligne ! Ce num\u00e9ro, disponible en fran\u00e7ais et en anglais, traite le th\u00e8me \u00ab\u00a0L&rsquo;Europe de l&rsquo;Espace\u00a0\u00bb. The 137th Letter from the French Air and Space Academy is now online! This edition, available in French and English, focuses on [&hellip;]<\/p>\n","protected":false},"author":1,"featured_media":4515,"comment_status":"closed","ping_status":"open","sticky":false,"template":"","format":"standard","meta":{"_monsterinsights_skip_tracking":false,"_monsterinsights_sitenote_active":false,"_monsterinsights_sitenote_note":"","_monsterinsights_sitenote_category":0,"_EventAllDay":false,"_EventTimezone":"","_EventStartDate":"","_EventEndDate":"","_EventStartDateUTC":"","_EventEndDateUTC":"","_EventShowMap":false,"_EventShowMapLink":false,"_EventURL":"","_EventCost":"","_EventCostDescription":"","_EventCurrencySymbol":"","_EventCurrencyCode":"","_EventCurrencyPosition":"","_EventDateTimeSeparator":"","_EventTimeRangeSeparator":"","_EventOrganizerID":[],"_EventVenueID":[],"_OrganizerEmail":"","_OrganizerPhone":"","_OrganizerWebsite":"","_VenueAddress":"","_VenueCity":"","_VenueCountry":"","_VenueProvince":"","_VenueState":"","_VenueZip":"","_VenuePhone":"","_VenueURL":"","_VenueStateProvince":"","_VenueLat":"","_VenueLng":"","_VenueShowMap":false,"_VenueShowMapLink":false,"footnotes":""},"categories":[36,35],"tags":[],"class_list":["post-4513","post","type-post","status-publish","format-standard","has-post-thumbnail","hentry","category-international","category-secteur-spatial"],"aioseo_notices":[],"_links":{"self":[{"href":"https:\/\/academiespatiale.fr\/index.php\/wp-json\/wp\/v2\/posts\/4513","targetHints":{"allow":["GET"]}}],"collection":[{"href":"https:\/\/academiespatiale.fr\/index.php\/wp-json\/wp\/v2\/posts"}],"about":[{"href":"https:\/\/academiespatiale.fr\/index.php\/wp-json\/wp\/v2\/types\/post"}],"author":[{"embeddable":true,"href":"https:\/\/academiespatiale.fr\/index.php\/wp-json\/wp\/v2\/users\/1"}],"replies":[{"embeddable":true,"href":"https:\/\/academiespatiale.fr\/index.php\/wp-json\/wp\/v2\/comments?post=4513"}],"version-history":[{"count":4,"href":"https:\/\/academiespatiale.fr\/index.php\/wp-json\/wp\/v2\/posts\/4513\/revisions"}],"predecessor-version":[{"id":7392,"href":"https:\/\/academiespatiale.fr\/index.php\/wp-json\/wp\/v2\/posts\/4513\/revisions\/7392"}],"wp:featuredmedia":[{"embeddable":true,"href":"https:\/\/academiespatiale.fr\/index.php\/wp-json\/wp\/v2\/media\/4515"}],"wp:attachment":[{"href":"https:\/\/academiespatiale.fr\/index.php\/wp-json\/wp\/v2\/media?parent=4513"}],"wp:term":[{"taxonomy":"category","embeddable":true,"href":"https:\/\/academiespatiale.fr\/index.php\/wp-json\/wp\/v2\/categories?post=4513"},{"taxonomy":"post_tag","embeddable":true,"href":"https:\/\/academiespatiale.fr\/index.php\/wp-json\/wp\/v2\/tags?post=4513"}],"curies":[{"name":"wp","href":"https:\/\/api.w.org\/{rel}","templated":true}]}}