{"id":4067,"date":"2025-04-03T17:38:44","date_gmt":"2025-04-03T15:38:44","guid":{"rendered":"https:\/\/academiespatiale.fr\/?p=4067"},"modified":"2026-01-06T17:38:15","modified_gmt":"2026-01-06T16:38:15","slug":"lacademie-spatiale-debarque-sur-my-job-glasses-entre-jeunes","status":"publish","type":"post","link":"https:\/\/academiespatiale.fr\/index.php\/2025\/04\/03\/lacademie-spatiale-debarque-sur-my-job-glasses-entre-jeunes\/","title":{"rendered":"L&rsquo;Acad\u00e9mie Spatiale d\u00e9barque sur My Job Glasses \u00ab\u00a0Entre jeunes\u00a0\u00bb"},"content":{"rendered":"\n<div class=\"wp-block-columns has-text-color has-link-color wp-elements-e673af4000d0b3c096a66b181f7b0bbd is-layout-flex wp-container-core-columns-is-layout-deb2fee4 wp-block-columns-is-layout-flex\" style=\"color:#b1b1b1;margin-top:-25px;margin-bottom:20px;padding-top:0;padding-right:0;padding-bottom:0;padding-left:0;font-size:15px\">\n<div class=\"wp-block-column has-text-color has-link-color wp-elements-5a4d4e7b16cdb21f05469acdf2368671 is-layout-flow wp-block-column-is-layout-flow\" style=\"color:#a1a1a1;padding-top:0;padding-bottom:0;font-size:15px;font-style:normal;font-weight:100;flex-basis:100%\"><div class=\"aioseo-breadcrumbs\"><span class=\"aioseo-breadcrumb\">\n\t\t\t<a href=\"https:\/\/academiespatiale.fr\" title=\"Home\">Home<\/a>\n\t\t<\/span><span class=\"aioseo-breadcrumb-separator\">&raquo;<\/span><span class=\"aioseo-breadcrumb\">\n\t\t\t<a href=\"https:\/\/academiespatiale.fr\/index.php\/category\/formation\/\" title=\"Formation\">Formation<\/a>\n\t\t<\/span><span class=\"aioseo-breadcrumb-separator\">&raquo;<\/span><span class=\"aioseo-breadcrumb\">\n\t\t\t<a href=\"https:\/\/academiespatiale.fr\/index.php\/category\/formation\/infos-orientation\/\" title=\"Infos &amp; orientation\">Infos &amp; orientation<\/a>\n\t\t<\/span><span class=\"aioseo-breadcrumb-separator\">&raquo;<\/span><span class=\"aioseo-breadcrumb\">\n\t\t\tL\u2019Acad\u00e9mie Spatiale d\u00e9barque sur My Job Glasses \u00ab Entre jeunes \u00bb\n\t\t<\/span><\/div><\/div>\n<\/div>\n\n\n\n<div class=\"wp-block-columns are-vertically-aligned-center is-layout-flex wp-container-core-columns-is-layout-28f84493 wp-block-columns-is-layout-flex\">\n<div class=\"wp-block-column is-vertically-aligned-center is-layout-flow wp-block-column-is-layout-flow\">\n<p>Les \u00e9tudiantes et les \u00e9tudiants ambassadeurs de l&rsquo;Acad\u00e9mie Spatiale d\u2019\u00cele-de-France sont pr\u00e9sents sur la plateforme <strong>My Job Glasses Entre Jeunes<\/strong> ! <\/p>\n\n\n\n<p>L\u2019objectif ? Permettre \u00e0 des coll\u00e9gien\u00b7nes, lyc\u00e9en\u00b7nes et \u00e9tudiant\u00b7es curieux de d\u00e9couvrir les m\u00e9tiers du spatial\u2026 d\u2019\u00e9changer directement avec nos doctorantes, doctorantes, \u00e9tudiant\u00b7es de master ou d&rsquo;\u00e9coles d&rsquo;ing\u00e9nieurs.<\/p>\n<\/div>\n\n\n\n<div class=\"wp-block-column is-vertically-aligned-center is-layout-flow wp-block-column-is-layout-flow\">\n<figure class=\"wp-block-image size-full\"><img loading=\"lazy\" decoding=\"async\" width=\"750\" height=\"500\" src=\"https:\/\/academiespatiale.fr\/wp-content\/uploads\/2025\/04\/MyJobGlasses.png\" alt=\"\" class=\"wp-image-4065\" srcset=\"https:\/\/academiespatiale.fr\/wp-content\/uploads\/2025\/04\/MyJobGlasses.png 750w, https:\/\/academiespatiale.fr\/wp-content\/uploads\/2025\/04\/MyJobGlasses-300x200.png 300w, https:\/\/academiespatiale.fr\/wp-content\/uploads\/2025\/04\/MyJobGlasses-360x240.png 360w\" sizes=\"auto, (max-width: 750px) 100vw, 750px\" \/><\/figure>\n<\/div>\n<\/div>\n\n\n\n<p>Sur cette version \u00ab&nbsp;Entre jeunes&nbsp;\u00bb de My Job Glasses, ce sont <strong>les jeunes qui parlent aux jeunes<\/strong> : nos \u00e9tudiant\u00b7es partagent leur exp\u00e9rience, leur formation, leurs projets\u2026 et r\u00e9pondent aux questions de celles et ceux qui s\u2019interrogent sur leur avenir. <\/p>\n\n\n\n<p class=\"has-background-color-background-color has-background\"><strong>Bravo \u00e0 nos \u00e9tudiantes et \u00e9tudiants ambassadeurs pour leur implication ! <br><\/strong>Et si toi aussi tu veux \u00e9changer avec eux ou les rejoindre sur la plateforme, c\u2019est par ici \u2192 <a class=\"\" href=\"https:\/\/www.myjobglasses.com\"><\/a><a href=\"https:\/\/academiespatiale.fr\/index.php\/my-job-glasses\/\">My Job Glasses &#8211; Acad\u00e9mie Spatiale d&rsquo;\u00cele-de-France<\/a><\/p>\n\n\n\n<div class=\"wp-block-cover\"><img loading=\"lazy\" decoding=\"async\" width=\"1024\" height=\"609\" class=\"wp-block-cover__image-background wp-image-4075\" alt=\"\" src=\"https:\/\/academiespatiale.fr\/wp-content\/uploads\/2025\/04\/image-1-1024x609.png\" style=\"object-position:51% 14%\" data-object-fit=\"cover\" data-object-position=\"51% 14%\" srcset=\"https:\/\/academiespatiale.fr\/wp-content\/uploads\/2025\/04\/image-1-1024x609.png 1024w, https:\/\/academiespatiale.fr\/wp-content\/uploads\/2025\/04\/image-1-300x178.png 300w, https:\/\/academiespatiale.fr\/wp-content\/uploads\/2025\/04\/image-1-768x457.png 768w, https:\/\/academiespatiale.fr\/wp-content\/uploads\/2025\/04\/image-1.png 1271w\" sizes=\"auto, (max-width: 1024px) 100vw, 1024px\" \/><span aria-hidden=\"true\" class=\"wp-block-cover__background has-background-dim\"><\/span><div class=\"wp-block-cover__inner-container is-layout-flow wp-block-cover-is-layout-flow\">\n<p class=\"has-text-align-center has-white-color has-text-color has-link-color has-large-font-size wp-elements-801369b072db86fb0f15e3ef706d626d\"><strong>B\u00e9n\u00e9ficiez de l&rsquo;exp\u00e9rience de celles et ceux qui ont d\u00e9j\u00e0 trouv\u00e9 leur voie<\/strong><\/p>\n<\/div><\/div>\n","protected":false},"excerpt":{"rendered":"<p>Les \u00e9tudiantes et les \u00e9tudiants ambassadeurs de l&rsquo;Acad\u00e9mie Spatiale d\u2019\u00cele-de-France sont pr\u00e9sents sur la plateforme My Job Glasses Entre Jeunes ! L\u2019objectif ? Permettre \u00e0 des coll\u00e9gien\u00b7nes, lyc\u00e9en\u00b7nes et \u00e9tudiant\u00b7es curieux de d\u00e9couvrir les m\u00e9tiers du spatial\u2026 d\u2019\u00e9changer directement avec nos doctorantes, doctorantes, \u00e9tudiant\u00b7es de master ou d&rsquo;\u00e9coles d&rsquo;ing\u00e9nieurs. Sur [&hellip;]<\/p>\n","protected":false},"author":1,"featured_media":4065,"comment_status":"closed","ping_status":"open","sticky":false,"template":"","format":"standard","meta":{"_monsterinsights_skip_tracking":false,"_monsterinsights_sitenote_active":false,"_monsterinsights_sitenote_note":"","_monsterinsights_sitenote_category":0,"_EventAllDay":false,"_EventTimezone":"","_EventStartDate":"","_EventEndDate":"","_EventStartDateUTC":"","_EventEndDateUTC":"","_EventShowMap":false,"_EventShowMapLink":false,"_EventURL":"","_EventCost":"","_EventCostDescription":"","_EventCurrencySymbol":"","_EventCurrencyCode":"","_EventCurrencyPosition":"","_EventDateTimeSeparator":"","_EventTimeRangeSeparator":"","_EventOrganizerID":[],"_EventVenueID":[],"_OrganizerEmail":"","_OrganizerPhone":"","_OrganizerWebsite":"","_VenueAddress":"","_VenueCity":"","_VenueCountry":"","_VenueProvince":"","_VenueState":"","_VenueZip":"","_VenuePhone":"","_VenueURL":"","_VenueStateProvince":"","_VenueLat":"","_VenueLng":"","_VenueShowMap":false,"_VenueShowMapLink":false,"footnotes":""},"categories":[1,24,37],"tags":[],"class_list":["post-4067","post","type-post","status-publish","format-standard","has-post-thumbnail","hentry","category-carrieres","category-egalite-chances","category-infos-orientation"],"aioseo_notices":[],"_links":{"self":[{"href":"https:\/\/academiespatiale.fr\/index.php\/wp-json\/wp\/v2\/posts\/4067","targetHints":{"allow":["GET"]}}],"collection":[{"href":"https:\/\/academiespatiale.fr\/index.php\/wp-json\/wp\/v2\/posts"}],"about":[{"href":"https:\/\/academiespatiale.fr\/index.php\/wp-json\/wp\/v2\/types\/post"}],"author":[{"embeddable":true,"href":"https:\/\/academiespatiale.fr\/index.php\/wp-json\/wp\/v2\/users\/1"}],"replies":[{"embeddable":true,"href":"https:\/\/academiespatiale.fr\/index.php\/wp-json\/wp\/v2\/comments?post=4067"}],"version-history":[{"count":7,"href":"https:\/\/academiespatiale.fr\/index.php\/wp-json\/wp\/v2\/posts\/4067\/revisions"}],"predecessor-version":[{"id":7404,"href":"https:\/\/academiespatiale.fr\/index.php\/wp-json\/wp\/v2\/posts\/4067\/revisions\/7404"}],"wp:featuredmedia":[{"embeddable":true,"href":"https:\/\/academiespatiale.fr\/index.php\/wp-json\/wp\/v2\/media\/4065"}],"wp:attachment":[{"href":"https:\/\/academiespatiale.fr\/index.php\/wp-json\/wp\/v2\/media?parent=4067"}],"wp:term":[{"taxonomy":"category","embeddable":true,"href":"https:\/\/academiespatiale.fr\/index.php\/wp-json\/wp\/v2\/categories?post=4067"},{"taxonomy":"post_tag","embeddable":true,"href":"https:\/\/academiespatiale.fr\/index.php\/wp-json\/wp\/v2\/tags?post=4067"}],"curies":[{"name":"wp","href":"https:\/\/api.w.org\/{rel}","templated":true}]}}