{"id":3853,"date":"2025-04-01T11:33:39","date_gmt":"2025-04-01T09:33:39","guid":{"rendered":"https:\/\/academiespatiale.fr\/?p=3853"},"modified":"2026-01-06T17:37:50","modified_gmt":"2026-01-06T16:37:50","slug":"formation-erca-european-research-course-for-the-atmosphere","status":"publish","type":"post","link":"https:\/\/academiespatiale.fr\/index.php\/2025\/04\/01\/formation-erca-european-research-course-for-the-atmosphere\/","title":{"rendered":"Formation ERCA &#8211; European Research Course for the Atmosphere"},"content":{"rendered":"\n<div class=\"wp-block-columns has-text-color has-link-color wp-elements-e673af4000d0b3c096a66b181f7b0bbd is-layout-flex wp-container-core-columns-is-layout-deb2fee4 wp-block-columns-is-layout-flex\" style=\"color:#b1b1b1;margin-top:-25px;margin-bottom:20px;padding-top:0;padding-right:0;padding-bottom:0;padding-left:0;font-size:15px\">\n<div class=\"wp-block-column has-text-color has-link-color wp-elements-5a4d4e7b16cdb21f05469acdf2368671 is-layout-flow wp-block-column-is-layout-flow\" style=\"color:#a1a1a1;padding-top:0;padding-bottom:0;font-size:15px;font-style:normal;font-weight:100;flex-basis:100%\"><div class=\"aioseo-breadcrumbs\"><span class=\"aioseo-breadcrumb\">\n\t\t\t<a href=\"https:\/\/academiespatiale.fr\" title=\"Home\">Home<\/a>\n\t\t<\/span><span class=\"aioseo-breadcrumb-separator\">&raquo;<\/span><span class=\"aioseo-breadcrumb\">\n\t\t\t<a href=\"https:\/\/academiespatiale.fr\/index.php\/category\/formation\/\" title=\"Formation\">Formation<\/a>\n\t\t<\/span><span class=\"aioseo-breadcrumb-separator\">&raquo;<\/span><span class=\"aioseo-breadcrumb\">\n\t\t\tFormation ERCA \u2013 European Research Course for the Atmosphere\n\t\t<\/span><\/div><\/div>\n<\/div>\n\n\n\n<figure class=\"wp-block-image size-full\"><img loading=\"lazy\" decoding=\"async\" width=\"1000\" height=\"300\" src=\"https:\/\/academiespatiale.fr\/wp-content\/uploads\/2025\/04\/ERCA.png\" alt=\"\" class=\"wp-image-3854\" srcset=\"https:\/\/academiespatiale.fr\/wp-content\/uploads\/2025\/04\/ERCA.png 1000w, https:\/\/academiespatiale.fr\/wp-content\/uploads\/2025\/04\/ERCA-300x90.png 300w, https:\/\/academiespatiale.fr\/wp-content\/uploads\/2025\/04\/ERCA-768x230.png 768w\" sizes=\"auto, (max-width: 1000px) 100vw, 1000px\" \/><\/figure>\n\n\n\n<div style=\"height:20px\" aria-hidden=\"true\" class=\"wp-block-spacer\"><\/div>\n\n\n\n<p>Cannelle Clavier et Maylis Gaulin, doctorantes au LATMOS, ont particip\u00e9 \u00e0 l\u2019\u00e9dition 2025 de l\u2019<strong>European Research Course on the Atmosphere (ERCA)<\/strong>, organis\u00e9e \u00e0 Grenoble. Cette formation de deux semaines s&rsquo;adresse aux scientifiques en d\u00e9but de carri\u00e8re souhaitant repousser les fronti\u00e8res des sciences de l&rsquo;atmosph\u00e8re et r\u00e9pondre aux grands d\u00e9fis environnementaux contemporains.<\/p>\n\n\n\n<p style=\"font-size:15px\"><em>Cannelle Clavier and Maylis Gaulin, doctoral students at LATMOS, participated in the 2025 edition of the European Research Course on the Atmosphere (ERCA), held in Grenoble. This two-week training course is aimed at early-career scientists who want to push the boundaries of atmospheric science and respond to major contemporary environmental challenges.<\/em><\/p>\n\n\n\n<div style=\"height:20px\" aria-hidden=\"true\" class=\"wp-block-spacer\"><\/div>\n\n\n\n<div class=\"wp-block-columns are-vertically-aligned-center is-layout-flex wp-container-core-columns-is-layout-28f84493 wp-block-columns-is-layout-flex\">\n<div class=\"wp-block-column is-vertically-aligned-center is-layout-flow wp-block-column-is-layout-flow\" style=\"flex-basis:66.66%\">\n<figure class=\"wp-block-image size-large\"><img loading=\"lazy\" decoding=\"async\" width=\"768\" height=\"1024\" src=\"https:\/\/academiespatiale.fr\/wp-content\/uploads\/2025\/04\/ERCA-groupe-768x1024.png\" alt=\"\" class=\"wp-image-3856\" srcset=\"https:\/\/academiespatiale.fr\/wp-content\/uploads\/2025\/04\/ERCA-groupe-768x1024.png 768w, https:\/\/academiespatiale.fr\/wp-content\/uploads\/2025\/04\/ERCA-groupe-225x300.png 225w, https:\/\/academiespatiale.fr\/wp-content\/uploads\/2025\/04\/ERCA-groupe-1152x1536.png 1152w, https:\/\/academiespatiale.fr\/wp-content\/uploads\/2025\/04\/ERCA-groupe-1536x2048.png 1536w\" sizes=\"auto, (max-width: 768px) 100vw, 768px\" \/><\/figure>\n<\/div>\n\n\n\n<div class=\"wp-block-column is-vertically-aligned-center is-layout-flow wp-block-column-is-layout-flow\" style=\"flex-basis:33.33%\"><div class=\"wp-block-image is-style-rounded\">\n<figure class=\"aligncenter size-full is-resized\"><img loading=\"lazy\" decoding=\"async\" width=\"567\" height=\"387\" src=\"https:\/\/academiespatiale.fr\/wp-content\/uploads\/2025\/04\/CannelleClavier_LATMOS2023.png\" alt=\"\" class=\"wp-image-3858\" style=\"aspect-ratio:1;object-fit:cover;width:141px;height:auto\" srcset=\"https:\/\/academiespatiale.fr\/wp-content\/uploads\/2025\/04\/CannelleClavier_LATMOS2023.png 567w, https:\/\/academiespatiale.fr\/wp-content\/uploads\/2025\/04\/CannelleClavier_LATMOS2023-300x205.png 300w\" sizes=\"auto, (max-width: 567px) 100vw, 567px\" \/><\/figure>\n<\/div>\n\n\n<p class=\"has-text-align-center\" style=\"font-size:15px\"><strong>Cannelle Clavier<\/strong><\/p>\n\n\n\n<p class=\"has-text-align-left\" style=\"font-size:15px\"><em>\u00ab Lors de ces deux semaines \u00e0 ERCA, des intervenants venus de toute l\u2019Europe ont partag\u00e9 leur expertise. Leurs cours ont favoris\u00e9 des \u00e9changes stimulants pour de jeunes chercheurs. Mon projet sur la qualit\u00e9 de l\u2019air en Europe m\u2019a offert l\u2019opportunit\u00e9 d\u2019\u00e9changer avec des sp\u00e9cialistes du domaine. Les donn\u00e9es ont pu \u00eatre analys\u00e9es gr\u00e2ce \u00e0 des observations spatiales et des mod\u00e8les atmosph\u00e9riques. Certains cours \u00e9taient proches de mon champ de recherche, et m&rsquo;ont permis d\u2019\u00e9largir ma compr\u00e9hension des enjeux scientifiques et d&rsquo;affiner mon approche sur mon sujet de th\u00e8se. \u00bb<\/em><\/p>\n\n\n\n<details class=\"wp-block-details has-small-font-size is-layout-flow wp-block-details-is-layout-flow\"><summary>&gt;&gt;&gt; <em>English<\/em><\/summary>\n<p class=\"has-small-font-size\"><em>\u00ab\u00a0During these two weeks at ERCA, speakers from all over Europe shared their expertise. Their lectures encouraged stimulating discussions among young researchers. My project on air quality in Europe gave me the opportunity to talk with specialists in the field. The data was analyzed using space observations and atmospheric models. Some of the lectures were closely related to my field of research, allowing me to broaden my understanding of the scientific issues involved and refine my approach to my thesis topic.\u00a0\u00bb<\/em><\/p>\n<\/details>\n<\/div>\n<\/div>\n\n\n\n<p>Depuis sa cr\u00e9ation en 1993 par le professeur Claude Boutron, ERCA a organis\u00e9 31 sessions, r\u00e9unissant environ 1 300 participants issus de 50 pays. L\u2019\u00e9dition 2025 marquera la 32e session du programme.<\/p>\n\n\n\n<p style=\"font-size:15px\"><em>Since its creation in 1993 by Professor Claude Boutron, ERCA has organized 31 sessions, bringing together approximately 1,300 participants from 50 countries. The 2025 edition will mark the program&rsquo;s 32nd session.<\/em><\/p>\n\n\n\n<p class=\"has-background-color-background-color has-background\">Plus d&rsquo;infos <em>\/ more informations<\/em><br>\u2192 <a href=\"https:\/\/erca.sciencesconf.org\/\">European Research Course on the Atmosphere &#8211; Sciencesconf.org<\/a><\/p>\n","protected":false},"excerpt":{"rendered":"<p>Cannelle Clavier et Maylis Gaulin, doctorantes au LATMOS, ont particip\u00e9 \u00e0 l\u2019\u00e9dition 2025 de l\u2019European Research Course on the Atmosphere (ERCA), organis\u00e9e \u00e0 Grenoble. Cette formation de deux semaines s&rsquo;adresse aux scientifiques en d\u00e9but de carri\u00e8re souhaitant repousser les fronti\u00e8res des sciences de l&rsquo;atmosph\u00e8re et r\u00e9pondre aux grands d\u00e9fis environnementaux [&hellip;]<\/p>\n","protected":false},"author":1,"featured_media":3855,"comment_status":"closed","ping_status":"open","sticky":false,"template":"","format":"standard","meta":{"_monsterinsights_skip_tracking":false,"_monsterinsights_sitenote_active":false,"_monsterinsights_sitenote_note":"","_monsterinsights_sitenote_category":0,"_EventAllDay":false,"_EventTimezone":"","_EventStartDate":"","_EventEndDate":"","_EventStartDateUTC":"","_EventEndDateUTC":"","_EventShowMap":false,"_EventShowMapLink":false,"_EventURL":"","_EventCost":"","_EventCostDescription":"","_EventCurrencySymbol":"","_EventCurrencyCode":"","_EventCurrencyPosition":"","_EventDateTimeSeparator":"","_EventTimeRangeSeparator":"","_EventOrganizerID":[],"_EventVenueID":[],"_OrganizerEmail":"","_OrganizerPhone":"","_OrganizerWebsite":"","_VenueAddress":"","_VenueCity":"","_VenueCountry":"","_VenueProvince":"","_VenueState":"","_VenueZip":"","_VenuePhone":"","_VenueURL":"","_VenueStateProvince":"","_VenueLat":"","_VenueLng":"","_VenueShowMap":false,"_VenueShowMapLink":false,"footnotes":""},"categories":[5,36],"tags":[],"class_list":["post-3853","post","type-post","status-publish","format-standard","has-post-thumbnail","hentry","category-formation","category-international"],"aioseo_notices":[],"_links":{"self":[{"href":"https:\/\/academiespatiale.fr\/index.php\/wp-json\/wp\/v2\/posts\/3853","targetHints":{"allow":["GET"]}}],"collection":[{"href":"https:\/\/academiespatiale.fr\/index.php\/wp-json\/wp\/v2\/posts"}],"about":[{"href":"https:\/\/academiespatiale.fr\/index.php\/wp-json\/wp\/v2\/types\/post"}],"author":[{"embeddable":true,"href":"https:\/\/academiespatiale.fr\/index.php\/wp-json\/wp\/v2\/users\/1"}],"replies":[{"embeddable":true,"href":"https:\/\/academiespatiale.fr\/index.php\/wp-json\/wp\/v2\/comments?post=3853"}],"version-history":[{"count":8,"href":"https:\/\/academiespatiale.fr\/index.php\/wp-json\/wp\/v2\/posts\/3853\/revisions"}],"predecessor-version":[{"id":7403,"href":"https:\/\/academiespatiale.fr\/index.php\/wp-json\/wp\/v2\/posts\/3853\/revisions\/7403"}],"wp:featuredmedia":[{"embeddable":true,"href":"https:\/\/academiespatiale.fr\/index.php\/wp-json\/wp\/v2\/media\/3855"}],"wp:attachment":[{"href":"https:\/\/academiespatiale.fr\/index.php\/wp-json\/wp\/v2\/media?parent=3853"}],"wp:term":[{"taxonomy":"category","embeddable":true,"href":"https:\/\/academiespatiale.fr\/index.php\/wp-json\/wp\/v2\/categories?post=3853"},{"taxonomy":"post_tag","embeddable":true,"href":"https:\/\/academiespatiale.fr\/index.php\/wp-json\/wp\/v2\/tags?post=3853"}],"curies":[{"name":"wp","href":"https:\/\/api.w.org\/{rel}","templated":true}]}}