{"id":3553,"date":"2025-02-26T12:04:58","date_gmt":"2025-02-26T11:04:58","guid":{"rendered":"https:\/\/academiespatiale.fr\/?p=3553"},"modified":"2026-01-06T17:36:25","modified_gmt":"2026-01-06T16:36:25","slug":"evenement-lancement-en-direct-duvsq-sat-ng","status":"publish","type":"post","link":"https:\/\/academiespatiale.fr\/index.php\/2025\/02\/26\/evenement-lancement-en-direct-duvsq-sat-ng\/","title":{"rendered":"[\u00c9v\u00e8nement] Suivez EN DIRECT le lancement d&rsquo;UVSQ-SAT NG"},"content":{"rendered":"\n<div class=\"wp-block-columns has-text-color has-link-color wp-elements-e673af4000d0b3c096a66b181f7b0bbd is-layout-flex wp-container-core-columns-is-layout-deb2fee4 wp-block-columns-is-layout-flex\" style=\"color:#b1b1b1;margin-top:-25px;margin-bottom:20px;padding-top:0;padding-right:0;padding-bottom:0;padding-left:0;font-size:15px\">\n<div class=\"wp-block-column has-text-color has-link-color wp-elements-5a4d4e7b16cdb21f05469acdf2368671 is-layout-flow wp-block-column-is-layout-flow\" style=\"color:#a1a1a1;padding-top:0;padding-bottom:0;font-size:15px;font-style:normal;font-weight:100;flex-basis:100%\"><div class=\"aioseo-breadcrumbs\"><span class=\"aioseo-breadcrumb\">\n\t\t\t<a href=\"https:\/\/academiespatiale.fr\" title=\"Home\">Home<\/a>\n\t\t<\/span><span class=\"aioseo-breadcrumb-separator\">&raquo;<\/span><span class=\"aioseo-breadcrumb\">\n\t\t\t<a href=\"https:\/\/academiespatiale.fr\/index.php\/category\/evenements\/\" title=\"\u00c9v\u00e8nements\">\u00c9v\u00e8nements<\/a>\n\t\t<\/span><span class=\"aioseo-breadcrumb-separator\">&raquo;<\/span><span class=\"aioseo-breadcrumb\">\n\t\t\t<a href=\"https:\/\/academiespatiale.fr\/index.php\/category\/evenements\/communaute\/\" title=\"Communaut\u00e9\">Communaut\u00e9<\/a>\n\t\t<\/span><span class=\"aioseo-breadcrumb-separator\">&raquo;<\/span><span class=\"aioseo-breadcrumb\">\n\t\t\t[\u00c9v\u00e8nement] Suivez EN DIRECT le lancement d\u2019UVSQ-SAT NG\n\t\t<\/span><\/div><\/div>\n<\/div>\n\n\n\n<p><strong>UVSQ-SAT NG est un satellite con\u00e7u pour observer la Terre et les gaz \u00e0 effet de serre depuis l&rsquo;espace  sera lanc\u00e9 \u00e0 bord d&rsquo;une fus\u00e9e Falcon 9 de Space X qui d\u00e9collera de la base de Vandenberg en Californie, le 15 mars 2025 \u00e0 7h39.<\/strong><\/p>\n\n\n\n<p>La mise en oeuvre de ce satellite est le r\u00e9sultat d&rsquo;une collaboration \u00e9troite entre le LATMOS, l&rsquo;OVSQ, des industriels (ACRI-ST, GAMECA, ADRELYS, ISISPACE, GOMSPACE, SDR, etc.) et la communaut\u00e9 des radioamateurs (AMSAT-F, F6KRK, etc.).<\/p>\n\n\n\n<div class=\"wp-block-columns is-layout-flex wp-container-core-columns-is-layout-28f84493 wp-block-columns-is-layout-flex\">\n<div class=\"wp-block-column is-vertically-aligned-center is-layout-flow wp-block-column-is-layout-flow\">\n<hr class=\"wp-block-separator has-alpha-channel-opacity\" style=\"margin-top:var(--wp--preset--spacing--50);margin-bottom:var(--wp--preset--spacing--50)\"\/>\n\n\n\n<p class=\"has-text-align-center\"><strong>Samedi 15 mars 2025<br>de 7h \u00e0 13h30 puis 22h<\/strong><\/p>\n\n\n\n<p class=\"has-text-align-center\">OVSQ, Amphi M\u00e9gie<br>11, boulevard d&rsquo;Alembert<br>Guyancourt<\/p>\n\n\n\n<p class=\"has-text-align-center has-small-font-size\">Entr\u00e9e gratuite<br><strong><a href=\"https:\/\/www.uvsq.fr\/lancement-imminent-duvsq-sat-ng\" target=\"_blank\" rel=\"noopener\" title=\"\">Inscription obligatoire ! <br><\/a><\/strong><br>Pourquoi tant de reports ?<br>Ce lancement est tributaires de celui des missions NASA PUNCH et SPHERE (pr\u00e9c\u00e9dent UVSQ-Sat) qui a \u00e9t\u00e9 repouss\u00e9 suite \u00e0 de mauvaises conditions m\u00e9t\u00e9orologiques.<br><br>Vous pouvez suivre la programmation SPACE X ici :&nbsp;<a href=\"https:\/\/nextspaceflight.com\/launches\/agency\/upcoming\/1\/\" target=\"_blank\" rel=\"noreferrer noopener\">https:\/\/nextspaceflight.com\/launches\/agency\/upcoming\/1\/<\/a>&nbsp;(heure de Paris). UVSQ-Sat est embarqu\u00e9 sur la fus\u00e9e Falcon 9 Block 5 | Transporter 13, d\u00e9part de Vanderberg.<\/p>\n\n\n\n<hr class=\"wp-block-separator has-alpha-channel-opacity\"\/>\n<\/div>\n\n\n\n<div class=\"wp-block-column is-layout-flow wp-block-column-is-layout-flow\">\n<figure class=\"wp-block-image size-large\"><a href=\"https:\/\/www.uvsq.fr\/lancement-imminent-duvsq-sat-ng\" target=\"_blank\" rel=\" noreferrer noopener\"><img loading=\"lazy\" decoding=\"async\" width=\"724\" height=\"1024\" src=\"https:\/\/academiespatiale.fr\/wp-content\/uploads\/2025\/02\/UVSQ-SAT-NG-Plaquette-2025V2_Page_1-724x1024.jpg\" alt=\"\" class=\"wp-image-3554\" srcset=\"https:\/\/academiespatiale.fr\/wp-content\/uploads\/2025\/02\/UVSQ-SAT-NG-Plaquette-2025V2_Page_1-724x1024.jpg 724w, https:\/\/academiespatiale.fr\/wp-content\/uploads\/2025\/02\/UVSQ-SAT-NG-Plaquette-2025V2_Page_1-212x300.jpg 212w, https:\/\/academiespatiale.fr\/wp-content\/uploads\/2025\/02\/UVSQ-SAT-NG-Plaquette-2025V2_Page_1-768x1086.jpg 768w, https:\/\/academiespatiale.fr\/wp-content\/uploads\/2025\/02\/UVSQ-SAT-NG-Plaquette-2025V2_Page_1-1086x1536.jpg 1086w, https:\/\/academiespatiale.fr\/wp-content\/uploads\/2025\/02\/UVSQ-SAT-NG-Plaquette-2025V2_Page_1-1448x2048.jpg 1448w, https:\/\/academiespatiale.fr\/wp-content\/uploads\/2025\/02\/UVSQ-SAT-NG-Plaquette-2025V2_Page_1.jpg 1629w\" sizes=\"auto, (max-width: 724px) 100vw, 724px\" \/><\/a><\/figure>\n<\/div>\n<\/div>\n\n\n\n<p class=\"has-background-color-background-color has-background\">INFOS &amp; INSCRIPTIONS<br>\u2192 <a href=\"https:\/\/www.uvsq.fr\/lancement-imminent-duvsq-sat-ng\" target=\"_blank\" rel=\"noopener\" title=\"\">Lancement imminent d&rsquo;UVSQ-SAT NG &#8211; UVSQ<\/a><br>Cette page est mise \u00e0 jour en temps r\u00e9el, consultez l\u00e0 avant de vous d\u00e9placer.<\/p>\n\n\n\n<h2 class=\"wp-block-heading\">Programme<\/h2>\n\n\n\n<p><em>7h Accueil<\/em><\/p>\n\n\n\n<p><strong>7h20 Ouverture de la journ\u00e9e<\/strong><br>Pr\u00e9sentation de l&rsquo;Acad\u00e9mie Spatiale Ile-de-France<br>Explication du d\u00e9roul\u00e9 du lancement par S\u00e9bastien Durand<\/p>\n\n\n\n<p><strong>7h39 DIRECT<\/strong><br>Lancement du satellite UVSQ-SAT NG avec Falcon 9 &#8211;&nbsp; Transporter 13<br>Direct avec la base militaire de Vandenberg en Californie avec&nbsp;Mustapha Meftah<\/p>\n\n\n\n<p><strong>8h15 Discours<\/strong><br>Film de pr\u00e9sentation de la mission spatiale UVSQ-SAT NG<br>Pr\u00e9sentation de la mission UVSQ-SAT NG avec&nbsp;Andr\u00e9-Jean Vieau et Cannelle Clavier<\/p>\n\n\n\n<p><strong>9h39 DIRECT<br>Ejection du satellite \u00e0 une altitude de 600 km<\/strong><\/p>\n\n\n\n<p><em>10h30 Pause caf\u00e9<\/em><\/p>\n\n\n\n<p><strong>10h50&nbsp;Programme spatial,<\/strong> un atout essentiel pour le climat avec Philippe Ciais<br>Cr\u00e9ativit\u00e9 et innovation dans le territoire avec Yannick Avelino<\/p>\n\n\n\n<p><strong>11h25 Droit spatial et enjeux juridiques<\/strong> avec Philippe Achilleas : \u00ab La loi des op\u00e9rations spatiales et ses enjeux \u00bb<br><strong>11h35 M\u00e9decine et spatial <\/strong>avec Jean-Paul Carta :&nbsp;\u00ab Un v\u00eatement connect\u00e9 r\u00e9volutionnaire au service de la sant\u00e9 et des astronautes \u00bb<br><strong>11h45 Recherche et \u00e9ducation<\/strong> avec Alain Sarkissian :&nbsp;\u00ab Pr\u00e9sentation du programme \u2018Space Ready\u2019 et des aspects p\u00e9dagogiques mis en \u0153uvre autour du programme Uvsq-Sat NG \u00bb<br><strong>12h Table ronde<\/strong> :&nbsp;\u00ab&nbsp;Comment les Yvelines et l&rsquo;\u00cele-de-France restent des acteurs cl\u00e9s de la course spatiale&nbsp;\u00bb avec&nbsp;Jean-Luc Poupat, Antoine Mangin, Philippe Keckhut.<\/p>\n\n\n\n<p><em>12h30 D\u00e9jeuner<\/em><\/p>\n\n\n\n<p><strong>13h30 Premi\u00e8re r\u00e9ception des donn\u00e9es du satellite<\/strong>&nbsp;&#8211; T\u00e9l\u00e9chargement des donn\u00e9es par le LATMOS&nbsp;<br>Visite de la Plateforme d&rsquo;int\u00e9gration et de tests et du mur d&rsquo;images<\/p>\n\n\n\n<p><strong>22h Deuxi\u00e8me passage du satellite<\/strong><\/p>\n","protected":false},"excerpt":{"rendered":"<p>UVSQ-SAT NG est un satellite con\u00e7u pour observer la Terre et les gaz \u00e0 effet de serre depuis l&rsquo;espace sera lanc\u00e9 \u00e0 bord d&rsquo;une fus\u00e9e Falcon 9 de Space X qui d\u00e9collera de la base de Vandenberg en Californie, le 15 mars 2025 \u00e0 7h39. La mise en oeuvre de [&hellip;]<\/p>\n","protected":false},"author":1,"featured_media":3573,"comment_status":"closed","ping_status":"open","sticky":false,"template":"","format":"standard","meta":{"_monsterinsights_skip_tracking":false,"_monsterinsights_sitenote_active":false,"_monsterinsights_sitenote_note":"","_monsterinsights_sitenote_category":0,"_EventAllDay":false,"_EventTimezone":"","_EventStartDate":"","_EventEndDate":"","_EventStartDateUTC":"","_EventEndDateUTC":"","_EventShowMap":false,"_EventShowMapLink":false,"_EventURL":"","_EventCost":"","_EventCostDescription":"","_EventCurrencySymbol":"","_EventCurrencyCode":"","_EventCurrencyPosition":"","_EventDateTimeSeparator":"","_EventTimeRangeSeparator":"","_EventOrganizerID":[],"_EventVenueID":[],"_OrganizerEmail":"","_OrganizerPhone":"","_OrganizerWebsite":"","_VenueAddress":"","_VenueCity":"","_VenueCountry":"","_VenueProvince":"","_VenueState":"","_VenueZip":"","_VenuePhone":"","_VenueURL":"","_VenueStateProvince":"","_VenueLat":"","_VenueLng":"","_VenueShowMap":false,"_VenueShowMapLink":false,"footnotes":""},"categories":[8,14,35],"tags":[],"class_list":["post-3553","post","type-post","status-publish","format-standard","has-post-thumbnail","hentry","category-communaute","category-evenements","category-secteur-spatial"],"aioseo_notices":[],"_links":{"self":[{"href":"https:\/\/academiespatiale.fr\/index.php\/wp-json\/wp\/v2\/posts\/3553","targetHints":{"allow":["GET"]}}],"collection":[{"href":"https:\/\/academiespatiale.fr\/index.php\/wp-json\/wp\/v2\/posts"}],"about":[{"href":"https:\/\/academiespatiale.fr\/index.php\/wp-json\/wp\/v2\/types\/post"}],"author":[{"embeddable":true,"href":"https:\/\/academiespatiale.fr\/index.php\/wp-json\/wp\/v2\/users\/1"}],"replies":[{"embeddable":true,"href":"https:\/\/academiespatiale.fr\/index.php\/wp-json\/wp\/v2\/comments?post=3553"}],"version-history":[{"count":17,"href":"https:\/\/academiespatiale.fr\/index.php\/wp-json\/wp\/v2\/posts\/3553\/revisions"}],"predecessor-version":[{"id":7396,"href":"https:\/\/academiespatiale.fr\/index.php\/wp-json\/wp\/v2\/posts\/3553\/revisions\/7396"}],"wp:featuredmedia":[{"embeddable":true,"href":"https:\/\/academiespatiale.fr\/index.php\/wp-json\/wp\/v2\/media\/3573"}],"wp:attachment":[{"href":"https:\/\/academiespatiale.fr\/index.php\/wp-json\/wp\/v2\/media?parent=3553"}],"wp:term":[{"taxonomy":"category","embeddable":true,"href":"https:\/\/academiespatiale.fr\/index.php\/wp-json\/wp\/v2\/categories?post=3553"},{"taxonomy":"post_tag","embeddable":true,"href":"https:\/\/academiespatiale.fr\/index.php\/wp-json\/wp\/v2\/tags?post=3553"}],"curies":[{"name":"wp","href":"https:\/\/api.w.org\/{rel}","templated":true}]}}