{"id":3499,"date":"2025-02-21T16:31:27","date_gmt":"2025-02-21T15:31:27","guid":{"rendered":"https:\/\/academiespatiale.fr\/?p=3499"},"modified":"2026-01-06T17:36:14","modified_gmt":"2026-01-06T16:36:14","slug":"journee-internationale-des-droits-des-femmes","status":"publish","type":"post","link":"https:\/\/academiespatiale.fr\/index.php\/2025\/02\/21\/journee-internationale-des-droits-des-femmes\/","title":{"rendered":"Femmes &amp; Espace : Journ\u00e9e Internationale des Droits des Femmes"},"content":{"rendered":"\n<div class=\"wp-block-columns has-text-color has-link-color wp-elements-e673af4000d0b3c096a66b181f7b0bbd is-layout-flex wp-container-core-columns-is-layout-deb2fee4 wp-block-columns-is-layout-flex\" style=\"color:#b1b1b1;margin-top:-25px;margin-bottom:20px;padding-top:0;padding-right:0;padding-bottom:0;padding-left:0;font-size:15px\">\n<div class=\"wp-block-column has-text-color has-link-color wp-elements-5a4d4e7b16cdb21f05469acdf2368671 is-layout-flow wp-block-column-is-layout-flow\" style=\"color:#a1a1a1;padding-top:0;padding-bottom:0;font-size:15px;font-style:normal;font-weight:100;flex-basis:100%\"><div class=\"aioseo-breadcrumbs\"><span class=\"aioseo-breadcrumb\">\n\t\t\t<a href=\"https:\/\/academiespatiale.fr\" title=\"Home\">Home<\/a>\n\t\t<\/span><span class=\"aioseo-breadcrumb-separator\">&raquo;<\/span><span class=\"aioseo-breadcrumb\">\n\t\t\t<a href=\"https:\/\/academiespatiale.fr\/index.php\/category\/egalite-chances\/\" title=\"\u00c9galit\u00e9 des chances\">\u00c9galit\u00e9 des chances<\/a>\n\t\t<\/span><span class=\"aioseo-breadcrumb-separator\">&raquo;<\/span><span class=\"aioseo-breadcrumb\">\n\t\t\tFemmes &amp; Espace : Journ\u00e9e Internationale des Droits des Femmes\n\t\t<\/span><\/div><\/div>\n<\/div>\n\n\n\n<p>\u00c0 l\u2019occasion de la <strong>Journ\u00e9e internationale des droits des femmes<\/strong>, l\u2019Acad\u00e9mie Spatiale met en lumi\u00e8re les femmes qui fa\u00e7onnent le monde spatial. <\/p>\n\n\n\n<p>Sur cette page, retrouvez les \u00e9v\u00e9nements d\u00e9di\u00e9s aux femmes dans le spatial :<\/p>\n\n\n\n<div style=\"height:10px\" aria-hidden=\"true\" class=\"wp-block-spacer\"><\/div>\n\n\n\n<div class=\"wp-block-columns is-layout-flex wp-container-core-columns-is-layout-28f84493 wp-block-columns-is-layout-flex\">\n<div class=\"wp-block-column is-layout-flow wp-block-column-is-layout-flow\">\n<figure class=\"wp-block-image size-full\"><a href=\"https:\/\/academiespatiale.fr\/index.php\/2025\/02\/21\/journee-internationale-des-droits-des-femmes\/#aioseo-cerveau-et-sante-spatiale-des-femmes-en-action\"><img loading=\"lazy\" decoding=\"async\" width=\"750\" height=\"500\" src=\"https:\/\/academiespatiale.fr\/wp-content\/uploads\/2025\/02\/Sante-spatiale-8mars2025.png\" alt=\"\" class=\"wp-image-3509\" srcset=\"https:\/\/academiespatiale.fr\/wp-content\/uploads\/2025\/02\/Sante-spatiale-8mars2025.png 750w, https:\/\/academiespatiale.fr\/wp-content\/uploads\/2025\/02\/Sante-spatiale-8mars2025-300x200.png 300w, https:\/\/academiespatiale.fr\/wp-content\/uploads\/2025\/02\/Sante-spatiale-8mars2025-360x240.png 360w\" sizes=\"auto, (max-width: 750px) 100vw, 750px\" \/><\/a><\/figure>\n\n\n\n<p><strong>8 mars, 14h30-18h15<br>Cerveau et sant\u00e9 spatiale<br><\/strong>Conf\u00e9rences, t\u00e9moignages et \u00e9changes<br><em>Universit\u00e9 Paris Cit\u00e9<\/em><\/p>\n<\/div>\n\n\n\n<div class=\"wp-block-column is-layout-flow wp-block-column-is-layout-flow\">\n<figure class=\"wp-block-image size-full\"><a href=\"https:\/\/academiespatiale.fr\/index.php\/2025\/02\/21\/journee-internationale-des-droits-des-femmes\/#aioseo-spectacle-cosmos\"><img loading=\"lazy\" decoding=\"async\" width=\"750\" height=\"500\" src=\"https:\/\/academiespatiale.fr\/wp-content\/uploads\/2025\/02\/COSMOS_7mars2025.png\" alt=\"\" class=\"wp-image-3517\" srcset=\"https:\/\/academiespatiale.fr\/wp-content\/uploads\/2025\/02\/COSMOS_7mars2025.png 750w, https:\/\/academiespatiale.fr\/wp-content\/uploads\/2025\/02\/COSMOS_7mars2025-300x200.png 300w, https:\/\/academiespatiale.fr\/wp-content\/uploads\/2025\/02\/COSMOS_7mars2025-360x240.png 360w\" sizes=\"auto, (max-width: 750px) 100vw, 750px\" \/><\/a><\/figure>\n\n\n\n<p><strong>7 mars, 20h<br>COSMOS<\/strong><br>Spectacle (32\u20ac\/21\u20ac)<br><em>L&rsquo;Avant-Seine \/ Th\u00e9\u00e2tre de Colombes<\/em><\/p>\n<\/div>\n\n\n\n<div class=\"wp-block-column is-layout-flow wp-block-column-is-layout-flow\">\n<figure class=\"wp-block-image size-full\"><a href=\"https:\/\/academiespatiale.fr\/index.php\/2025\/02\/21\/journee-internationale-des-droits-des-femmes\/#aioseo-soiree-femmes-sciences\"><img loading=\"lazy\" decoding=\"async\" width=\"750\" height=\"500\" src=\"https:\/\/academiespatiale.fr\/wp-content\/uploads\/2025\/02\/Melle_7mars2025.png\" alt=\"\" class=\"wp-image-3524\" srcset=\"https:\/\/academiespatiale.fr\/wp-content\/uploads\/2025\/02\/Melle_7mars2025.png 750w, https:\/\/academiespatiale.fr\/wp-content\/uploads\/2025\/02\/Melle_7mars2025-300x200.png 300w, https:\/\/academiespatiale.fr\/wp-content\/uploads\/2025\/02\/Melle_7mars2025-360x240.png 360w\" sizes=\"auto, (max-width: 750px) 100vw, 750px\" \/><\/a><\/figure>\n\n\n\n<p><strong>7 mars, 18h<br>Soir\u00e9e Femmes &amp; Sciences<\/strong><br>Conf\u00e9rences, buffet et cin\u00e9ma (soir\u00e9e gratuit sauf film 7\u20ac\/5,50\u20ac)<br><em>Mairie de Melle<\/em><\/p>\n<\/div>\n<\/div>\n\n\n\n<hr class=\"wp-block-separator has-alpha-channel-opacity\"\/>\n\n\n\n<div style=\"height:20px\" aria-hidden=\"true\" class=\"wp-block-spacer\"><\/div>\n\n\n\n<div class=\"wp-block-columns is-layout-flex wp-container-core-columns-is-layout-28f84493 wp-block-columns-is-layout-flex\">\n<div class=\"wp-block-column is-layout-flow wp-block-column-is-layout-flow\">\n<figure class=\"wp-block-image size-full\"><a href=\"https:\/\/academiespatiale.fr\/index.php\/2024\/10\/18\/lancement-officiel-du-podcast-elles-font-lespace\/\"><img loading=\"lazy\" decoding=\"async\" width=\"750\" height=\"500\" src=\"https:\/\/academiespatiale.fr\/wp-content\/uploads\/2024\/10\/Podcast_Elles-font-espace.png\" alt=\"\" class=\"wp-image-2104\" srcset=\"https:\/\/academiespatiale.fr\/wp-content\/uploads\/2024\/10\/Podcast_Elles-font-espace.png 750w, https:\/\/academiespatiale.fr\/wp-content\/uploads\/2024\/10\/Podcast_Elles-font-espace-300x200.png 300w, https:\/\/academiespatiale.fr\/wp-content\/uploads\/2024\/10\/Podcast_Elles-font-espace-360x240.png 360w\" sizes=\"auto, (max-width: 750px) 100vw, 750px\" \/><\/a><\/figure>\n<\/div>\n\n\n\n<div class=\"wp-block-column is-vertically-aligned-center is-layout-flow wp-block-column-is-layout-flow\">\n<p><strong>Podcast \u00ab&nbsp;Elles font l&rsquo;Espace&nbsp;\u00bb<\/strong><\/p>\n\n\n\n<p class=\"has-text-align-left\">8 \u00e9pisodes qui mettent en lumi\u00e8re les parcours inspirants de femmes dans le spatial !<\/p>\n<\/div>\n<\/div>\n\n\n\n<div style=\"height:20px\" aria-hidden=\"true\" class=\"wp-block-spacer\"><\/div>\n\n\n\n<hr class=\"wp-block-separator has-alpha-channel-opacity\"\/>\n\n\n\n<div style=\"height:20px\" aria-hidden=\"true\" class=\"wp-block-spacer\"><\/div>\n\n\n\n<h2 class=\"wp-block-heading\" id=\"aioseo-cerveau-et-sante-spatiale-des-femmes-en-action\">Cerveau et sant\u00e9 spatiale, des femmes en action !<\/h2>\n\n\n\n<p>\u00c0 l\u2019occasion de la Semaine du Cerveau et de la Journ\u00e9e Internationale des Droits des Femmes, le P\u00f4le spatial Universit\u00e9 Paris Cit\u00e9 vous invite \u00e0 un \u00e9v\u00e9nement captivant d\u00e9di\u00e9 \u00e0 la sant\u00e9 et aux neurosciences en milieu spatial. Cet \u00e9v\u00e9nement, ouvert \u00e0 toutes et \u00e0 tous, mettra en lumi\u00e8re les travaux passionnants de femmes m\u00e9decins et chercheures repoussant les fronti\u00e8res de la connaissance, tant pour l\u2019exploration spatiale que pour la sant\u00e9 sur Terre.<\/p>\n\n\n\n<div class=\"wp-block-columns is-layout-flex wp-container-core-columns-is-layout-28f84493 wp-block-columns-is-layout-flex\">\n<div class=\"wp-block-column is-layout-flow wp-block-column-is-layout-flow\">\n<hr class=\"wp-block-separator has-alpha-channel-opacity\" style=\"margin-top:var(--wp--preset--spacing--50);margin-bottom:var(--wp--preset--spacing--50)\"\/>\n\n\n\n<p class=\"has-text-align-center\"><strong>Samedi 8 mars 2025<br>De 14h30 \u00e0 18h15<\/strong><\/p>\n\n\n\n<p class=\"has-text-align-center\">Amphith\u00e9\u00e2tre Weiss<br>Campus Saint-Germain-des-Pr\u00e9s<br>Universit\u00e9 Paris Cit\u00e9<br>45, rue des Saints-P\u00e8res, 75006 Paris<\/p>\n\n\n\n<p class=\"has-text-align-center has-small-font-size\">Entr\u00e9e gratuite, sur inscription<\/p>\n\n\n\n<hr class=\"wp-block-separator has-alpha-channel-opacity\" style=\"margin-top:var(--wp--preset--spacing--50);margin-bottom:var(--wp--preset--spacing--50)\"\/>\n\n\n\n<p>Au programme :<\/p>\n\n\n\n<p>\u2013 Conf\u00e9rences accessibles et passionnantes !<br>\u2013 T\u00e9moignages inspirants de femmes scientifiques et m\u00e9decins.<br>\u2013 \u00c9changes autour des avanc\u00e9es qui rapprochent science et exploration spatiale.<\/p>\n<\/div>\n\n\n\n<div class=\"wp-block-column is-layout-flow wp-block-column-is-layout-flow\">\n<figure class=\"wp-block-image size-large\"><a href=\"https:\/\/u-paris.fr\/%C3%A9v%C3%A8nement\/cerveau-et-sante-spatiale-des-femmes-en-action\/\" target=\"_blank\" rel=\" noreferrer noopener\"><img loading=\"lazy\" decoding=\"async\" width=\"683\" height=\"1024\" src=\"https:\/\/academiespatiale.fr\/wp-content\/uploads\/2025\/02\/8mars2025_Cerveau-et-sante-spatiale-683x1024.png\" alt=\"\" class=\"wp-image-3501\" srcset=\"https:\/\/academiespatiale.fr\/wp-content\/uploads\/2025\/02\/8mars2025_Cerveau-et-sante-spatiale-683x1024.png 683w, https:\/\/academiespatiale.fr\/wp-content\/uploads\/2025\/02\/8mars2025_Cerveau-et-sante-spatiale-200x300.png 200w, https:\/\/academiespatiale.fr\/wp-content\/uploads\/2025\/02\/8mars2025_Cerveau-et-sante-spatiale-768x1152.png 768w, https:\/\/academiespatiale.fr\/wp-content\/uploads\/2025\/02\/8mars2025_Cerveau-et-sante-spatiale-1024x1536.png 1024w, https:\/\/academiespatiale.fr\/wp-content\/uploads\/2025\/02\/8mars2025_Cerveau-et-sante-spatiale-1365x2048.png 1365w\" sizes=\"auto, (max-width: 683px) 100vw, 683px\" \/><\/a><\/figure>\n<\/div>\n<\/div>\n\n\n\n<p class=\"has-background-color-background-color has-background\"><strong>INSCRIPTION<\/strong><br>\u2192 <a href=\"https:\/\/evento.renater.fr\/survey\/inscription-cerveau-et-sante-spatiale-des-femmes-en-action-h2vrl9yn\" target=\"_blank\" rel=\"noopener\" title=\"\">R\u00e9pondre au sondage &#8211; Inscription : Cerveau et Sant\u00e9 Spatiale : des femmes en action ! &#8211; Evento<\/a><br><br>Plus d&rsquo;infos<br>\u2192 <a href=\"https:\/\/u-paris.fr\/%C3%A9v%C3%A8nement\/cerveau-et-sante-spatiale-des-femmes-en-action\/\" target=\"_blank\" rel=\"noopener\" title=\"\">Cerveau et sant\u00e9 spatiale, des femmes en action ! | Universit\u00e9 Paris Cit\u00e9<\/a><\/p>\n\n\n\n<div style=\"height:20px\" aria-hidden=\"true\" class=\"wp-block-spacer\"><\/div>\n\n\n\n<hr class=\"wp-block-separator has-alpha-channel-opacity\" style=\"margin-top:var(--wp--preset--spacing--50);margin-bottom:var(--wp--preset--spacing--50)\"\/>\n\n\n\n<h2 class=\"wp-block-heading\" id=\"aioseo-spectacle-cosmos\">Spectacle COSMOS<\/h2>\n\n\n\n<p>Inspir\u00e9 d\u2019une histoire vraie, Cosmos nous propulse au d\u00e9but des ann\u00e9es 6o, en pleine course aux \u00e9toiles. Aux \u00c9tats-Unis, des femmes pilotes sont s\u00e9lectionn\u00e9es pour participer \u00e0 un programme de la NASA et devenir ainsi les premi\u00e8res femmes \u00e0 marcher sur la lune ! Ces MERCURY 13, fin pr\u00eates et motiv\u00e9es, bravent tous les tests sans savoir que leur r\u00eave d\u2019apesanteur pourrait bien \u00eatre menac\u00e9\u2026 Entre flashbacks historiques, astrophysique et moments suspendus servis par d\u2019incroyables com\u00e9diennes, le spectacle fait dialoguer les \u00e9poques, l\u2019intime et l\u2019universel. Il interroge remarquablement nos possibles, nos capacit\u00e9s \u00e0 nous d\u00e9passer, \u00e0 braver les injustices et \u00e0 faire bouger les lignes\u2026 Et distille sur fond de poussi\u00e8res stellaires l\u2019id\u00e9e de ne jamais cesser de croire en ses r\u00eaves.<\/p>\n\n\n\n<div class=\"wp-block-columns is-layout-flex wp-container-core-columns-is-layout-28f84493 wp-block-columns-is-layout-flex\">\n<div class=\"wp-block-column is-layout-flow wp-block-column-is-layout-flow\">\n<figure class=\"wp-block-video\"><video height=\"2160\" style=\"aspect-ratio: 2160 \/ 2160;\" width=\"2160\" controls src=\"https:\/\/academiespatiale.fr\/wp-content\/uploads\/2025\/02\/V2-sponso-cosmos-habillage.mp4\"><\/video><\/figure>\n<\/div>\n\n\n\n<div class=\"wp-block-column is-layout-flow wp-block-column-is-layout-flow\">\n<hr class=\"wp-block-separator has-alpha-channel-opacity\"\/>\n\n\n\n<p class=\"has-text-align-center\"><strong>Vendredi 7 mars 2025, 20h<br><\/strong>(dur\u00e9e du spectacle 1h40)<\/p>\n\n\n\n<p class=\"has-text-align-center\">L&rsquo;Avant Seine \/ Th\u00e9\u00e2tre de Colombes<br>88, rue Saint-Denis, Paris<\/p>\n\n\n\n<p class=\"has-text-align-center has-small-font-size\">32\u20ac en plein tarif<br>21\u20ac pour les moins de 30 ans<\/p>\n\n\n\n<hr class=\"wp-block-separator has-alpha-channel-opacity\"\/>\n<\/div>\n<\/div>\n\n\n\n<p class=\"has-background-color-background-color has-background\">BILLETERIE<br>\u2192 <a href=\"https:\/\/lavant-seine.mapado.com\/event\/360279-cosmos\" target=\"_blank\" rel=\"noopener\" title=\"\">Cosmos &#8211; L&rsquo;Avant Seine \/ Th\u00e9\u00e2tre de Colombes &#8211; Billetterie officielle<\/a><\/p>\n\n\n\n<div style=\"height:20px\" aria-hidden=\"true\" class=\"wp-block-spacer\"><\/div>\n\n\n\n<hr class=\"wp-block-separator has-alpha-channel-opacity\"\/>\n\n\n\n<h2 class=\"wp-block-heading\" id=\"aioseo-soiree-femmes-sciences\">Soir\u00e9e Femmes &amp; Sciences<\/h2>\n\n\n\n<p>Dans le cadre de sa politique culturelle, la ville de Melle a souhait\u00e9 marquer la date du 8 mars 2024 : Journ\u00e9e internationale des droits des femmes, d\u00e9clar\u00e9e comme telle par l\u2019Organisation des Nations-Unies en 1977.<\/p>\n\n\n\n<p>\u00c0 cette occasion, l&rsquo;association La B\u00eata-Pi organise une soir\u00e9e Femmes &amp; Sciences :<\/p>\n\n\n\n<hr class=\"wp-block-separator has-alpha-channel-opacity\"\/>\n\n\n\n<p class=\"has-text-align-center\"><strong>Vendredi 7 mars \u00e0 partir de 18h<br><\/strong>Metullum, Salle An\u00e9mone, Melle <\/p>\n\n\n\n<hr class=\"wp-block-separator has-alpha-channel-opacity\"\/>\n\n\n\n<ul class=\"wp-block-list\">\n<li>18h &#8211; Plongez dans l&rsquo;univers du Podcast \u00ab\u00a0Elles font l&rsquo;Espace\u00a0\u00bb<\/li>\n\n\n\n<li>18h45 &#8211; Rencontre avec Claire Elss : agir pour un spatial plus inclusif et durable<\/li>\n\n\n\n<li>19h30 &#8211; \u00c9changes avec les participant\u00b7es<\/li>\n\n\n\n<li>20h &#8211; Buffet l\u00e9ger offert par la Ville de Melle<\/li>\n\n\n\n<li>20h30 &#8211; Film les figures de l&rsquo;ombre (Cinema Le M\u00e9li\u00e8s, Salle An\u00e9mone, tarif plein 7\u20ac\/ r\u00e9duit 5,50\u20ac)<\/li>\n<\/ul>\n\n\n\n<div class=\"wp-block-columns is-layout-flex wp-container-core-columns-is-layout-28f84493 wp-block-columns-is-layout-flex\">\n<div class=\"wp-block-column is-layout-flow wp-block-column-is-layout-flow\">\n<figure data-wp-context=\"{&quot;imageId&quot;:&quot;69f270721dafa&quot;}\" data-wp-interactive=\"core\/image\" data-wp-key=\"69f270721dafa\" class=\"wp-block-image size-large wp-lightbox-container\"><img loading=\"lazy\" decoding=\"async\" width=\"720\" height=\"1024\" data-wp-class--hide=\"state.isContentHidden\" data-wp-class--show=\"state.isContentVisible\" data-wp-init=\"callbacks.setButtonStyles\" data-wp-on--click=\"actions.showLightbox\" data-wp-on--load=\"callbacks.setButtonStyles\" data-wp-on-window--resize=\"callbacks.setButtonStyles\" src=\"https:\/\/academiespatiale.fr\/wp-content\/uploads\/2025\/02\/Melle_flyer_8mars2025-720x1024.jpg\" alt=\"\" class=\"wp-image-3521\" srcset=\"https:\/\/academiespatiale.fr\/wp-content\/uploads\/2025\/02\/Melle_flyer_8mars2025-720x1024.jpg 720w, https:\/\/academiespatiale.fr\/wp-content\/uploads\/2025\/02\/Melle_flyer_8mars2025-211x300.jpg 211w, https:\/\/academiespatiale.fr\/wp-content\/uploads\/2025\/02\/Melle_flyer_8mars2025-768x1093.jpg 768w, https:\/\/academiespatiale.fr\/wp-content\/uploads\/2025\/02\/Melle_flyer_8mars2025.jpg 795w\" sizes=\"auto, (max-width: 720px) 100vw, 720px\" \/><button\n\t\t\tclass=\"lightbox-trigger\"\n\t\t\ttype=\"button\"\n\t\t\taria-haspopup=\"dialog\"\n\t\t\taria-label=\"Agrandir\"\n\t\t\tdata-wp-init=\"callbacks.initTriggerButton\"\n\t\t\tdata-wp-on--click=\"actions.showLightbox\"\n\t\t\tdata-wp-style--right=\"state.imageButtonRight\"\n\t\t\tdata-wp-style--top=\"state.imageButtonTop\"\n\t\t>\n\t\t\t<svg xmlns=\"http:\/\/www.w3.org\/2000\/svg\" width=\"12\" height=\"12\" fill=\"none\" viewBox=\"0 0 12 12\">\n\t\t\t\t<path fill=\"#fff\" d=\"M2 0a2 2 0 0 0-2 2v2h1.5V2a.5.5 0 0 1 .5-.5h2V0H2Zm2 10.5H2a.5.5 0 0 1-.5-.5V8H0v2a2 2 0 0 0 2 2h2v-1.5ZM8 12v-1.5h2a.5.5 0 0 0 .5-.5V8H12v2a2 2 0 0 1-2 2H8Zm2-12a2 2 0 0 1 2 2v2h-1.5V2a.5.5 0 0 0-.5-.5H8V0h2Z\" \/>\n\t\t\t<\/svg>\n\t\t<\/button><\/figure>\n<\/div>\n\n\n\n<div class=\"wp-block-column is-layout-flow wp-block-column-is-layout-flow\">\n<figure data-wp-context=\"{&quot;imageId&quot;:&quot;69f270721dea9&quot;}\" data-wp-interactive=\"core\/image\" data-wp-key=\"69f270721dea9\" class=\"wp-block-image size-large wp-lightbox-container\"><img loading=\"lazy\" decoding=\"async\" width=\"723\" height=\"1024\" data-wp-class--hide=\"state.isContentHidden\" data-wp-class--show=\"state.isContentVisible\" data-wp-init=\"callbacks.setButtonStyles\" data-wp-on--click=\"actions.showLightbox\" data-wp-on--load=\"callbacks.setButtonStyles\" data-wp-on-window--resize=\"callbacks.setButtonStyles\" src=\"https:\/\/academiespatiale.fr\/wp-content\/uploads\/2025\/02\/Melle_flyer_8mars2025_soiree-723x1024.jpg\" alt=\"\" class=\"wp-image-3522\" srcset=\"https:\/\/academiespatiale.fr\/wp-content\/uploads\/2025\/02\/Melle_flyer_8mars2025_soiree-723x1024.jpg 723w, https:\/\/academiespatiale.fr\/wp-content\/uploads\/2025\/02\/Melle_flyer_8mars2025_soiree-212x300.jpg 212w, https:\/\/academiespatiale.fr\/wp-content\/uploads\/2025\/02\/Melle_flyer_8mars2025_soiree-768x1087.jpg 768w, https:\/\/academiespatiale.fr\/wp-content\/uploads\/2025\/02\/Melle_flyer_8mars2025_soiree.jpg 799w\" sizes=\"auto, (max-width: 723px) 100vw, 723px\" \/><button\n\t\t\tclass=\"lightbox-trigger\"\n\t\t\ttype=\"button\"\n\t\t\taria-haspopup=\"dialog\"\n\t\t\taria-label=\"Agrandir\"\n\t\t\tdata-wp-init=\"callbacks.initTriggerButton\"\n\t\t\tdata-wp-on--click=\"actions.showLightbox\"\n\t\t\tdata-wp-style--right=\"state.imageButtonRight\"\n\t\t\tdata-wp-style--top=\"state.imageButtonTop\"\n\t\t>\n\t\t\t<svg xmlns=\"http:\/\/www.w3.org\/2000\/svg\" width=\"12\" height=\"12\" fill=\"none\" viewBox=\"0 0 12 12\">\n\t\t\t\t<path fill=\"#fff\" d=\"M2 0a2 2 0 0 0-2 2v2h1.5V2a.5.5 0 0 1 .5-.5h2V0H2Zm2 10.5H2a.5.5 0 0 1-.5-.5V8H0v2a2 2 0 0 0 2 2h2v-1.5ZM8 12v-1.5h2a.5.5 0 0 0 .5-.5V8H12v2a2 2 0 0 1-2 2H8Zm2-12a2 2 0 0 1 2 2v2h-1.5V2a.5.5 0 0 0-.5-.5H8V0h2Z\" \/>\n\t\t\t<\/svg>\n\t\t<\/button><\/figure>\n<\/div>\n<\/div>\n\n\n\n<div class=\"wp-block-file\"><a id=\"wp-block-file--media-9eddacc5-f1dc-400d-b6cb-aa0e16028081\" href=\"https:\/\/academiespatiale.fr\/wp-content\/uploads\/2025\/02\/Flyer_A5_8mars2025_BAT_BD.pdf\">Flyer_A5_8mars2025_BAT_BD<\/a><a href=\"https:\/\/academiespatiale.fr\/wp-content\/uploads\/2025\/02\/Flyer_A5_8mars2025_BAT_BD.pdf\" class=\"wp-block-file__button wp-element-button\" download aria-describedby=\"wp-block-file--media-9eddacc5-f1dc-400d-b6cb-aa0e16028081\">T\u00e9l\u00e9charger le programme complet du 7 au 21 mars<\/a><\/div>\n","protected":false},"excerpt":{"rendered":"<p>\u00c0 l\u2019occasion de la Journ\u00e9e internationale des droits des femmes, l\u2019Acad\u00e9mie Spatiale met en lumi\u00e8re les femmes qui fa\u00e7onnent le monde spatial. Sur cette page, retrouvez les \u00e9v\u00e9nements d\u00e9di\u00e9s aux femmes dans le spatial : 8 mars, 14h30-18h15Cerveau et sant\u00e9 spatialeConf\u00e9rences, t\u00e9moignages et \u00e9changesUniversit\u00e9 Paris Cit\u00e9 7 mars, 20hCOSMOSSpectacle (32\u20ac\/21\u20ac)L&rsquo;Avant-Seine [&hellip;]<\/p>\n","protected":false},"author":1,"featured_media":3504,"comment_status":"closed","ping_status":"open","sticky":false,"template":"","format":"standard","meta":{"_monsterinsights_skip_tracking":false,"_monsterinsights_sitenote_active":false,"_monsterinsights_sitenote_note":"","_monsterinsights_sitenote_category":0,"_EventAllDay":false,"_EventTimezone":"","_EventStartDate":"","_EventEndDate":"","_EventStartDateUTC":"","_EventEndDateUTC":"","_EventShowMap":false,"_EventShowMapLink":false,"_EventURL":"","_EventCost":"","_EventCostDescription":"","_EventCurrencySymbol":"","_EventCurrencyCode":"","_EventCurrencyPosition":"","_EventDateTimeSeparator":"","_EventTimeRangeSeparator":"","_EventOrganizerID":[],"_EventVenueID":[],"_OrganizerEmail":"","_OrganizerPhone":"","_OrganizerWebsite":"","_VenueAddress":"","_VenueCity":"","_VenueCountry":"","_VenueProvince":"","_VenueState":"","_VenueZip":"","_VenuePhone":"","_VenueURL":"","_VenueStateProvince":"","_VenueLat":"","_VenueLng":"","_VenueShowMap":false,"_VenueShowMapLink":false,"footnotes":""},"categories":[24],"tags":[],"class_list":["post-3499","post","type-post","status-publish","format-standard","has-post-thumbnail","hentry","category-egalite-chances"],"aioseo_notices":[],"_links":{"self":[{"href":"https:\/\/academiespatiale.fr\/index.php\/wp-json\/wp\/v2\/posts\/3499","targetHints":{"allow":["GET"]}}],"collection":[{"href":"https:\/\/academiespatiale.fr\/index.php\/wp-json\/wp\/v2\/posts"}],"about":[{"href":"https:\/\/academiespatiale.fr\/index.php\/wp-json\/wp\/v2\/types\/post"}],"author":[{"embeddable":true,"href":"https:\/\/academiespatiale.fr\/index.php\/wp-json\/wp\/v2\/users\/1"}],"replies":[{"embeddable":true,"href":"https:\/\/academiespatiale.fr\/index.php\/wp-json\/wp\/v2\/comments?post=3499"}],"version-history":[{"count":13,"href":"https:\/\/academiespatiale.fr\/index.php\/wp-json\/wp\/v2\/posts\/3499\/revisions"}],"predecessor-version":[{"id":7395,"href":"https:\/\/academiespatiale.fr\/index.php\/wp-json\/wp\/v2\/posts\/3499\/revisions\/7395"}],"wp:featuredmedia":[{"embeddable":true,"href":"https:\/\/academiespatiale.fr\/index.php\/wp-json\/wp\/v2\/media\/3504"}],"wp:attachment":[{"href":"https:\/\/academiespatiale.fr\/index.php\/wp-json\/wp\/v2\/media?parent=3499"}],"wp:term":[{"taxonomy":"category","embeddable":true,"href":"https:\/\/academiespatiale.fr\/index.php\/wp-json\/wp\/v2\/categories?post=3499"},{"taxonomy":"post_tag","embeddable":true,"href":"https:\/\/academiespatiale.fr\/index.php\/wp-json\/wp\/v2\/tags?post=3499"}],"curies":[{"name":"wp","href":"https:\/\/api.w.org\/{rel}","templated":true}]}}