{"id":3263,"date":"2025-02-06T12:39:09","date_gmt":"2025-02-06T11:39:09","guid":{"rendered":"https:\/\/academiespatiale.fr\/?p=3263"},"modified":"2026-01-06T17:40:36","modified_gmt":"2026-01-06T16:40:36","slug":"aerospace-lab-conference-a-lonera-le-18-fevrier-rechauffement-climatique","status":"publish","type":"post","link":"https:\/\/academiespatiale.fr\/index.php\/2025\/02\/06\/aerospace-lab-conference-a-lonera-le-18-fevrier-rechauffement-climatique\/","title":{"rendered":"[Aerospace Lab Conference] R\u00f4le des nuages dans le r\u00e9chauffement climatique"},"content":{"rendered":"\n<div class=\"wp-block-columns has-text-color has-link-color wp-elements-e673af4000d0b3c096a66b181f7b0bbd is-layout-flex wp-container-core-columns-is-layout-deb2fee4 wp-block-columns-is-layout-flex\" style=\"color:#b1b1b1;margin-top:-25px;margin-bottom:20px;padding-top:0;padding-right:0;padding-bottom:0;padding-left:0;font-size:15px\">\n<div class=\"wp-block-column has-text-color has-link-color wp-elements-5a4d4e7b16cdb21f05469acdf2368671 is-layout-flow wp-block-column-is-layout-flow\" style=\"color:#a1a1a1;padding-top:0;padding-bottom:0;font-size:15px;font-style:normal;font-weight:100;flex-basis:100%\"><div class=\"aioseo-breadcrumbs\"><span class=\"aioseo-breadcrumb\">\n\t\t\t<a href=\"https:\/\/academiespatiale.fr\" title=\"Home\">Home<\/a>\n\t\t<\/span><span class=\"aioseo-breadcrumb-separator\">&raquo;<\/span><span class=\"aioseo-breadcrumb\">\n\t\t\t<a href=\"https:\/\/academiespatiale.fr\/index.php\/category\/evenements\/\" title=\"\u00c9v\u00e8nements\">\u00c9v\u00e8nements<\/a>\n\t\t<\/span><span class=\"aioseo-breadcrumb-separator\">&raquo;<\/span><span class=\"aioseo-breadcrumb\">\n\t\t\t<a href=\"https:\/\/academiespatiale.fr\/index.php\/category\/evenements\/seminaire\/\" title=\"S\u00e9minaire\">S\u00e9minaire<\/a>\n\t\t<\/span><span class=\"aioseo-breadcrumb-separator\">&raquo;<\/span><span class=\"aioseo-breadcrumb\">\n\t\t\t[Aerospace Lab Conference] R\u00f4le des nuages dans le r\u00e9chauffement climatique\n\t\t<\/span><\/div><\/div>\n<\/div>\n\n\n\n<p>Dans le cadre de son cycle de conf\u00e9rences sur des sujets ayant trait au domaine a\u00e9rospatial, la direction scientifique de l&rsquo;ONERA accueillera Sandrine Bony, acad\u00e9micienne, du Laboratoire de M\u00e9t\u00e9orologie Dynamique (LMD) du CNRS\/Sorbonne Universit\u00e9, pour une conf\u00e9rence sur le r\u00f4le des nuages dans le changement climatique. <\/p>\n\n\n\n<p>La conf\u00e9rence est ouverte \u00e0 tous et toutes, si inscription avant le 15 f\u00e9vrier.<\/p>\n\n\n\n<div class=\"wp-block-columns is-layout-flex wp-container-core-columns-is-layout-28f84493 wp-block-columns-is-layout-flex\">\n<div class=\"wp-block-column is-vertically-aligned-center is-layout-flow wp-block-column-is-layout-flow\">\n<hr class=\"wp-block-separator has-alpha-channel-opacity\"\/>\n\n\n\n<p class=\"has-text-align-center\"><strong>Le r\u00f4le des nuages dans le rechauffement climatique, avanc\u00e9es et nouvelles questions<\/strong><\/p>\n\n\n\n<p class=\"has-text-align-center\">Mardi 18 f\u00e9vrier 2025 &#8211; 14h<br>ONERA &#8211; Salle Marcel-Pierre<br>6, chemin de la Vauve aux Granges, Palaiseau<\/p>\n\n\n\n<p class=\"has-text-align-center has-small-font-size\">Gratuit, sur inscription<\/p>\n\n\n\n<hr class=\"wp-block-separator has-alpha-channel-opacity\"\/>\n<\/div>\n\n\n\n<div class=\"wp-block-column is-layout-flow wp-block-column-is-layout-flow\">\n<figure class=\"wp-block-image size-large\"><a href=\"https:\/\/www.onera.fr\/fr\/agenda\/sandrine-bony-le-role-des-nuages-dans-le-changement-climatique-avancees-et-nouvelles-questions\" target=\"_blank\" rel=\" noreferrer noopener\"><img loading=\"lazy\" decoding=\"async\" width=\"724\" height=\"1024\" src=\"https:\/\/academiespatiale.fr\/wp-content\/uploads\/2025\/02\/Aerospacelabconference_fev2025-724x1024.png\" alt=\"\" class=\"wp-image-3264\" srcset=\"https:\/\/academiespatiale.fr\/wp-content\/uploads\/2025\/02\/Aerospacelabconference_fev2025-724x1024.png 724w, https:\/\/academiespatiale.fr\/wp-content\/uploads\/2025\/02\/Aerospacelabconference_fev2025-212x300.png 212w, https:\/\/academiespatiale.fr\/wp-content\/uploads\/2025\/02\/Aerospacelabconference_fev2025-768x1086.png 768w, https:\/\/academiespatiale.fr\/wp-content\/uploads\/2025\/02\/Aerospacelabconference_fev2025.png 800w\" sizes=\"auto, (max-width: 724px) 100vw, 724px\" \/><\/a><\/figure>\n<\/div>\n<\/div>\n\n\n\n<p>Les nuages jouent un r\u00f4le fondamental dans le climat. Depuis les d\u00e9buts de la mod\u00e9lisation climatique, la r\u00e9ponse des nuages \u00e0 un r\u00e9chauffement global est une source d&rsquo;incertitude consid\u00e9rable pour les projections du changement climatique. Nous expliquerons les raisons de cette incertitude, puis pr\u00e9senterons quelques avanc\u00e9es r\u00e9centes. Notamment, nous montrerons comment une meilleure compr\u00e9hension de la physique du climat combin\u00e9e \u00e0 de nouvelles observations et de nouveaux mod\u00e8les a permis de r\u00e9duire quelques incertitudes cl\u00e9, tout en soulevant de nouvelles questions.<\/p>\n\n\n\n<p class=\"has-background-color-background-color has-background\">MODALIT\u00c9S D&rsquo;INSCRIPTION<br><br>Merci de vous inscrire aupr\u00e8s de&nbsp;<a href=\"mailto:dsg-secretariat@onera.fr?subject=%5BASL%20Conf%5D%20-%20Xavier%20Waintal%20%3A%20Tensor%20Networks%20Will%20Save%20The%20Day%20Where%20Quantum%20Computers%20Might%20Fail\" target=\"_blank\" rel=\"noopener\" title=\"\">dsg-secretariat@onera.fr<\/a>&nbsp;au plus tard trois jours avant la date de la conf\u00e9rence, en pr\u00e9cisant en objet [ASLConf &#8211; Acc\u00e8s] et en fournissant les informations suivantes : nom, pr\u00e9nom, date et lieu de naissance, soci\u00e9t\u00e9 ou organisation, fonction, n\u00b0 CNI ou n\u00b0 passeport. Pour les ressortissants \u00e9trangers, y compris de l&rsquo;Union europ\u00e9enne, faire cette d\u00e9marche deux semaines \u00e0 l&rsquo;avance, en ajoutant un scan du passeport.<\/p>\n\n\n\n<p class=\"has-background-color-background-color has-background\">PLUS D&rsquo;INFOS<br>\u2192 <a href=\"https:\/\/www.onera.fr\/fr\/agenda\/sandrine-bony-le-role-des-nuages-dans-le-changement-climatique-avancees-et-nouvelles-questions\" target=\"_blank\" rel=\"noopener\" title=\"\">Sandrine Bony : Le r\u00f4le des nuages dans le changement climatique | ONERA<\/a><\/p>\n","protected":false},"excerpt":{"rendered":"<p>Dans le cadre de son cycle de conf\u00e9rences sur des sujets ayant trait au domaine a\u00e9rospatial, la direction scientifique de l&rsquo;ONERA accueillera Sandrine Bony, acad\u00e9micienne, du Laboratoire de M\u00e9t\u00e9orologie Dynamique (LMD) du CNRS\/Sorbonne Universit\u00e9, pour une conf\u00e9rence sur le r\u00f4le des nuages dans le changement climatique. La conf\u00e9rence est ouverte [&hellip;]<\/p>\n","protected":false},"author":1,"featured_media":3266,"comment_status":"closed","ping_status":"open","sticky":false,"template":"","format":"standard","meta":{"_monsterinsights_skip_tracking":false,"_monsterinsights_sitenote_active":false,"_monsterinsights_sitenote_note":"","_monsterinsights_sitenote_category":0,"_EventAllDay":false,"_EventTimezone":"","_EventStartDate":"","_EventEndDate":"","_EventStartDateUTC":"","_EventEndDateUTC":"","_EventShowMap":false,"_EventShowMapLink":false,"_EventURL":"","_EventCost":"","_EventCostDescription":"","_EventCurrencySymbol":"","_EventCurrencyCode":"","_EventCurrencyPosition":"","_EventDateTimeSeparator":"","_EventTimeRangeSeparator":"","_EventOrganizerID":[],"_EventVenueID":[],"_OrganizerEmail":"","_OrganizerPhone":"","_OrganizerWebsite":"","_VenueAddress":"","_VenueCity":"","_VenueCountry":"","_VenueProvince":"","_VenueState":"","_VenueZip":"","_VenuePhone":"","_VenueURL":"","_VenueStateProvince":"","_VenueLat":"","_VenueLng":"","_VenueShowMap":false,"_VenueShowMapLink":false,"footnotes":""},"categories":[14,34,29],"tags":[],"class_list":["post-3263","post","type-post","status-publish","format-standard","has-post-thumbnail","hentry","category-evenements","category-recherche","category-seminaire"],"aioseo_notices":[],"_links":{"self":[{"href":"https:\/\/academiespatiale.fr\/index.php\/wp-json\/wp\/v2\/posts\/3263","targetHints":{"allow":["GET"]}}],"collection":[{"href":"https:\/\/academiespatiale.fr\/index.php\/wp-json\/wp\/v2\/posts"}],"about":[{"href":"https:\/\/academiespatiale.fr\/index.php\/wp-json\/wp\/v2\/types\/post"}],"author":[{"embeddable":true,"href":"https:\/\/academiespatiale.fr\/index.php\/wp-json\/wp\/v2\/users\/1"}],"replies":[{"embeddable":true,"href":"https:\/\/academiespatiale.fr\/index.php\/wp-json\/wp\/v2\/comments?post=3263"}],"version-history":[{"count":4,"href":"https:\/\/academiespatiale.fr\/index.php\/wp-json\/wp\/v2\/posts\/3263\/revisions"}],"predecessor-version":[{"id":7414,"href":"https:\/\/academiespatiale.fr\/index.php\/wp-json\/wp\/v2\/posts\/3263\/revisions\/7414"}],"wp:featuredmedia":[{"embeddable":true,"href":"https:\/\/academiespatiale.fr\/index.php\/wp-json\/wp\/v2\/media\/3266"}],"wp:attachment":[{"href":"https:\/\/academiespatiale.fr\/index.php\/wp-json\/wp\/v2\/media?parent=3263"}],"wp:term":[{"taxonomy":"category","embeddable":true,"href":"https:\/\/academiespatiale.fr\/index.php\/wp-json\/wp\/v2\/categories?post=3263"},{"taxonomy":"post_tag","embeddable":true,"href":"https:\/\/academiespatiale.fr\/index.php\/wp-json\/wp\/v2\/tags?post=3263"}],"curies":[{"name":"wp","href":"https:\/\/api.w.org\/{rel}","templated":true}]}}