{"id":3091,"date":"2025-01-24T16:37:01","date_gmt":"2025-01-24T15:37:01","guid":{"rendered":"https:\/\/academiespatiale.fr\/?p=3091"},"modified":"2026-01-06T17:39:45","modified_gmt":"2026-01-06T16:39:45","slug":"berlin-lectures-une-journee-dexception-au-dlr","status":"publish","type":"post","link":"https:\/\/academiespatiale.fr\/index.php\/2025\/01\/24\/berlin-lectures-une-journee-dexception-au-dlr\/","title":{"rendered":"Berlin Lectures : une journ\u00e9e d&rsquo;exception au DLR"},"content":{"rendered":"\n<div class=\"wp-block-columns has-text-color has-link-color wp-elements-e673af4000d0b3c096a66b181f7b0bbd is-layout-flex wp-container-core-columns-is-layout-deb2fee4 wp-block-columns-is-layout-flex\" style=\"color:#b1b1b1;margin-top:-25px;margin-bottom:20px;padding-top:0;padding-right:0;padding-bottom:0;padding-left:0;font-size:15px\">\n<div class=\"wp-block-column has-text-color has-link-color wp-elements-5a4d4e7b16cdb21f05469acdf2368671 is-layout-flow wp-block-column-is-layout-flow\" style=\"color:#a1a1a1;padding-top:0;padding-bottom:0;font-size:15px;font-style:normal;font-weight:100;flex-basis:100%\"><div class=\"aioseo-breadcrumbs\"><span class=\"aioseo-breadcrumb\">\n\t\t\t<a href=\"https:\/\/academiespatiale.fr\" title=\"Home\">Home<\/a>\n\t\t<\/span><span class=\"aioseo-breadcrumb-separator\">&raquo;<\/span><span class=\"aioseo-breadcrumb\">\n\t\t\t<a href=\"https:\/\/academiespatiale.fr\/index.php\/category\/formation\/\" title=\"Formation\">Formation<\/a>\n\t\t<\/span><span class=\"aioseo-breadcrumb-separator\">&raquo;<\/span><span class=\"aioseo-breadcrumb\">\n\t\t\t<a href=\"https:\/\/academiespatiale.fr\/index.php\/category\/formation\/visite-de-site-stage-terrain\/\" title=\"Visite de site &amp; stage terrain\">Visite de site &amp; stage terrain<\/a>\n\t\t<\/span><span class=\"aioseo-breadcrumb-separator\">&raquo;<\/span><span class=\"aioseo-breadcrumb\">\n\t\t\tBerlin Lectures : une journ\u00e9e d\u2019exception au DLR\n\t\t<\/span><\/div><\/div>\n<\/div>\n\n\n\n<p><strong>Dans le cadre de l\u2019Acad\u00e9mie Spatiale d\u2019\u00eele-de-France, les \u00e9tudiant\u00b7es en masters et doctorats de Plan\u00e9tologie et Cosmologie de l&rsquo;Universit\u00e9 Paris Cit\u00e9, ont eu l&rsquo;opportunit\u00e9 de participer aux \u00ab&nbsp;Berlin Lectures&nbsp;\u00bb le 12 d\u00e9cembre 2024. <\/strong><\/p>\n\n\n\n<p><strong>Cet \u00e9v\u00e9nement a \u00e9t\u00e9 organis\u00e9 au sein du DLR, l&rsquo;agence spatiale allemande.<\/strong><\/p>\n\n\n\n<p style=\"font-size:15px\"><strong><em><strong><em>As part of the Acad\u00e9mie Spatiale d&rsquo;\u00cele-de-France, master&rsquo;s and doctoral students in Planetology and Cosmology at Paris Cit\u00e9 University had the opportunity to participate in the Berlin Lectures on December 12, 2024. This event was organized within the DLR, the German space agency.<\/em><\/strong><\/em><\/strong><\/p>\n\n\n<div class=\"wp-block-image\">\n<figure class=\"aligncenter size-medium\"><img loading=\"lazy\" decoding=\"async\" width=\"300\" height=\"167\" src=\"https:\/\/academiespatiale.fr\/wp-content\/uploads\/2025\/01\/DLR-300x167.png\" alt=\"\" class=\"wp-image-3093\" srcset=\"https:\/\/academiespatiale.fr\/wp-content\/uploads\/2025\/01\/DLR-300x167.png 300w, https:\/\/academiespatiale.fr\/wp-content\/uploads\/2025\/01\/DLR-768x427.png 768w, https:\/\/academiespatiale.fr\/wp-content\/uploads\/2025\/01\/DLR.png 900w\" sizes=\"auto, (max-width: 300px) 100vw, 300px\" \/><\/figure>\n<\/div>\n\n\n<figure class=\"wp-block-image size-large\"><img loading=\"lazy\" decoding=\"async\" width=\"1024\" height=\"768\" src=\"https:\/\/academiespatiale.fr\/wp-content\/uploads\/2025\/01\/Visite_DLR_Berlin-1024x768.jpg\" alt=\"\" class=\"wp-image-3092\" style=\"aspect-ratio:16\/9;object-fit:cover\" srcset=\"https:\/\/academiespatiale.fr\/wp-content\/uploads\/2025\/01\/Visite_DLR_Berlin-1024x768.jpg 1024w, https:\/\/academiespatiale.fr\/wp-content\/uploads\/2025\/01\/Visite_DLR_Berlin-300x225.jpg 300w, https:\/\/academiespatiale.fr\/wp-content\/uploads\/2025\/01\/Visite_DLR_Berlin-768x576.jpg 768w, https:\/\/academiespatiale.fr\/wp-content\/uploads\/2025\/01\/Visite_DLR_Berlin-1536x1152.jpg 1536w, https:\/\/academiespatiale.fr\/wp-content\/uploads\/2025\/01\/Visite_DLR_Berlin.jpg 1920w\" sizes=\"auto, (max-width: 1024px) 100vw, 1024px\" \/><\/figure>\n\n\n\n<div style=\"height:20px\" aria-hidden=\"true\" class=\"wp-block-spacer\"><\/div>\n\n\n\n<p>Cette journ\u00e9e a \u00e9t\u00e9 l&rsquo;occasion d&rsquo;approfondir leurs connaissances scientifiques tout en d\u00e9couvrant les derni\u00e8res avanc\u00e9es en sciences plan\u00e9taires. Au programme, des conf\u00e9rences pr\u00e9sent\u00e9es par des expertes et des experts europ\u00e9ens : \u00e9volution thermique des plan\u00e8tes terrestres, tectonique de surface, g\u00e9n\u00e9ration des champs magn\u00e9tiques plan\u00e9taire, etc. <\/p>\n\n\n\n<p>Un grand merci au DLR pour son accueil chaleureux et aux \u00e9tudiantes et \u00e9tudiants pour leur enthousiasme\u202f!<\/p>\n\n\n\n<p style=\"font-size:15px\"><em>The day provided an opportunity to deepen their scientific knowledge while discovering the latest advances in planetary science. The program included lectures presented by European experts on topics such as the thermal evolution of terrestrial planets, surface tectonics, and the generation of planetary magnetic fields. Many thanks to the DLR for its warm welcome and to the students for their enthusiasm!<\/em><\/p>\n\n\n\n<hr class=\"wp-block-separator has-alpha-channel-opacity\"\/>\n\n\n\n<p><strong>Programme d\u00e9taill\u00e9<\/strong><\/p>\n\n\n\n<p class=\"has-text-align-left\"><strong><br><\/strong>09:00-09:05 \u2192 Welcome and Introduction<br>09:05-10:00 \u2192 Interior structure of terrestrial planets &#8211; Doris Breuer<br>     <em>10:00-10:15 \u2192 Break<br><\/em>10:15-11:15 \u2192 Thermal evolution of terrestrial planets &#8211; Doris Breuer <br>11:15-12:00 \u2192 Surface tectonics as a tool to probe the geodynamic history of a planet &#8211; Adrien Broquet<br>     <em>12:00-13:00 \u2192 Lunch<br><\/em>13:00-13:30 \u2192 Towards understanding how magmatic processes influence the evolution of<br>terrestrial planetary interiors &#8211; Carianna Herrera<br>13:30-14:15 \u2192 Crust formation and thermal history of Mars &#8211; Valentin Bonnet<br>14:15-15:00 \u2192 Thermal evolution of the Moon &#8211; Sabatino Santangelo<br>     <em>15:00-15:15 \u2192 Break<br><\/em>15:15-16:00 \u2192 Numerical Simulations for thermal conductivity of porous aggregates &#8211; Bhuvan Agrawal<br>16:00-17:00 \u2192 Magnetic field generation in terrestrial planets &#8211; Doris Breuer<\/p>\n\n\n\n<div style=\"height:50px\" aria-hidden=\"true\" class=\"wp-block-spacer\"><\/div>\n\n\n\n<p><\/p>\n","protected":false},"excerpt":{"rendered":"<p>Dans le cadre de l\u2019Acad\u00e9mie Spatiale d\u2019\u00eele-de-France, les \u00e9tudiant\u00b7es en masters et doctorats de Plan\u00e9tologie et Cosmologie de l&rsquo;Universit\u00e9 Paris Cit\u00e9, ont eu l&rsquo;opportunit\u00e9 de participer aux \u00ab&nbsp;Berlin Lectures&nbsp;\u00bb le 12 d\u00e9cembre 2024. Cet \u00e9v\u00e9nement a \u00e9t\u00e9 organis\u00e9 au sein du DLR, l&rsquo;agence spatiale allemande. As part of the Acad\u00e9mie [&hellip;]<\/p>\n","protected":false},"author":1,"featured_media":3095,"comment_status":"closed","ping_status":"open","sticky":false,"template":"","format":"standard","meta":{"_monsterinsights_skip_tracking":false,"_monsterinsights_sitenote_active":false,"_monsterinsights_sitenote_note":"","_monsterinsights_sitenote_category":0,"_EventAllDay":false,"_EventTimezone":"","_EventStartDate":"","_EventEndDate":"","_EventStartDateUTC":"","_EventEndDateUTC":"","_EventShowMap":false,"_EventShowMapLink":false,"_EventURL":"","_EventCost":"","_EventCostDescription":"","_EventCurrencySymbol":"","_EventCurrencyCode":"","_EventCurrencyPosition":"","_EventDateTimeSeparator":"","_EventTimeRangeSeparator":"","_EventOrganizerID":[],"_EventVenueID":[],"_OrganizerEmail":"","_OrganizerPhone":"","_OrganizerWebsite":"","_VenueAddress":"","_VenueCity":"","_VenueCountry":"","_VenueProvince":"","_VenueState":"","_VenueZip":"","_VenuePhone":"","_VenueURL":"","_VenueStateProvince":"","_VenueLat":"","_VenueLng":"","_VenueShowMap":false,"_VenueShowMapLink":false,"footnotes":""},"categories":[14,5,36,32],"tags":[],"class_list":["post-3091","post","type-post","status-publish","format-standard","has-post-thumbnail","hentry","category-evenements","category-formation","category-international","category-visite-de-site-stage-terrain"],"aioseo_notices":[],"_links":{"self":[{"href":"https:\/\/academiespatiale.fr\/index.php\/wp-json\/wp\/v2\/posts\/3091","targetHints":{"allow":["GET"]}}],"collection":[{"href":"https:\/\/academiespatiale.fr\/index.php\/wp-json\/wp\/v2\/posts"}],"about":[{"href":"https:\/\/academiespatiale.fr\/index.php\/wp-json\/wp\/v2\/types\/post"}],"author":[{"embeddable":true,"href":"https:\/\/academiespatiale.fr\/index.php\/wp-json\/wp\/v2\/users\/1"}],"replies":[{"embeddable":true,"href":"https:\/\/academiespatiale.fr\/index.php\/wp-json\/wp\/v2\/comments?post=3091"}],"version-history":[{"count":6,"href":"https:\/\/academiespatiale.fr\/index.php\/wp-json\/wp\/v2\/posts\/3091\/revisions"}],"predecessor-version":[{"id":7409,"href":"https:\/\/academiespatiale.fr\/index.php\/wp-json\/wp\/v2\/posts\/3091\/revisions\/7409"}],"wp:featuredmedia":[{"embeddable":true,"href":"https:\/\/academiespatiale.fr\/index.php\/wp-json\/wp\/v2\/media\/3095"}],"wp:attachment":[{"href":"https:\/\/academiespatiale.fr\/index.php\/wp-json\/wp\/v2\/media?parent=3091"}],"wp:term":[{"taxonomy":"category","embeddable":true,"href":"https:\/\/academiespatiale.fr\/index.php\/wp-json\/wp\/v2\/categories?post=3091"},{"taxonomy":"post_tag","embeddable":true,"href":"https:\/\/academiespatiale.fr\/index.php\/wp-json\/wp\/v2\/tags?post=3091"}],"curies":[{"name":"wp","href":"https:\/\/api.w.org\/{rel}","templated":true}]}}