{"id":2214,"date":"2024-11-05T15:40:44","date_gmt":"2024-11-05T14:40:44","guid":{"rendered":"https:\/\/academiespatiale.fr\/?p=2214"},"modified":"2026-01-06T17:44:46","modified_gmt":"2026-01-06T16:44:46","slug":"appel-a-candidatures-2025-mobilites-internationales","status":"publish","type":"post","link":"https:\/\/academiespatiale.fr\/index.php\/2024\/11\/05\/appel-a-candidatures-2025-mobilites-internationales\/","title":{"rendered":"Appel \u00e0 candidatures 2025 : bourses de mobilit\u00e9s internationales"},"content":{"rendered":"\n<div class=\"wp-block-columns has-text-color has-link-color wp-elements-e673af4000d0b3c096a66b181f7b0bbd is-layout-flex wp-container-core-columns-is-layout-deb2fee4 wp-block-columns-is-layout-flex\" style=\"color:#b1b1b1;margin-top:-25px;margin-bottom:20px;padding-top:0;padding-right:0;padding-bottom:0;padding-left:0;font-size:15px\">\n<div class=\"wp-block-column has-text-color has-link-color wp-elements-5a4d4e7b16cdb21f05469acdf2368671 is-layout-flow wp-block-column-is-layout-flow\" style=\"color:#a1a1a1;padding-top:0;padding-bottom:0;font-size:15px;font-style:normal;font-weight:100;flex-basis:100%\"><div class=\"aioseo-breadcrumbs\"><span class=\"aioseo-breadcrumb\">\n\t\t\t<a href=\"https:\/\/academiespatiale.fr\" title=\"Home\">Home<\/a>\n\t\t<\/span><span class=\"aioseo-breadcrumb-separator\">&raquo;<\/span><span class=\"aioseo-breadcrumb\">\n\t\t\t<a href=\"https:\/\/academiespatiale.fr\/index.php\/category\/appels-offres\/\" title=\"Appels d&#039;offres\">Appels d&rsquo;offres<\/a>\n\t\t<\/span><span class=\"aioseo-breadcrumb-separator\">&raquo;<\/span><span class=\"aioseo-breadcrumb\">\n\t\t\t<a href=\"https:\/\/academiespatiale.fr\/index.php\/category\/appels-offres\/aac-mobility\/\" title=\"AAC mobilit\u00e9s\">AAC mobilit\u00e9s<\/a>\n\t\t<\/span><span class=\"aioseo-breadcrumb-separator\">&raquo;<\/span><span class=\"aioseo-breadcrumb\">\n\t\t\tAppel \u00e0 candidatures 2025 : bourses de mobilit\u00e9s internationales\n\t\t<\/span><\/div><\/div>\n<\/div>\n\n\n\n<hr class=\"wp-block-separator has-alpha-channel-opacity\"\/>\n\n\n\n<details class=\"wp-block-details has-text-color has-link-color wp-elements-e987802284c37735eeda9e25c1860461 is-layout-flow wp-block-details-is-layout-flow\" style=\"color:#959595\"><summary>&gt;&gt;&gt; click here for the English version<\/summary>\n<p>As part of the CMA France 2030 project \u00ab\u00a0Space Academy of Ile-de-France\u00a0\u00bb (The Space Academy of Ile-de-France), which coordinates 8 space-related training institutes in Ile-de-France (UPS, SU, ONERA, UPC, UPEC, UVSQ, IPP, PSL), we are pleased to announce the<strong>&nbsp;call for application for international mobility grants. This aims foreign students joining the space academy (incoming mobility) and students of the academy willing to study abroad (outgoing mobility)<\/strong>. These international mobility grants (up to \u20ac1200\/month) are awarded for study projects lasting one academic year or semester in a Space Academy training and internships for space-related research projects in a laboratory of a partner of the academy (for foreign students) or abroad.<\/p>\n\n\n\n<div class=\"wp-block-columns is-layout-flex wp-container-core-columns-is-layout-28f84493 wp-block-columns-is-layout-flex\">\n<div class=\"wp-block-column is-layout-flow wp-block-column-is-layout-flow\">\n<div data-wp-interactive=\"core\/file\" class=\"wp-block-file aligncenter\"><object data-wp-bind--hidden=\"!state.hasPdfPreview\" hidden class=\"wp-block-file__embed\" data=\"https:\/\/academiespatiale.fr\/wp-content\/uploads\/2024\/11\/SPACE-IDF-IntMobility-Incoming2025-Call.pdf\" type=\"application\/pdf\" style=\"width:100%;height:200px\" aria-label=\"Contenu embarqu\u00e9 SPACE-IDF-IntMobility-Incoming2025-Call.\"><\/object><a id=\"wp-block-file--media-d9f3f572-ea3f-49be-958a-cc8c685748c5\" href=\"https:\/\/academiespatiale.fr\/wp-content\/uploads\/2024\/11\/SPACE-IDF-IntMobility-Incoming2025-Call.pdf\">SPACE-IDF-IntMobility-Incoming2025-Call<\/a><a href=\"https:\/\/academiespatiale.fr\/wp-content\/uploads\/2024\/11\/SPACE-IDF-IntMobility-Incoming2025-Call.pdf\" class=\"wp-block-file__button wp-element-button\" download aria-describedby=\"wp-block-file--media-d9f3f572-ea3f-49be-958a-cc8c685748c5\">Incoming call<\/a><\/div>\n<\/div>\n\n\n\n<div class=\"wp-block-column is-vertically-aligned-center is-layout-flow wp-block-column-is-layout-flow\">\n<p class=\"has-text-align-center\">&lt;-  Description  -&gt;<\/p>\n<\/div>\n\n\n\n<div class=\"wp-block-column is-layout-flow wp-block-column-is-layout-flow\">\n<div data-wp-interactive=\"core\/file\" class=\"wp-block-file aligncenter\"><object data-wp-bind--hidden=\"!state.hasPdfPreview\" hidden class=\"wp-block-file__embed\" data=\"https:\/\/academiespatiale.fr\/wp-content\/uploads\/2024\/11\/SPACE-IDF-IntMobility-Outgoing2025-Call.pdf\" type=\"application\/pdf\" style=\"width:100%;height:200px\" aria-label=\"Contenu embarqu\u00e9 SPACE-IDF-IntMobility-Outgoing2025-Call.\"><\/object><a id=\"wp-block-file--media-ea92e759-daeb-4459-a3ba-3f86bced7d31\" href=\"https:\/\/academiespatiale.fr\/wp-content\/uploads\/2024\/11\/SPACE-IDF-IntMobility-Outgoing2025-Call.pdf\">SPACE-IDF-IntMobility-Outgoing2025-Call<\/a><a href=\"https:\/\/academiespatiale.fr\/wp-content\/uploads\/2024\/11\/SPACE-IDF-IntMobility-Outgoing2025-Call.pdf\" class=\"wp-block-file__button wp-element-button\" download aria-describedby=\"wp-block-file--media-ea92e759-daeb-4459-a3ba-3f86bced7d31\">Outgoing call<\/a><\/div>\n<\/div>\n<\/div>\n\n\n\n<hr class=\"wp-block-separator has-alpha-channel-opacity\"\/>\n\n\n\n<div class=\"wp-block-columns is-layout-flex wp-container-core-columns-is-layout-28f84493 wp-block-columns-is-layout-flex\">\n<div class=\"wp-block-column is-vertically-aligned-center is-layout-flow wp-block-column-is-layout-flow\" style=\"flex-basis:33.33%\">\n<div class=\"wp-block-file aligncenter\"><a id=\"wp-block-file--media-e341cda7-9575-4791-9f31-85d1bac3745c\" href=\"https:\/\/academiespatiale.fr\/wp-content\/uploads\/2024\/11\/SPACE-IDF-IntMobility-Incoming2025-Form_StudentName.docx\">SPACE-IDF-IntMobility-Incoming2025-Form_StudentName<\/a><a href=\"https:\/\/academiespatiale.fr\/wp-content\/uploads\/2024\/11\/SPACE-IDF-IntMobility-Incoming2025-Form_StudentName.docx\" class=\"wp-block-file__button wp-element-button\" download aria-describedby=\"wp-block-file--media-e341cda7-9575-4791-9f31-85d1bac3745c\">Incoming form<\/a><\/div>\n\n\n\n<div class=\"wp-block-file aligncenter\"><a id=\"wp-block-file--media-43e62406-51f9-48da-b55f-dedc858b4b3b\" href=\"https:\/\/academiespatiale.fr\/wp-content\/uploads\/2024\/11\/SPACE-IDF-IntMobility-Outgoing2025-Form_StudentName.docx\">SPACE-IDF-IntMobility-Outgoing2025-Form_StudentName<\/a><a href=\"https:\/\/academiespatiale.fr\/wp-content\/uploads\/2024\/11\/SPACE-IDF-IntMobility-Outgoing2025-Form_StudentName.docx\" class=\"wp-block-file__button wp-element-button\" download aria-describedby=\"wp-block-file--media-43e62406-51f9-48da-b55f-dedc858b4b3b\">Outgoing form<\/a><\/div>\n<\/div>\n\n\n\n<div class=\"wp-block-column is-layout-flow wp-block-column-is-layout-flow\" style=\"flex-basis:66.66%\">\n<p>For each application, fill in one of the attached forms and send it to the following address&nbsp;:<br><strong><a href=\"mailto:intmobility-academiespatiale@lisa.ipsl.fr\">intmobility-academiespatiale@lisa.ipsl.fr<\/a>&nbsp;<\/strong><br><strong>Before one of the following deadlines: 30 november 2024 \/ 15 march 2025 \/ 15 june 2025.<\/strong><\/p>\n<\/div>\n<\/div>\n\n\n\n<p class=\"has-text-align-right\">Any further information ?<br><a href=\"mailto:intmobility-academiespatiale@lisa.ipsl.fr\">intmobility-academiespatiale@lisa.ipsl.fr<\/a><\/p>\n<\/details>\n\n\n\n<hr class=\"wp-block-separator has-alpha-channel-opacity\"\/>\n\n\n\n<p>Dans le cadre du projet CMA France 2030 \u00ab\u00a0<strong>Acad\u00e9mie Spatiale d&rsquo;Ile-de-France<\/strong>\u00a0\u00bb coordonnant 8 \u00e9tablissements franciliens&nbsp;(UPS, SU, ONERA, UPC, UPEC, UVSQ, IPP, PSL)&nbsp;sur la formation dans le domaine du spatial, nous avons le plaisir de vous annoncer l&rsquo;<strong>appel \u00e0 candidatures 2025 pour des mobilit\u00e9s internationales. Il est adress\u00e9 aux \u00e9tudiant\u00b7es \u00e9trangers qui int\u00e8greront l&rsquo;Acad\u00e9mie Spatiale (mobilit\u00e9 entrante) et pour des s\u00e9jours \u00e0 l&rsquo;\u00e9tranger des \u00e9tudiant\u00b7es de l&rsquo;acad\u00e9mie (mobilit\u00e9 sortante)<\/strong>. Ces bourses de mobilit\u00e9 internationale (jusqu&rsquo;\u00e0 1200\u20ac\/mois) sont attribu\u00e9es pour des projets d&rsquo;\u00e9tude d&rsquo;une ann\u00e9e ou un semestre acad\u00e9mique dans une formation de l&rsquo;Acad\u00e9mie Spatiale et pour des stages de recherche li\u00e9s au domaine spatial dans un laboratoire de l&rsquo;acad\u00e9mie (pour les \u00e9trangers) ou \u00e0 l&rsquo;\u00e9tranger.&nbsp;<\/p>\n\n\n\n<div class=\"wp-block-columns is-layout-flex wp-container-core-columns-is-layout-28f84493 wp-block-columns-is-layout-flex\">\n<div class=\"wp-block-column is-layout-flow wp-block-column-is-layout-flow\">\n<div data-wp-interactive=\"core\/file\" class=\"wp-block-file aligncenter\"><object data-wp-bind--hidden=\"!state.hasPdfPreview\" hidden class=\"wp-block-file__embed\" data=\"https:\/\/academiespatiale.fr\/wp-content\/uploads\/2024\/11\/SPACE-IDF-IntMobility-Incoming2025-Call_final.pdf\" type=\"application\/pdf\" style=\"width:100%;height:200px\" aria-label=\"Contenu embarqu\u00e9 SPACE-IDF-IntMobility-Incoming2025-Call_final.\"><\/object><a id=\"wp-block-file--media-909bad61-9c1c-4652-b923-2fb7408d18d5\" href=\"https:\/\/academiespatiale.fr\/wp-content\/uploads\/2024\/11\/SPACE-IDF-IntMobility-Incoming2025-Call_final.pdf\">SPACE-IDF-IntMobility-Incoming2025-Call_final<\/a><a href=\"https:\/\/academiespatiale.fr\/wp-content\/uploads\/2024\/11\/SPACE-IDF-IntMobility-Incoming2025-Call_final.pdf\" class=\"wp-block-file__button wp-element-button\" download aria-describedby=\"wp-block-file--media-909bad61-9c1c-4652-b923-2fb7408d18d5\">Incoming call<\/a><\/div>\n<\/div>\n\n\n\n<div class=\"wp-block-column is-vertically-aligned-center is-layout-flow wp-block-column-is-layout-flow\">\n<p class=\"has-text-align-center\">&lt;-  Textes de cadrage  -&gt;<\/p>\n<\/div>\n\n\n\n<div class=\"wp-block-column is-layout-flow wp-block-column-is-layout-flow\">\n<div data-wp-interactive=\"core\/file\" class=\"wp-block-file aligncenter\"><object data-wp-bind--hidden=\"!state.hasPdfPreview\" hidden class=\"wp-block-file__embed\" data=\"https:\/\/academiespatiale.fr\/wp-content\/uploads\/2024\/11\/SPACE-IDF-IntMobility-Outgoing2025-Call_final.pdf\" type=\"application\/pdf\" style=\"width:100%;height:200px\" aria-label=\"Contenu embarqu\u00e9 SPACE-IDF-IntMobility-Outgoing2025-Call_final.\"><\/object><a id=\"wp-block-file--media-c604e2d7-0300-4d3e-bfa3-16006768577d\" href=\"https:\/\/academiespatiale.fr\/wp-content\/uploads\/2024\/11\/SPACE-IDF-IntMobility-Outgoing2025-Call_final.pdf\">SPACE-IDF-IntMobility-Outgoing2025-Call_final<\/a><a href=\"https:\/\/academiespatiale.fr\/wp-content\/uploads\/2024\/11\/SPACE-IDF-IntMobility-Outgoing2025-Call_final.pdf\" class=\"wp-block-file__button wp-element-button\" download aria-describedby=\"wp-block-file--media-c604e2d7-0300-4d3e-bfa3-16006768577d\">Outgoing call<\/a><\/div>\n<\/div>\n<\/div>\n\n\n\n<hr class=\"wp-block-separator has-alpha-channel-opacity\"\/>\n\n\n\n<div class=\"wp-block-columns is-layout-flex wp-container-core-columns-is-layout-28f84493 wp-block-columns-is-layout-flex\">\n<div class=\"wp-block-column is-vertically-aligned-center is-layout-flow wp-block-column-is-layout-flow\" style=\"flex-basis:33.33%\">\n<div class=\"wp-block-file aligncenter\"><a id=\"wp-block-file--media-ea610ac0-03a6-40fc-8a77-c47f870d873b\" href=\"https:\/\/academiespatiale.fr\/wp-content\/uploads\/2024\/11\/SPACE-IDF_IntMobility-Incoming2025-Form_StudentName.docx\">SPACE-IDF_IntMobility-Incoming2025-Form_StudentName<\/a><a href=\"https:\/\/academiespatiale.fr\/wp-content\/uploads\/2024\/11\/SPACE-IDF_IntMobility-Incoming2025-Form_StudentName.docx\" class=\"wp-block-file__button wp-element-button\" download aria-describedby=\"wp-block-file--media-ea610ac0-03a6-40fc-8a77-c47f870d873b\">Incoming form<\/a><\/div>\n\n\n\n<div class=\"wp-block-file aligncenter\"><a id=\"wp-block-file--media-8b8663c3-4021-49f0-b560-fb947797eb6a\" href=\"https:\/\/academiespatiale.fr\/wp-content\/uploads\/2024\/11\/SPACE-IDF_IntMobility-Outgoing2025-Form_StudentName.docx\">SPACE-IDF_IntMobility-Outgoing2025-Form_StudentName<\/a><a href=\"https:\/\/academiespatiale.fr\/wp-content\/uploads\/2024\/11\/SPACE-IDF_IntMobility-Outgoing2025-Form_StudentName.docx\" class=\"wp-block-file__button wp-element-button\" download aria-describedby=\"wp-block-file--media-8b8663c3-4021-49f0-b560-fb947797eb6a\">Outgoing form<\/a><\/div>\n<\/div>\n\n\n\n<div class=\"wp-block-column is-layout-flow wp-block-column-is-layout-flow\" style=\"flex-basis:66.66%\">\n<p>Pour chaque candidature, il faut remplir l&rsquo;un de ces formulaires et l&rsquo;envoyer \u00e0 l\u2019adresse suivante : <br><a href=\"mailto:mobility@academiespatiale.fr\" target=\"_blank\" rel=\"noopener\" title=\"\"><strong>mobility@academiespatiale.fr<\/strong><br><\/a><strong>Au plus tard<\/strong> avant l&rsquo;une des dates limites suivantes : 30 novembre 2024 \/ 15 mars 2025 \/ 15 juin 2025.<\/p>\n<\/div>\n<\/div>\n\n\n\n<p class=\"has-text-align-right\">Besoin de pr\u00e9cisions compl\u00e9mentaires ?<br><a href=\"mailto:mobility@academiespatiale.fr\">mobility@academiespatiale.fr<\/a><\/p>\n","protected":false},"excerpt":{"rendered":"<p>Dans le cadre du projet CMA France 2030 \u00ab\u00a0Acad\u00e9mie Spatiale d&rsquo;Ile-de-France\u00a0\u00bb coordonnant 8 \u00e9tablissements franciliens&nbsp;(UPS, SU, ONERA, UPC, UPEC, UVSQ, IPP, PSL)&nbsp;sur la formation dans le domaine du spatial, nous avons le plaisir de vous annoncer l&rsquo;appel \u00e0 candidatures 2025 pour des mobilit\u00e9s internationales. Il est adress\u00e9 aux \u00e9tudiant\u00b7es \u00e9trangers [&hellip;]<\/p>\n","protected":false},"author":1,"featured_media":3437,"comment_status":"closed","ping_status":"open","sticky":false,"template":"","format":"standard","meta":{"_monsterinsights_skip_tracking":false,"_monsterinsights_sitenote_active":false,"_monsterinsights_sitenote_note":"","_monsterinsights_sitenote_category":0,"_EventAllDay":false,"_EventTimezone":"","_EventStartDate":"","_EventEndDate":"","_EventStartDateUTC":"","_EventEndDateUTC":"","_EventShowMap":false,"_EventShowMapLink":false,"_EventURL":"","_EventCost":"","_EventCostDescription":"","_EventCurrencySymbol":"","_EventCurrencyCode":"","_EventCurrencyPosition":"","_EventDateTimeSeparator":"","_EventTimeRangeSeparator":"","_EventOrganizerID":[],"_EventVenueID":[],"_OrganizerEmail":"","_OrganizerPhone":"","_OrganizerWebsite":"","_VenueAddress":"","_VenueCity":"","_VenueCountry":"","_VenueProvince":"","_VenueState":"","_VenueZip":"","_VenuePhone":"","_VenueURL":"","_VenueStateProvince":"","_VenueLat":"","_VenueLng":"","_VenueShowMap":false,"_VenueShowMapLink":false,"footnotes":""},"categories":[22,9],"tags":[],"class_list":["post-2214","post","type-post","status-publish","format-standard","has-post-thumbnail","hentry","category-aac-mobility","category-appels-offres"],"aioseo_notices":[],"_links":{"self":[{"href":"https:\/\/academiespatiale.fr\/index.php\/wp-json\/wp\/v2\/posts\/2214","targetHints":{"allow":["GET"]}}],"collection":[{"href":"https:\/\/academiespatiale.fr\/index.php\/wp-json\/wp\/v2\/posts"}],"about":[{"href":"https:\/\/academiespatiale.fr\/index.php\/wp-json\/wp\/v2\/types\/post"}],"author":[{"embeddable":true,"href":"https:\/\/academiespatiale.fr\/index.php\/wp-json\/wp\/v2\/users\/1"}],"replies":[{"embeddable":true,"href":"https:\/\/academiespatiale.fr\/index.php\/wp-json\/wp\/v2\/comments?post=2214"}],"version-history":[{"count":9,"href":"https:\/\/academiespatiale.fr\/index.php\/wp-json\/wp\/v2\/posts\/2214\/revisions"}],"predecessor-version":[{"id":7422,"href":"https:\/\/academiespatiale.fr\/index.php\/wp-json\/wp\/v2\/posts\/2214\/revisions\/7422"}],"wp:featuredmedia":[{"embeddable":true,"href":"https:\/\/academiespatiale.fr\/index.php\/wp-json\/wp\/v2\/media\/3437"}],"wp:attachment":[{"href":"https:\/\/academiespatiale.fr\/index.php\/wp-json\/wp\/v2\/media?parent=2214"}],"wp:term":[{"taxonomy":"category","embeddable":true,"href":"https:\/\/academiespatiale.fr\/index.php\/wp-json\/wp\/v2\/categories?post=2214"},{"taxonomy":"post_tag","embeddable":true,"href":"https:\/\/academiespatiale.fr\/index.php\/wp-json\/wp\/v2\/tags?post=2214"}],"curies":[{"name":"wp","href":"https:\/\/api.w.org\/{rel}","templated":true}]}}