{"id":2058,"date":"2024-10-09T15:29:05","date_gmt":"2024-10-09T13:29:05","guid":{"rendered":"https:\/\/academiespatiale.fr\/?p=2058"},"modified":"2026-01-06T17:47:24","modified_gmt":"2026-01-06T16:47:24","slug":"onera-et-univ-paris-saclay-signature-dune-convention-cadre","status":"publish","type":"post","link":"https:\/\/academiespatiale.fr\/index.php\/2024\/10\/09\/onera-et-univ-paris-saclay-signature-dune-convention-cadre\/","title":{"rendered":"ONERA et Univ. Paris-Saclay : signature d&rsquo;une convention-cadre"},"content":{"rendered":"\n<div class=\"wp-block-columns has-text-color has-link-color wp-elements-e673af4000d0b3c096a66b181f7b0bbd is-layout-flex wp-container-core-columns-is-layout-deb2fee4 wp-block-columns-is-layout-flex\" style=\"color:#b1b1b1;margin-top:-25px;margin-bottom:20px;padding-top:0;padding-right:0;padding-bottom:0;padding-left:0;font-size:15px\">\n<div class=\"wp-block-column has-text-color has-link-color wp-elements-5a4d4e7b16cdb21f05469acdf2368671 is-layout-flow wp-block-column-is-layout-flow\" style=\"color:#a1a1a1;padding-top:0;padding-bottom:0;font-size:15px;font-style:normal;font-weight:100;flex-basis:100%\"><div class=\"aioseo-breadcrumbs\"><span class=\"aioseo-breadcrumb\">\n\t\t\t<a href=\"https:\/\/academiespatiale.fr\" title=\"Home\">Home<\/a>\n\t\t<\/span><span class=\"aioseo-breadcrumb-separator\">&raquo;<\/span><span class=\"aioseo-breadcrumb\">\n\t\t\t<a href=\"https:\/\/academiespatiale.fr\/index.php\/category\/evenements\/\" title=\"\u00c9v\u00e8nements\">\u00c9v\u00e8nements<\/a>\n\t\t<\/span><span class=\"aioseo-breadcrumb-separator\">&raquo;<\/span><span class=\"aioseo-breadcrumb\">\n\t\t\t<a href=\"https:\/\/academiespatiale.fr\/index.php\/category\/evenements\/communaute\/\" title=\"Communaut\u00e9\">Communaut\u00e9<\/a>\n\t\t<\/span><span class=\"aioseo-breadcrumb-separator\">&raquo;<\/span><span class=\"aioseo-breadcrumb\">\n\t\t\tONERA et Univ. Paris-Saclay : signature d\u2019une convention-cadre\n\t\t<\/span><\/div><\/div>\n<\/div>\n\n\n\n<div style=\"height:20px\" aria-hidden=\"true\" class=\"wp-block-spacer\"><\/div>\n\n\n\n<p class=\"has-text-align-left has-small-font-size\">Extrait de l&rsquo;article News tank, Paris &#8211; Actualit\u00e9&nbsp;n\u00b0338518 &#8211; Publi\u00e9 le 24\/09\/2024 \u00e0 11:15<\/p>\n\n\n\n<p>L&rsquo;Onera et l&rsquo;Universit\u00e9 Paris-Saclay signent le 19\/09\/2024 une convention-cadre pour \u00ab\u00a0renforcer la strat\u00e9gie commune ainsi que les actions men\u00e9es en mati\u00e8re de formation, de recherche, de valorisation, de relations internationales et de politique de science ouverte\u00a0\u00bb, annoncent-ils le m\u00eame jour.<\/p>\n\n\n\n<figure class=\"wp-block-image size-large\"><img loading=\"lazy\" decoding=\"async\" width=\"1024\" height=\"766\" src=\"https:\/\/academiespatiale.fr\/wp-content\/uploads\/2024\/10\/Camille-Galap_-president-UPS_Bruno-Sainjon_PDG-ONERA_19sept24_credit_UPS-1024x766.jpeg\" alt=\"\" class=\"wp-image-2059\" srcset=\"https:\/\/academiespatiale.fr\/wp-content\/uploads\/2024\/10\/Camille-Galap_-president-UPS_Bruno-Sainjon_PDG-ONERA_19sept24_credit_UPS-1024x766.jpeg 1024w, https:\/\/academiespatiale.fr\/wp-content\/uploads\/2024\/10\/Camille-Galap_-president-UPS_Bruno-Sainjon_PDG-ONERA_19sept24_credit_UPS-300x225.jpeg 300w, https:\/\/academiespatiale.fr\/wp-content\/uploads\/2024\/10\/Camille-Galap_-president-UPS_Bruno-Sainjon_PDG-ONERA_19sept24_credit_UPS-768x575.jpeg 768w, https:\/\/academiespatiale.fr\/wp-content\/uploads\/2024\/10\/Camille-Galap_-president-UPS_Bruno-Sainjon_PDG-ONERA_19sept24_credit_UPS.jpeg 1312w\" sizes=\"auto, (max-width: 1024px) 100vw, 1024px\" \/><figcaption class=\"wp-element-caption\">Camille Galap, pr\u00e9sident de l&rsquo;Universit\u00e9 Paris-Saclay et Bruno Sainjon, PDG de l&rsquo;ONERA, le 19 septembre 2024 \u00a9 Universit\u00e9 Paris-Saclay<\/figcaption><\/figure>\n\n\n\n<p>Cet accord \u00ab\u00a0s&rsquo;appuie entre autres sur une politique de soutien \u00e0 la formation\u00a0\u00bb, avec :<\/p>\n\n\n\n<ul class=\"wp-block-list\">\n<li>\u00ab\u00a0une intensification des actions favorisant une meilleure implication des chercheurs dans les formations, gr\u00e2ce en particulier au statut de \u00ab\u00a0professeur attach\u00e9\u00a0\u00bb pour celles et ceux d\u00e9sireux de s&rsquo;impliquer plus fortement dans l&rsquo;enseignement ;<\/li>\n\n\n\n<li>un soutien prononc\u00e9 aux actions de formation par la recherche, avec des efforts concert\u00e9s en mati\u00e8re de financement des contrats doctoraux\u00a0\u00bb.<\/li>\n<\/ul>\n\n\n\n<p>C\u00f4t\u00e9 recherche, la collaboration porte en particulier sur la physique des solides, les math\u00e9matiques, les sciences du num\u00e9rique, les sciences des syst\u00e8mes, les g\u00e9osciences et les sciences de la lumi\u00e8re.<\/p>\n\n\n\n<p>L&rsquo;Onera \u00e9tait partenaire de la Comue Universit\u00e9 Paris-Saclay depuis le 01\/01\/2015, et participe \u00e0 la gouvernance de l&rsquo;EPE depuis sa cr\u00e9ation le 01\/01\/2020. Il est impliqu\u00e9 dans six de ses graduate schools et dans l&rsquo;Institut des sciences de la lumi\u00e8re, structure sans murs port\u00e9e par l&rsquo;Insititut d&rsquo;Optique Graduate School. Plusieurs unit\u00e9s de l&rsquo;Onera \u00cele-de-France ont aussi \u00ab\u00a0vocation \u00e0 participer aux programmes transversaux ou \u00ab\u00a0objets interdisciplinaires\u00a0\u00bb mis en place par l&rsquo;universit\u00e9\u00a0\u00bb.<\/p>\n\n\n\n<p>L&rsquo;Onera souhaite, sur le plateau de Saclay, \u00ab\u00a0jouer un r\u00f4le de ciment en mati\u00e8re de recherche entre ces deux p\u00f4les majeurs que sont l&rsquo;Universit\u00e9 Paris-Saclay et l&rsquo;Institut Polytechnique de Paris\u00a0\u00bb, indique Bruno Sainjon, P-DG de l&rsquo;organisme.<\/p>\n\n\n\n<p class=\"has-background-color-background-color has-background\">Article complet (r\u00e9serv\u00e9 aux abonn\u00e9\u00b7es) : <a href=\"https:\/\/education.newstank.fr\/article\/view\/338518\/onera-universite-paris-saclay-convention-cadre-axee-notamment-soutien.html?t=a&amp;d=14%2C25&amp;c=1&amp;a=2195132&amp;p=70730\">News Tank \u00c9ducation &amp; Recherche &#8211; Onera et Universit\u00e9 Paris Saclay: une convention-cadre ax\u00e9e notamment sur le soutien \u00e0 la formation<\/a><\/p>\n","protected":false},"excerpt":{"rendered":"<p>Extrait de l&rsquo;article News tank, Paris &#8211; Actualit\u00e9&nbsp;n\u00b0338518 &#8211; Publi\u00e9 le 24\/09\/2024 \u00e0 11:15 L&rsquo;Onera et l&rsquo;Universit\u00e9 Paris-Saclay signent le 19\/09\/2024 une convention-cadre pour \u00ab\u00a0renforcer la strat\u00e9gie commune ainsi que les actions men\u00e9es en mati\u00e8re de formation, de recherche, de valorisation, de relations internationales et de politique de science ouverte\u00a0\u00bb, [&hellip;]<\/p>\n","protected":false},"author":1,"featured_media":2062,"comment_status":"closed","ping_status":"open","sticky":false,"template":"","format":"standard","meta":{"_monsterinsights_skip_tracking":false,"_monsterinsights_sitenote_active":false,"_monsterinsights_sitenote_note":"","_monsterinsights_sitenote_category":0,"_EventAllDay":false,"_EventTimezone":"","_EventStartDate":"","_EventEndDate":"","_EventStartDateUTC":"","_EventEndDateUTC":"","_EventShowMap":false,"_EventShowMapLink":false,"_EventURL":"","_EventCost":"","_EventCostDescription":"","_EventCurrencySymbol":"","_EventCurrencyCode":"","_EventCurrencyPosition":"","_EventDateTimeSeparator":"","_EventTimeRangeSeparator":"","_EventOrganizerID":[],"_EventVenueID":[],"_OrganizerEmail":"","_OrganizerPhone":"","_OrganizerWebsite":"","_VenueAddress":"","_VenueCity":"","_VenueCountry":"","_VenueProvince":"","_VenueState":"","_VenueZip":"","_VenuePhone":"","_VenueURL":"","_VenueStateProvince":"","_VenueLat":"","_VenueLng":"","_VenueShowMap":false,"_VenueShowMapLink":false,"footnotes":""},"categories":[8,7],"tags":[],"class_list":["post-2058","post","type-post","status-publish","format-standard","has-post-thumbnail","hentry","category-communaute","category-presse"],"aioseo_notices":[],"_links":{"self":[{"href":"https:\/\/academiespatiale.fr\/index.php\/wp-json\/wp\/v2\/posts\/2058","targetHints":{"allow":["GET"]}}],"collection":[{"href":"https:\/\/academiespatiale.fr\/index.php\/wp-json\/wp\/v2\/posts"}],"about":[{"href":"https:\/\/academiespatiale.fr\/index.php\/wp-json\/wp\/v2\/types\/post"}],"author":[{"embeddable":true,"href":"https:\/\/academiespatiale.fr\/index.php\/wp-json\/wp\/v2\/users\/1"}],"replies":[{"embeddable":true,"href":"https:\/\/academiespatiale.fr\/index.php\/wp-json\/wp\/v2\/comments?post=2058"}],"version-history":[{"count":6,"href":"https:\/\/academiespatiale.fr\/index.php\/wp-json\/wp\/v2\/posts\/2058\/revisions"}],"predecessor-version":[{"id":7437,"href":"https:\/\/academiespatiale.fr\/index.php\/wp-json\/wp\/v2\/posts\/2058\/revisions\/7437"}],"wp:featuredmedia":[{"embeddable":true,"href":"https:\/\/academiespatiale.fr\/index.php\/wp-json\/wp\/v2\/media\/2062"}],"wp:attachment":[{"href":"https:\/\/academiespatiale.fr\/index.php\/wp-json\/wp\/v2\/media?parent=2058"}],"wp:term":[{"taxonomy":"category","embeddable":true,"href":"https:\/\/academiespatiale.fr\/index.php\/wp-json\/wp\/v2\/categories?post=2058"},{"taxonomy":"post_tag","embeddable":true,"href":"https:\/\/academiespatiale.fr\/index.php\/wp-json\/wp\/v2\/tags?post=2058"}],"curies":[{"name":"wp","href":"https:\/\/api.w.org\/{rel}","templated":true}]}}