{"id":154,"date":"2024-04-02T14:40:48","date_gmt":"2024-04-02T12:40:48","guid":{"rendered":"https:\/\/academiespatiale.fr\/?p=154"},"modified":"2026-01-06T17:53:38","modified_gmt":"2026-01-06T16:53:38","slug":"ecole-dete-du-17-au-21-juin-junior-space-academy","status":"publish","type":"post","link":"https:\/\/academiespatiale.fr\/index.php\/2024\/04\/02\/ecole-dete-du-17-au-21-juin-junior-space-academy\/","title":{"rendered":"Ecole d&rsquo;\u00e9t\u00e9 du 17 au 21 juin : Junior Space Academy"},"content":{"rendered":"\n<div class=\"wp-block-columns has-text-color has-link-color wp-elements-e673af4000d0b3c096a66b181f7b0bbd is-layout-flex wp-container-core-columns-is-layout-deb2fee4 wp-block-columns-is-layout-flex\" style=\"color:#b1b1b1;margin-top:-25px;margin-bottom:20px;padding-top:0;padding-right:0;padding-bottom:0;padding-left:0;font-size:15px\">\n<div class=\"wp-block-column has-text-color has-link-color wp-elements-5a4d4e7b16cdb21f05469acdf2368671 is-layout-flow wp-block-column-is-layout-flow\" style=\"color:#a1a1a1;padding-top:0;padding-bottom:0;font-size:15px;font-style:normal;font-weight:100;flex-basis:100%\"><div class=\"aioseo-breadcrumbs\"><span class=\"aioseo-breadcrumb\">\n\t\t\t<a href=\"https:\/\/academiespatiale.fr\" title=\"Home\">Home<\/a>\n\t\t<\/span><span class=\"aioseo-breadcrumb-separator\">&raquo;<\/span><span class=\"aioseo-breadcrumb\">\n\t\t\t<a href=\"https:\/\/academiespatiale.fr\/index.php\/category\/formation\/\" title=\"Formation\">Formation<\/a>\n\t\t<\/span><span class=\"aioseo-breadcrumb-separator\">&raquo;<\/span><span class=\"aioseo-breadcrumb\">\n\t\t\t<a href=\"https:\/\/academiespatiale.fr\/index.php\/category\/formation\/visite-de-site-stage-terrain\/\" title=\"Visite de site &amp; stage terrain\">Visite de site &amp; stage terrain<\/a>\n\t\t<\/span><span class=\"aioseo-breadcrumb-separator\">&raquo;<\/span><span class=\"aioseo-breadcrumb\">\n\t\t\tEcole d\u2019\u00e9t\u00e9 du 17 au 21 juin : Junior Space Academy\n\t\t<\/span><\/div><\/div>\n<\/div>\n\n\n\n<p>Nous allons vivre un temps fort avec notre premi\u00e8re \u00c9cole d\u2019\u00e9t\u00e9, la Junior Space Academy. Du 17 au 21 juin 2024, cet \u00e9v\u00e9nement r\u00e9unira 30 \u00e9tudiantes et \u00e9tudiants de licence passionn\u00e9\u00b7es par l\u2019espace pour une semaine dans l\u2019univers spatial francilien.<\/p>\n\n\n\n<div style=\"height:30px\" aria-hidden=\"true\" class=\"wp-block-spacer\"><\/div>\n\n\n\n<div class=\"wp-block-columns is-layout-flex wp-container-core-columns-is-layout-28f84493 wp-block-columns-is-layout-flex\">\n<div class=\"wp-block-column is-vertically-aligned-center is-layout-flow wp-block-column-is-layout-flow\" style=\"flex-basis:50%\">\n<p>En organisant cette premi\u00e8re \u00e9dition de la Junior Space Academy, nous souhaitons sensibiliser les jeunes \u00e0 la richesse et \u00e0 la diversit\u00e9 des m\u00e9tiers du spatial, mais aussi identifier et accompagner les talents qui contribueront aux innovations spatiales de demain. <\/p>\n\n\n\n<p class=\"has-small-font-size\"><strong>Au programme<\/strong> : visites de nombreux laboratoires et \u00e9quipements ainsi que d&rsquo;entreprises renomm\u00e9es telles qu&rsquo;Airbus, Thal\u00e8s et Safran. Mais aussi des pr\u00e9sentations, conf\u00e9rences et rencontres avec des professionnel\u00b7les du secteur spatial.<\/p>\n\n\n\n<p class=\"has-small-font-size\">Plus d&rsquo;infos : <a href=\"https:\/\/ecole-universitaire-paris-saclay.fr\/actualites\/ecole-dete-du-17-au-21-juin-junior-space-academy\" target=\"_blank\" rel=\"noopener\" title=\"\">Junior Space Academy | \u00c9cole universitaire Paris-Saclay<\/a><\/p>\n<\/div>\n\n\n\n<div class=\"wp-block-column is-layout-flow wp-block-column-is-layout-flow\" style=\"flex-basis:50%\">\n<figure class=\"wp-block-image\"><a href=\"https:\/\/www.universite-paris-saclay.fr\/actualites-de-loi-centres-paris-saclay-des-sciences-spatiales-cps3\" target=\"_blank\" rel=\"noreferrer noopener\"><img loading=\"lazy\" decoding=\"async\" width=\"724\" height=\"1024\" src=\"https:\/\/academiespatiale.fr\/wp-content\/uploads\/2024\/04\/affiche_junior_space_academy_2024-724x1024.png\" alt=\"\" class=\"wp-image-1061\" srcset=\"https:\/\/academiespatiale.fr\/wp-content\/uploads\/2024\/04\/affiche_junior_space_academy_2024-724x1024.png 724w, https:\/\/academiespatiale.fr\/wp-content\/uploads\/2024\/04\/affiche_junior_space_academy_2024-212x300.png 212w, https:\/\/academiespatiale.fr\/wp-content\/uploads\/2024\/04\/affiche_junior_space_academy_2024-768x1086.png 768w, https:\/\/academiespatiale.fr\/wp-content\/uploads\/2024\/04\/affiche_junior_space_academy_2024-1086x1536.png 1086w, https:\/\/academiespatiale.fr\/wp-content\/uploads\/2024\/04\/affiche_junior_space_academy_2024.png 1414w\" sizes=\"auto, (max-width: 724px) 100vw, 724px\" \/><\/a><\/figure>\n<\/div>\n<\/div>\n\n\n\n<div style=\"height:30px\" aria-hidden=\"true\" class=\"wp-block-spacer\"><\/div>\n\n\n\n<div class=\"wp-block-columns is-layout-flex wp-container-core-columns-is-layout-28f84493 wp-block-columns-is-layout-flex\">\n<div class=\"wp-block-column is-layout-flow wp-block-column-is-layout-flow\" style=\"flex-basis:66.66%\">\n<h2 class=\"wp-block-heading\">Conf\u00e9rence<\/h2>\n\n\n\n<p><strong>Erika Velio<\/strong>, directrice de service en institut de recherche spatial et pr\u00e9sidente de l\u2019association PIKALI RUN OI, marraine de cette premi\u00e8re \u00e9dition de la Junior Space Academy, animera une conf\u00e9rence sur le th\u00e8me <\/p>\n\n\n\n<p><strong><em>\u00ab&nbsp;Un espace de transmission affranchi pour une reconstruction&nbsp;\u00bb<\/em><\/strong><\/p>\n\n\n\n<p>Lundi 17 juin de 18h30 \u00e0 19h30<br>Amphith\u00e9\u00e2tre M\u00e9gie, 11 boulevard d\u2019Alembert, Guyancourt<\/p>\n<\/div>\n\n\n\n<div class=\"wp-block-column is-layout-flow wp-block-column-is-layout-flow\" style=\"flex-basis:33.33%\">\n<figure class=\"wp-block-image size-full\"><img loading=\"lazy\" decoding=\"async\" width=\"1080\" height=\"1440\" src=\"https:\/\/academiespatiale.fr\/wp-content\/uploads\/2024\/06\/Erika-Noir-et-Blanc-by-Johan-Damien.jpg\" alt=\"\" class=\"wp-image-1053\" srcset=\"https:\/\/academiespatiale.fr\/wp-content\/uploads\/2024\/06\/Erika-Noir-et-Blanc-by-Johan-Damien.jpg 1080w, https:\/\/academiespatiale.fr\/wp-content\/uploads\/2024\/06\/Erika-Noir-et-Blanc-by-Johan-Damien-225x300.jpg 225w, https:\/\/academiespatiale.fr\/wp-content\/uploads\/2024\/06\/Erika-Noir-et-Blanc-by-Johan-Damien-768x1024.jpg 768w\" sizes=\"auto, (max-width: 1080px) 100vw, 1080px\" \/><figcaption class=\"wp-element-caption\">Erika Velio \u00a9 Johan Damien<\/figcaption><\/figure>\n<\/div>\n<\/div>\n\n\n\n<p class=\"has-background-color-background-color has-background\">Plus d&rsquo;infos : <a href=\"https:\/\/academiespatiale.fr\/index.php\/2024\/06\/06\/invitation-a-la-conference-derika-velio-junior-space-academy\/\">Invitation \u00e0 la conf\u00e9rence d\u2019Erika Velio \u2013 Junior Space Academy<\/a><\/p>\n\n\n\n<hr class=\"wp-block-separator has-alpha-channel-opacity\"\/>\n\n\n\n<figure class=\"wp-block-image size-large\"><img loading=\"lazy\" decoding=\"async\" width=\"1024\" height=\"72\" src=\"https:\/\/academiespatiale.fr\/wp-content\/uploads\/2024\/04\/Frise_logosCMA-light-1024x72.png\" alt=\"\" class=\"wp-image-157\" srcset=\"https:\/\/academiespatiale.fr\/wp-content\/uploads\/2024\/04\/Frise_logosCMA-light-1024x72.png 1024w, https:\/\/academiespatiale.fr\/wp-content\/uploads\/2024\/04\/Frise_logosCMA-light-300x21.png 300w, https:\/\/academiespatiale.fr\/wp-content\/uploads\/2024\/04\/Frise_logosCMA-light-768x54.png 768w, https:\/\/academiespatiale.fr\/wp-content\/uploads\/2024\/04\/Frise_logosCMA-light-1536x108.png 1536w, https:\/\/academiespatiale.fr\/wp-content\/uploads\/2024\/04\/Frise_logosCMA-light-2048x144.png 2048w\" sizes=\"auto, (max-width: 1024px) 100vw, 1024px\" \/><\/figure>\n","protected":false},"excerpt":{"rendered":"<p>Nous allons vivre un temps fort avec notre premi\u00e8re \u00c9cole d\u2019\u00e9t\u00e9, la Junior Space Academy. Du 17 au 21 juin 2024, cet \u00e9v\u00e9nement r\u00e9unira 30 \u00e9tudiantes et \u00e9tudiants de licence passionn\u00e9\u00b7es par l\u2019espace pour une semaine dans l\u2019univers spatial francilien. En organisant cette premi\u00e8re \u00e9dition de la Junior Space Academy, [&hellip;]<\/p>\n","protected":false},"author":1,"featured_media":1063,"comment_status":"closed","ping_status":"closed","sticky":false,"template":"","format":"standard","meta":{"_monsterinsights_skip_tracking":false,"_monsterinsights_sitenote_active":false,"_monsterinsights_sitenote_note":"","_monsterinsights_sitenote_category":0,"_EventAllDay":false,"_EventTimezone":"","_EventStartDate":"","_EventEndDate":"","_EventStartDateUTC":"","_EventEndDateUTC":"","_EventShowMap":false,"_EventShowMapLink":false,"_EventURL":"","_EventCost":"","_EventCostDescription":"","_EventCurrencySymbol":"","_EventCurrencyCode":"","_EventCurrencyPosition":"","_EventDateTimeSeparator":"","_EventTimeRangeSeparator":"","_EventOrganizerID":[],"_EventVenueID":[],"_OrganizerEmail":"","_OrganizerPhone":"","_OrganizerWebsite":"","_VenueAddress":"","_VenueCity":"","_VenueCountry":"","_VenueProvince":"","_VenueState":"","_VenueZip":"","_VenuePhone":"","_VenueURL":"","_VenueStateProvince":"","_VenueLat":"","_VenueLng":"","_VenueShowMap":false,"_VenueShowMapLink":false,"footnotes":""},"categories":[14,5,37,32],"tags":[],"class_list":["post-154","post","type-post","status-publish","format-standard","has-post-thumbnail","hentry","category-evenements","category-formation","category-infos-orientation","category-visite-de-site-stage-terrain"],"aioseo_notices":[],"_links":{"self":[{"href":"https:\/\/academiespatiale.fr\/index.php\/wp-json\/wp\/v2\/posts\/154","targetHints":{"allow":["GET"]}}],"collection":[{"href":"https:\/\/academiespatiale.fr\/index.php\/wp-json\/wp\/v2\/posts"}],"about":[{"href":"https:\/\/academiespatiale.fr\/index.php\/wp-json\/wp\/v2\/types\/post"}],"author":[{"embeddable":true,"href":"https:\/\/academiespatiale.fr\/index.php\/wp-json\/wp\/v2\/users\/1"}],"replies":[{"embeddable":true,"href":"https:\/\/academiespatiale.fr\/index.php\/wp-json\/wp\/v2\/comments?post=154"}],"version-history":[{"count":30,"href":"https:\/\/academiespatiale.fr\/index.php\/wp-json\/wp\/v2\/posts\/154\/revisions"}],"predecessor-version":[{"id":7462,"href":"https:\/\/academiespatiale.fr\/index.php\/wp-json\/wp\/v2\/posts\/154\/revisions\/7462"}],"wp:featuredmedia":[{"embeddable":true,"href":"https:\/\/academiespatiale.fr\/index.php\/wp-json\/wp\/v2\/media\/1063"}],"wp:attachment":[{"href":"https:\/\/academiespatiale.fr\/index.php\/wp-json\/wp\/v2\/media?parent=154"}],"wp:term":[{"taxonomy":"category","embeddable":true,"href":"https:\/\/academiespatiale.fr\/index.php\/wp-json\/wp\/v2\/categories?post=154"},{"taxonomy":"post_tag","embeddable":true,"href":"https:\/\/academiespatiale.fr\/index.php\/wp-json\/wp\/v2\/tags?post=154"}],"curies":[{"name":"wp","href":"https:\/\/api.w.org\/{rel}","templated":true}]}}