{"id":1392,"date":"2024-07-09T16:31:08","date_gmt":"2024-07-09T14:31:08","guid":{"rendered":"https:\/\/academiespatiale.fr\/?p=1392"},"modified":"2026-01-06T17:50:13","modified_gmt":"2026-01-06T16:50:13","slug":"celebration-du-10eme-anniversaire-daeris","status":"publish","type":"post","link":"https:\/\/academiespatiale.fr\/index.php\/2024\/07\/09\/celebration-du-10eme-anniversaire-daeris\/","title":{"rendered":"C\u00e9l\u00e9bration du 10\u00e8me anniversaire d&rsquo;AERIS"},"content":{"rendered":"\n<div class=\"wp-block-columns has-text-color has-link-color wp-elements-e673af4000d0b3c096a66b181f7b0bbd is-layout-flex wp-container-core-columns-is-layout-deb2fee4 wp-block-columns-is-layout-flex\" style=\"color:#b1b1b1;margin-top:-25px;margin-bottom:20px;padding-top:0;padding-right:0;padding-bottom:0;padding-left:0;font-size:15px\">\n<div class=\"wp-block-column has-text-color has-link-color wp-elements-5a4d4e7b16cdb21f05469acdf2368671 is-layout-flow wp-block-column-is-layout-flow\" style=\"color:#a1a1a1;padding-top:0;padding-bottom:0;font-size:15px;font-style:normal;font-weight:100;flex-basis:100%\"><div class=\"aioseo-breadcrumbs\"><span class=\"aioseo-breadcrumb\">\n\t\t\t<a href=\"https:\/\/academiespatiale.fr\" title=\"Home\">Home<\/a>\n\t\t<\/span><span class=\"aioseo-breadcrumb-separator\">&raquo;<\/span><span class=\"aioseo-breadcrumb\">\n\t\t\t<a href=\"https:\/\/academiespatiale.fr\/index.php\/category\/evenements\/\" title=\"\u00c9v\u00e8nements\">\u00c9v\u00e8nements<\/a>\n\t\t<\/span><span class=\"aioseo-breadcrumb-separator\">&raquo;<\/span><span class=\"aioseo-breadcrumb\">\n\t\t\t<a href=\"https:\/\/academiespatiale.fr\/index.php\/category\/evenements\/communaute\/\" title=\"Communaut\u00e9\">Communaut\u00e9<\/a>\n\t\t<\/span><span class=\"aioseo-breadcrumb-separator\">&raquo;<\/span><span class=\"aioseo-breadcrumb\">\n\t\t\tC\u00e9l\u00e9bration du 10\u00e8me anniversaire d\u2019AERIS\n\t\t<\/span><\/div><\/div>\n<\/div>\n\n\n\n<p>Depuis une d\u00e9cennie, AERIS fournit des donn\u00e9es essentielles et des services pour la recherche atmosph\u00e9rique, facilitant l&rsquo;acc\u00e8s \u00e0 une vaste gamme de ressources pour la communaut\u00e9 scientifique. Pour marquer cette occasion, AERIS organise une conf\u00e9rence sp\u00e9ciale r\u00e9unissant les utilisateurs, les utilisatrices et les soutiens d&rsquo;AERIS, au Centre des Congr\u00e8s de la Cit\u00e9 des Sciences \u00e0 Paris, les 27 et 28 janvier 2025.<\/p>\n\n\n\n<p class=\"has-background-color-background-color has-background\">Infos et inscription : <a href=\"https:\/\/10ansaeris.sciencesconf.org\/\">10 ans du p\u00f4le AERIS &#8211; Sciencesconf.org<\/a><br>En savoir plus sur AERIS : <a href=\"https:\/\/www.aeris-data.fr\/\" target=\"_blank\" rel=\"noopener\" title=\"\">aeris \u2013 Donn\u00e9es et Services pour l&rsquo;Atmosph\u00e8re (aeris-data.fr)<\/a><\/p>\n\n\n<div class=\"wp-block-image\">\n<figure class=\"aligncenter size-full\"><a href=\"https:\/\/10ansaeris.sciencesconf.org\/\" target=\"_blank\" rel=\"noreferrer noopener\"><img loading=\"lazy\" decoding=\"async\" width=\"715\" height=\"402\" src=\"https:\/\/academiespatiale.fr\/wp-content\/uploads\/2024\/07\/10ans-AERIS.png\" alt=\"\" class=\"wp-image-1393\" srcset=\"https:\/\/academiespatiale.fr\/wp-content\/uploads\/2024\/07\/10ans-AERIS.png 715w, https:\/\/academiespatiale.fr\/wp-content\/uploads\/2024\/07\/10ans-AERIS-300x169.png 300w\" sizes=\"auto, (max-width: 715px) 100vw, 715px\" \/><\/a><\/figure>\n<\/div>","protected":false},"excerpt":{"rendered":"<p>Depuis une d\u00e9cennie, AERIS fournit des donn\u00e9es essentielles et des services pour la recherche atmosph\u00e9rique, facilitant l&rsquo;acc\u00e8s \u00e0 une vaste gamme de ressources pour la communaut\u00e9 scientifique. Pour marquer cette occasion, AERIS organise une conf\u00e9rence sp\u00e9ciale r\u00e9unissant les utilisateurs, les utilisatrices et les soutiens d&rsquo;AERIS, au Centre des Congr\u00e8s de [&hellip;]<\/p>\n","protected":false},"author":1,"featured_media":1943,"comment_status":"closed","ping_status":"closed","sticky":false,"template":"","format":"standard","meta":{"_monsterinsights_skip_tracking":false,"_monsterinsights_sitenote_active":false,"_monsterinsights_sitenote_note":"","_monsterinsights_sitenote_category":0,"_EventAllDay":false,"_EventTimezone":"","_EventStartDate":"","_EventEndDate":"","_EventStartDateUTC":"","_EventEndDateUTC":"","_EventShowMap":false,"_EventShowMapLink":false,"_EventURL":"","_EventCost":"","_EventCostDescription":"","_EventCurrencySymbol":"","_EventCurrencyCode":"","_EventCurrencyPosition":"","_EventDateTimeSeparator":"","_EventTimeRangeSeparator":"","_EventOrganizerID":[],"_EventVenueID":[],"_OrganizerEmail":"","_OrganizerPhone":"","_OrganizerWebsite":"","_VenueAddress":"","_VenueCity":"","_VenueCountry":"","_VenueProvince":"","_VenueState":"","_VenueZip":"","_VenuePhone":"","_VenueURL":"","_VenueStateProvince":"","_VenueLat":"","_VenueLng":"","_VenueShowMap":false,"_VenueShowMapLink":false,"footnotes":""},"categories":[8,14],"tags":[],"class_list":["post-1392","post","type-post","status-publish","format-standard","has-post-thumbnail","hentry","category-communaute","category-evenements"],"aioseo_notices":[],"_links":{"self":[{"href":"https:\/\/academiespatiale.fr\/index.php\/wp-json\/wp\/v2\/posts\/1392","targetHints":{"allow":["GET"]}}],"collection":[{"href":"https:\/\/academiespatiale.fr\/index.php\/wp-json\/wp\/v2\/posts"}],"about":[{"href":"https:\/\/academiespatiale.fr\/index.php\/wp-json\/wp\/v2\/types\/post"}],"author":[{"embeddable":true,"href":"https:\/\/academiespatiale.fr\/index.php\/wp-json\/wp\/v2\/users\/1"}],"replies":[{"embeddable":true,"href":"https:\/\/academiespatiale.fr\/index.php\/wp-json\/wp\/v2\/comments?post=1392"}],"version-history":[{"count":3,"href":"https:\/\/academiespatiale.fr\/index.php\/wp-json\/wp\/v2\/posts\/1392\/revisions"}],"predecessor-version":[{"id":7441,"href":"https:\/\/academiespatiale.fr\/index.php\/wp-json\/wp\/v2\/posts\/1392\/revisions\/7441"}],"wp:featuredmedia":[{"embeddable":true,"href":"https:\/\/academiespatiale.fr\/index.php\/wp-json\/wp\/v2\/media\/1943"}],"wp:attachment":[{"href":"https:\/\/academiespatiale.fr\/index.php\/wp-json\/wp\/v2\/media?parent=1392"}],"wp:term":[{"taxonomy":"category","embeddable":true,"href":"https:\/\/academiespatiale.fr\/index.php\/wp-json\/wp\/v2\/categories?post=1392"},{"taxonomy":"post_tag","embeddable":true,"href":"https:\/\/academiespatiale.fr\/index.php\/wp-json\/wp\/v2\/tags?post=1392"}],"curies":[{"name":"wp","href":"https:\/\/api.w.org\/{rel}","templated":true}]}}