{"id":1353,"date":"2024-07-08T15:55:18","date_gmt":"2024-07-08T13:55:18","guid":{"rendered":"https:\/\/academiespatiale.fr\/?p=1353"},"modified":"2026-01-06T17:50:23","modified_gmt":"2026-01-06T16:50:23","slug":"video-reportage-sqy-mag","status":"publish","type":"post","link":"https:\/\/academiespatiale.fr\/index.php\/2024\/07\/08\/video-reportage-sqy-mag\/","title":{"rendered":"Vid\u00e9o &#8211; Reportage SQY Mag"},"content":{"rendered":"\n<div class=\"wp-block-columns has-text-color has-link-color wp-elements-e673af4000d0b3c096a66b181f7b0bbd is-layout-flex wp-container-core-columns-is-layout-deb2fee4 wp-block-columns-is-layout-flex\" style=\"color:#b1b1b1;margin-top:-25px;margin-bottom:20px;padding-top:0;padding-right:0;padding-bottom:0;padding-left:0;font-size:15px\">\n<div class=\"wp-block-column has-text-color has-link-color wp-elements-5a4d4e7b16cdb21f05469acdf2368671 is-layout-flow wp-block-column-is-layout-flow\" style=\"color:#a1a1a1;padding-top:0;padding-bottom:0;font-size:15px;font-style:normal;font-weight:100;flex-basis:100%\"><div class=\"aioseo-breadcrumbs\"><span class=\"aioseo-breadcrumb\">\n\t\t\t<a href=\"https:\/\/academiespatiale.fr\" title=\"Home\">Home<\/a>\n\t\t<\/span><span class=\"aioseo-breadcrumb-separator\">&raquo;<\/span><span class=\"aioseo-breadcrumb\">\n\t\t\t<a href=\"https:\/\/academiespatiale.fr\/index.php\/category\/formation\/\" title=\"Formation\">Formation<\/a>\n\t\t<\/span><span class=\"aioseo-breadcrumb-separator\">&raquo;<\/span><span class=\"aioseo-breadcrumb\">\n\t\t\t<a href=\"https:\/\/academiespatiale.fr\/index.php\/category\/formation\/infos-orientation\/\" title=\"Infos &amp; orientation\">Infos &amp; orientation<\/a>\n\t\t<\/span><span class=\"aioseo-breadcrumb-separator\">&raquo;<\/span><span class=\"aioseo-breadcrumb\">\n\t\t\tVid\u00e9o \u2013 Reportage SQY Mag\n\t\t<\/span><\/div><\/div>\n<\/div>\n\n\n\n<p>D\u00e9couvrez dans le nouveau SQY Mag Vid\u00e9o une interview de Philippe Keckhut, directeur de l&rsquo;Acad\u00e9mie Spatiale d&rsquo;\u00cele-de-France et responsable du master New Space. <\/p>\n\n\n\n<div class=\"wp-block-columns is-layout-flex wp-container-core-columns-is-layout-28f84493 wp-block-columns-is-layout-flex\">\n<div class=\"wp-block-column is-layout-flow wp-block-column-is-layout-flow\" style=\"flex-basis:66.66%\">\n<p>Cet \u00e9pisode consacr\u00e9 aux formations aux m\u00e9tiers d\u2019avenirs et diffus\u00e9 sur TV78 pr\u00e9sente :<\/p>\n\n\n\n<ul class=\"wp-block-list\">\n<li>le <strong>Master New Space<\/strong> de l&rsquo;Universit\u00e9 Paris-Saclay<\/li>\n\n\n\n<li>l\u2019\u00c9COLE 2600 et la cyber-s\u00e9curit\u00e9<\/li>\n\n\n\n<li>l&rsquo;\u00c9cole sup\u00e9rieure des Agricultures (ESA) qui a ouvert une antenne sur Saint-Quentin-en-Yvelines et propose notamment un Bachelor \u00ab Agro\u00e9cologie et syst\u00e8mes alimentaires \u00bb<\/li>\n<\/ul>\n<\/div>\n\n\n\n<div class=\"wp-block-column is-vertically-aligned-center is-layout-flow wp-block-column-is-layout-flow\" style=\"flex-basis:33.33%\"><div class=\"wp-block-image\">\n<figure class=\"aligncenter size-medium is-resized\"><img loading=\"lazy\" decoding=\"async\" width=\"300\" height=\"300\" src=\"https:\/\/academiespatiale.fr\/wp-content\/uploads\/2024\/07\/NewSpace_ecusson-300x300.png\" alt=\"\" class=\"wp-image-1357\" style=\"width:223px;height:auto\" srcset=\"https:\/\/academiespatiale.fr\/wp-content\/uploads\/2024\/07\/NewSpace_ecusson-300x300.png 300w, https:\/\/academiespatiale.fr\/wp-content\/uploads\/2024\/07\/NewSpace_ecusson-1024x1024.png 1024w, https:\/\/academiespatiale.fr\/wp-content\/uploads\/2024\/07\/NewSpace_ecusson-150x150.png 150w, https:\/\/academiespatiale.fr\/wp-content\/uploads\/2024\/07\/NewSpace_ecusson-768x768.png 768w, https:\/\/academiespatiale.fr\/wp-content\/uploads\/2024\/07\/NewSpace_ecusson.png 1396w\" sizes=\"auto, (max-width: 300px) 100vw, 300px\" \/><\/figure>\n<\/div><\/div>\n<\/div>\n\n\n\n<figure class=\"wp-block-embed is-type-video is-provider-youtube wp-block-embed-youtube wp-embed-aspect-16-9 wp-has-aspect-ratio\"><div class=\"wp-block-embed__wrapper\">\n<iframe loading=\"lazy\" title=\"SQY Mag : Se former aux m\u00e9tiers d\u2019avenirs\" width=\"750\" height=\"422\" src=\"https:\/\/www.youtube.com\/embed\/JExnzRNVJps?list=PLmscMd5GBLRicJJrkMt-uFZh8wfA5s0jc\" frameborder=\"0\" allow=\"accelerometer; autoplay; clipboard-write; encrypted-media; gyroscope; picture-in-picture; web-share\" referrerpolicy=\"strict-origin-when-cross-origin\" allowfullscreen><\/iframe>\n<\/div><\/figure>\n","protected":false},"excerpt":{"rendered":"<p>D\u00e9couvrez dans le nouveau SQY Mag Vid\u00e9o une interview de Philippe Keckhut, directeur de l&rsquo;Acad\u00e9mie Spatiale d&rsquo;\u00cele-de-France et responsable du master New Space. Cet \u00e9pisode consacr\u00e9 aux formations aux m\u00e9tiers d\u2019avenirs et diffus\u00e9 sur TV78 pr\u00e9sente :<\/p>\n","protected":false},"author":1,"featured_media":1364,"comment_status":"closed","ping_status":"closed","sticky":false,"template":"","format":"standard","meta":{"_monsterinsights_skip_tracking":false,"_monsterinsights_sitenote_active":false,"_monsterinsights_sitenote_note":"","_monsterinsights_sitenote_category":0,"_EventAllDay":false,"_EventTimezone":"","_EventStartDate":"","_EventEndDate":"","_EventStartDateUTC":"","_EventEndDateUTC":"","_EventShowMap":false,"_EventShowMapLink":false,"_EventURL":"","_EventCost":"","_EventCostDescription":"","_EventCurrencySymbol":"","_EventCurrencyCode":"","_EventCurrencyPosition":"","_EventDateTimeSeparator":"","_EventTimeRangeSeparator":"","_EventOrganizerID":[],"_EventVenueID":[],"_OrganizerEmail":"","_OrganizerPhone":"","_OrganizerWebsite":"","_VenueAddress":"","_VenueCity":"","_VenueCountry":"","_VenueProvince":"","_VenueState":"","_VenueZip":"","_VenuePhone":"","_VenueURL":"","_VenueStateProvince":"","_VenueLat":"","_VenueLng":"","_VenueShowMap":false,"_VenueShowMapLink":false,"footnotes":""},"categories":[37,7],"tags":[],"class_list":["post-1353","post","type-post","status-publish","format-standard","has-post-thumbnail","hentry","category-infos-orientation","category-presse"],"aioseo_notices":[],"_links":{"self":[{"href":"https:\/\/academiespatiale.fr\/index.php\/wp-json\/wp\/v2\/posts\/1353","targetHints":{"allow":["GET"]}}],"collection":[{"href":"https:\/\/academiespatiale.fr\/index.php\/wp-json\/wp\/v2\/posts"}],"about":[{"href":"https:\/\/academiespatiale.fr\/index.php\/wp-json\/wp\/v2\/types\/post"}],"author":[{"embeddable":true,"href":"https:\/\/academiespatiale.fr\/index.php\/wp-json\/wp\/v2\/users\/1"}],"replies":[{"embeddable":true,"href":"https:\/\/academiespatiale.fr\/index.php\/wp-json\/wp\/v2\/comments?post=1353"}],"version-history":[{"count":8,"href":"https:\/\/academiespatiale.fr\/index.php\/wp-json\/wp\/v2\/posts\/1353\/revisions"}],"predecessor-version":[{"id":7442,"href":"https:\/\/academiespatiale.fr\/index.php\/wp-json\/wp\/v2\/posts\/1353\/revisions\/7442"}],"wp:featuredmedia":[{"embeddable":true,"href":"https:\/\/academiespatiale.fr\/index.php\/wp-json\/wp\/v2\/media\/1364"}],"wp:attachment":[{"href":"https:\/\/academiespatiale.fr\/index.php\/wp-json\/wp\/v2\/media?parent=1353"}],"wp:term":[{"taxonomy":"category","embeddable":true,"href":"https:\/\/academiespatiale.fr\/index.php\/wp-json\/wp\/v2\/categories?post=1353"},{"taxonomy":"post_tag","embeddable":true,"href":"https:\/\/academiespatiale.fr\/index.php\/wp-json\/wp\/v2\/tags?post=1353"}],"curies":[{"name":"wp","href":"https:\/\/api.w.org\/{rel}","templated":true}]}}