{"id":108,"date":"2024-03-29T13:34:52","date_gmt":"2024-03-29T12:34:52","guid":{"rendered":"https:\/\/academiespatiale.fr\/?p=108"},"modified":"2026-01-06T17:54:35","modified_gmt":"2026-01-06T16:54:35","slug":"lappel-doffre-apprentissage-est-lance","status":"publish","type":"post","link":"https:\/\/academiespatiale.fr\/index.php\/2024\/03\/29\/lappel-doffre-apprentissage-est-lance\/","title":{"rendered":"L&rsquo;appel d&rsquo;offre apprentissage est lanc\u00e9 !"},"content":{"rendered":"\n<div class=\"wp-block-columns has-text-color has-link-color wp-elements-e673af4000d0b3c096a66b181f7b0bbd is-layout-flex wp-container-core-columns-is-layout-deb2fee4 wp-block-columns-is-layout-flex\" style=\"color:#b1b1b1;margin-top:-25px;margin-bottom:20px;padding-top:0;padding-right:0;padding-bottom:0;padding-left:0;font-size:15px\">\n<div class=\"wp-block-column has-text-color has-link-color wp-elements-5a4d4e7b16cdb21f05469acdf2368671 is-layout-flow wp-block-column-is-layout-flow\" style=\"color:#a1a1a1;padding-top:0;padding-bottom:0;font-size:15px;font-style:normal;font-weight:100;flex-basis:100%\"><div class=\"aioseo-breadcrumbs\"><span class=\"aioseo-breadcrumb\">\n\t\t\t<a href=\"https:\/\/academiespatiale.fr\" title=\"Home\">Home<\/a>\n\t\t<\/span><span class=\"aioseo-breadcrumb-separator\">&raquo;<\/span><span class=\"aioseo-breadcrumb\">\n\t\t\t<a href=\"https:\/\/academiespatiale.fr\/index.php\/category\/appels-offres\/\" title=\"Appels d&#039;offres\">Appels d&rsquo;offres<\/a>\n\t\t<\/span><span class=\"aioseo-breadcrumb-separator\">&raquo;<\/span><span class=\"aioseo-breadcrumb\">\n\t\t\t<a href=\"https:\/\/academiespatiale.fr\/index.php\/category\/appels-offres\/aap-apprentissages\/\" title=\"AAP apprentissages\">AAP apprentissages<\/a>\n\t\t<\/span><span class=\"aioseo-breadcrumb-separator\">&raquo;<\/span><span class=\"aioseo-breadcrumb\">\n\t\t\tL\u2019appel d\u2019offre apprentissage est lanc\u00e9 !\n\t\t<\/span><\/div><\/div>\n<\/div>\n\n\n\n<div class=\"wp-block-columns is-layout-flex wp-container-core-columns-is-layout-28f84493 wp-block-columns-is-layout-flex\">\n<div class=\"wp-block-column is-layout-flow wp-block-column-is-layout-flow\">\n<p>Il s&rsquo;agit d&rsquo;une formation par la recherche gr\u00e2ce \u00e0 une immersion dans les laboratoires spatiaux du consortium de l&rsquo;Acad\u00e9mie et en priorit\u00e9 pour des \u00e9tudiants issus des formations en alternance du consortium du Bac+2 au Bac+5.<\/p>\n<\/div>\n\n\n\n<div class=\"wp-block-column is-vertically-aligned-top has-small-font-size is-layout-flow wp-block-column-is-layout-flow\">\n<figure class=\"wp-block-image size-large is-resized is-style-default\"><img loading=\"lazy\" decoding=\"async\" width=\"1024\" height=\"679\" src=\"https:\/\/academiespatiale.fr\/wp-content\/uploads\/2024\/03\/appel-offre-apprentissage-1024x679.jpg\" alt=\"Jade Samson \u00a9 LATMOS\" class=\"wp-image-1209\" style=\"width:416px;height:auto\" srcset=\"https:\/\/academiespatiale.fr\/wp-content\/uploads\/2024\/03\/appel-offre-apprentissage-1024x679.jpg 1024w, https:\/\/academiespatiale.fr\/wp-content\/uploads\/2024\/03\/appel-offre-apprentissage-300x199.jpg 300w, https:\/\/academiespatiale.fr\/wp-content\/uploads\/2024\/03\/appel-offre-apprentissage-768x509.jpg 768w, https:\/\/academiespatiale.fr\/wp-content\/uploads\/2024\/03\/appel-offre-apprentissage-360x240.jpg 360w, https:\/\/academiespatiale.fr\/wp-content\/uploads\/2024\/03\/appel-offre-apprentissage.jpg 1136w\" sizes=\"auto, (max-width: 1024px) 100vw, 1024px\" \/><figcaption class=\"wp-element-caption\">Jade Samson \u00a9 LATMOS<\/figcaption><\/figure>\n<\/div>\n<\/div>\n\n\n\n<hr class=\"wp-block-separator has-alpha-channel-opacity\"\/>\n\n\n\n<figure class=\"wp-block-image size-large\"><img loading=\"lazy\" decoding=\"async\" width=\"1024\" height=\"72\" src=\"https:\/\/academiespatiale.fr\/wp-content\/uploads\/2024\/03\/Frise_logosCMA-light-1024x72.png\" alt=\"\" class=\"wp-image-109\" srcset=\"https:\/\/academiespatiale.fr\/wp-content\/uploads\/2024\/03\/Frise_logosCMA-light-1024x72.png 1024w, https:\/\/academiespatiale.fr\/wp-content\/uploads\/2024\/03\/Frise_logosCMA-light-300x21.png 300w, https:\/\/academiespatiale.fr\/wp-content\/uploads\/2024\/03\/Frise_logosCMA-light-768x54.png 768w, https:\/\/academiespatiale.fr\/wp-content\/uploads\/2024\/03\/Frise_logosCMA-light-1536x108.png 1536w, https:\/\/academiespatiale.fr\/wp-content\/uploads\/2024\/03\/Frise_logosCMA-light-2048x144.png 2048w\" sizes=\"auto, (max-width: 1024px) 100vw, 1024px\" \/><\/figure>\n","protected":false},"excerpt":{"rendered":"<p>Il s&rsquo;agit d&rsquo;une formation par la recherche gr\u00e2ce \u00e0 une immersion dans les laboratoires spatiaux du consortium de l&rsquo;Acad\u00e9mie et en priorit\u00e9 pour des \u00e9tudiants issus des formations en alternance du consortium du Bac+2 au Bac+5.<\/p>\n","protected":false},"author":1,"featured_media":540,"comment_status":"closed","ping_status":"closed","sticky":false,"template":"","format":"standard","meta":{"_monsterinsights_skip_tracking":false,"_monsterinsights_sitenote_active":false,"_monsterinsights_sitenote_note":"","_monsterinsights_sitenote_category":0,"_EventAllDay":false,"_EventTimezone":"","_EventStartDate":"","_EventEndDate":"","_EventStartDateUTC":"","_EventEndDateUTC":"","_EventShowMap":false,"_EventShowMapLink":false,"_EventURL":"","_EventCost":"","_EventCostDescription":"","_EventCurrencySymbol":"","_EventCurrencyCode":"","_EventCurrencyPosition":"","_EventDateTimeSeparator":"","_EventTimeRangeSeparator":"","_EventOrganizerID":[],"_EventVenueID":[],"_OrganizerEmail":"","_OrganizerPhone":"","_OrganizerWebsite":"","_VenueAddress":"","_VenueCity":"","_VenueCountry":"","_VenueProvince":"","_VenueState":"","_VenueZip":"","_VenuePhone":"","_VenueURL":"","_VenueStateProvince":"","_VenueLat":"","_VenueLng":"","_VenueShowMap":false,"_VenueShowMapLink":false,"footnotes":""},"categories":[20,9],"tags":[],"class_list":["post-108","post","type-post","status-publish","format-standard","has-post-thumbnail","hentry","category-aap-apprentissages","category-appels-offres"],"aioseo_notices":[],"_links":{"self":[{"href":"https:\/\/academiespatiale.fr\/index.php\/wp-json\/wp\/v2\/posts\/108","targetHints":{"allow":["GET"]}}],"collection":[{"href":"https:\/\/academiespatiale.fr\/index.php\/wp-json\/wp\/v2\/posts"}],"about":[{"href":"https:\/\/academiespatiale.fr\/index.php\/wp-json\/wp\/v2\/types\/post"}],"author":[{"embeddable":true,"href":"https:\/\/academiespatiale.fr\/index.php\/wp-json\/wp\/v2\/users\/1"}],"replies":[{"embeddable":true,"href":"https:\/\/academiespatiale.fr\/index.php\/wp-json\/wp\/v2\/comments?post=108"}],"version-history":[{"count":8,"href":"https:\/\/academiespatiale.fr\/index.php\/wp-json\/wp\/v2\/posts\/108\/revisions"}],"predecessor-version":[{"id":7464,"href":"https:\/\/academiespatiale.fr\/index.php\/wp-json\/wp\/v2\/posts\/108\/revisions\/7464"}],"wp:featuredmedia":[{"embeddable":true,"href":"https:\/\/academiespatiale.fr\/index.php\/wp-json\/wp\/v2\/media\/540"}],"wp:attachment":[{"href":"https:\/\/academiespatiale.fr\/index.php\/wp-json\/wp\/v2\/media?parent=108"}],"wp:term":[{"taxonomy":"category","embeddable":true,"href":"https:\/\/academiespatiale.fr\/index.php\/wp-json\/wp\/v2\/categories?post=108"},{"taxonomy":"post_tag","embeddable":true,"href":"https:\/\/academiespatiale.fr\/index.php\/wp-json\/wp\/v2\/tags?post=108"}],"curies":[{"name":"wp","href":"https:\/\/api.w.org\/{rel}","templated":true}]}}