{"id":1038,"date":"2024-06-06T12:40:51","date_gmt":"2024-06-06T10:40:51","guid":{"rendered":"https:\/\/academiespatiale.fr\/?p=1038"},"modified":"2026-01-06T17:50:55","modified_gmt":"2026-01-06T16:50:55","slug":"20-ans-du-master-planetologie-et-exploration-spatiale","status":"publish","type":"post","link":"https:\/\/academiespatiale.fr\/index.php\/2024\/06\/06\/20-ans-du-master-planetologie-et-exploration-spatiale\/","title":{"rendered":"20 ans du master Plan\u00e9tologie et exploration spatiale"},"content":{"rendered":"\n<div class=\"wp-block-columns has-text-color has-link-color wp-elements-e673af4000d0b3c096a66b181f7b0bbd is-layout-flex wp-container-core-columns-is-layout-deb2fee4 wp-block-columns-is-layout-flex\" style=\"color:#b1b1b1;margin-top:-25px;margin-bottom:20px;padding-top:0;padding-right:0;padding-bottom:0;padding-left:0;font-size:15px\">\n<div class=\"wp-block-column has-text-color has-link-color wp-elements-5a4d4e7b16cdb21f05469acdf2368671 is-layout-flow wp-block-column-is-layout-flow\" style=\"color:#a1a1a1;padding-top:0;padding-bottom:0;font-size:15px;font-style:normal;font-weight:100;flex-basis:100%\"><div class=\"aioseo-breadcrumbs\"><span class=\"aioseo-breadcrumb\">\n\t\t\t<a href=\"https:\/\/academiespatiale.fr\" title=\"Home\">Home<\/a>\n\t\t<\/span><span class=\"aioseo-breadcrumb-separator\">&raquo;<\/span><span class=\"aioseo-breadcrumb\">\n\t\t\t<a href=\"https:\/\/academiespatiale.fr\/index.php\/category\/evenements\/\" title=\"\u00c9v\u00e8nements\">\u00c9v\u00e8nements<\/a>\n\t\t<\/span><span class=\"aioseo-breadcrumb-separator\">&raquo;<\/span><span class=\"aioseo-breadcrumb\">\n\t\t\t<a href=\"https:\/\/academiespatiale.fr\/index.php\/category\/evenements\/communaute\/\" title=\"Communaut\u00e9\">Communaut\u00e9<\/a>\n\t\t<\/span><span class=\"aioseo-breadcrumb-separator\">&raquo;<\/span><span class=\"aioseo-breadcrumb\">\n\t\t\t20 ans du master Plan\u00e9tologie et exploration spatiale\n\t\t<\/span><\/div><\/div>\n<\/div>\n\n\n\n<div class=\"wp-block-columns is-layout-flex wp-container-core-columns-is-layout-28f84493 wp-block-columns-is-layout-flex\">\n<div class=\"wp-block-column is-vertically-aligned-center is-layout-flow wp-block-column-is-layout-flow\">\n<p>Vous \u00eates convi\u00e9 \u00e0 c\u00e9l\u00e9brer la 20<sup>e<\/sup> promotion du Master Plan\u00e9tologie et Exploration Spatiale.<\/p>\n\n\n\n<div style=\"height:20px\" aria-hidden=\"true\" class=\"wp-block-spacer\"><\/div>\n\n\n\n<p><strong>&gt;&gt;&gt; Vendredi 28 juin 2024<\/strong> <\/p>\n\n\n\n<div style=\"height:20px\" aria-hidden=\"true\" class=\"wp-block-spacer\"><\/div>\n\n\n\n<p>La matin\u00e9e s&rsquo;addressera aux \u00e9l\u00e8ves des \u00e9coles primaires, coll\u00e8ges et lyc\u00e9es. D\u00e8s 14h, l&rsquo;\u00e9v\u00e8nement sera ouvert \u00e0 tous et toutes.<\/p>\n\n\n\n<p class=\"has-small-font-size\">Amphi Durand &#8211; B\u00e2timent Esclangon, 4 place Jussieu, Paris <br>Et en visio-conf\u00e9rence.<\/p>\n<\/div>\n\n\n\n<div class=\"wp-block-column is-layout-flow wp-block-column-is-layout-flow\">\n<figure class=\"wp-block-image size-large\"><img loading=\"lazy\" decoding=\"async\" width=\"723\" height=\"1024\" src=\"https:\/\/academiespatiale.fr\/wp-content\/uploads\/2024\/06\/affiche_20ans_master_planeto_0-723x1024.jpg\" alt=\"\" class=\"wp-image-1039\" srcset=\"https:\/\/academiespatiale.fr\/wp-content\/uploads\/2024\/06\/affiche_20ans_master_planeto_0-723x1024.jpg 723w, https:\/\/academiespatiale.fr\/wp-content\/uploads\/2024\/06\/affiche_20ans_master_planeto_0-212x300.jpg 212w, https:\/\/academiespatiale.fr\/wp-content\/uploads\/2024\/06\/affiche_20ans_master_planeto_0-768x1087.jpg 768w, https:\/\/academiespatiale.fr\/wp-content\/uploads\/2024\/06\/affiche_20ans_master_planeto_0-1085x1536.jpg 1085w, https:\/\/academiespatiale.fr\/wp-content\/uploads\/2024\/06\/affiche_20ans_master_planeto_0-1447x2048.jpg 1447w, https:\/\/academiespatiale.fr\/wp-content\/uploads\/2024\/06\/affiche_20ans_master_planeto_0-scaled.jpg 1808w\" sizes=\"auto, (max-width: 723px) 100vw, 723px\" \/><\/figure>\n<\/div>\n<\/div>\n\n\n\n<p class=\"has-background-color-background-color has-background\">Plus d&rsquo;infos et programme : <a href=\"https:\/\/www.master-planeto.universite-paris-saclay.fr\/\" target=\"_blank\" rel=\"noopener\" title=\"\">Master Planetologie et Exploration Spatiale (universite-paris-saclay.fr)<\/a><\/p>\n","protected":false},"excerpt":{"rendered":"<p>Vous \u00eates convi\u00e9 \u00e0 c\u00e9l\u00e9brer la 20e promotion du Master Plan\u00e9tologie et Exploration Spatiale. &gt;&gt;&gt; Vendredi 28 juin 2024 La matin\u00e9e s&rsquo;addressera aux \u00e9l\u00e8ves des \u00e9coles primaires, coll\u00e8ges et lyc\u00e9es. D\u00e8s 14h, l&rsquo;\u00e9v\u00e8nement sera ouvert \u00e0 tous et toutes. Amphi Durand &#8211; B\u00e2timent Esclangon, 4 place Jussieu, Paris Et en [&hellip;]<\/p>\n","protected":false},"author":1,"featured_media":1040,"comment_status":"closed","ping_status":"closed","sticky":false,"template":"","format":"standard","meta":{"_monsterinsights_skip_tracking":false,"_monsterinsights_sitenote_active":false,"_monsterinsights_sitenote_note":"","_monsterinsights_sitenote_category":0,"_EventAllDay":false,"_EventTimezone":"","_EventStartDate":"","_EventEndDate":"","_EventStartDateUTC":"","_EventEndDateUTC":"","_EventShowMap":false,"_EventShowMapLink":false,"_EventURL":"","_EventCost":"","_EventCostDescription":"","_EventCurrencySymbol":"","_EventCurrencyCode":"","_EventCurrencyPosition":"","_EventDateTimeSeparator":"","_EventTimeRangeSeparator":"","_EventOrganizerID":[],"_EventVenueID":[],"_OrganizerEmail":"","_OrganizerPhone":"","_OrganizerWebsite":"","_VenueAddress":"","_VenueCity":"","_VenueCountry":"","_VenueProvince":"","_VenueState":"","_VenueZip":"","_VenuePhone":"","_VenueURL":"","_VenueStateProvince":"","_VenueLat":"","_VenueLng":"","_VenueShowMap":false,"_VenueShowMapLink":false,"footnotes":""},"categories":[8,14],"tags":[],"class_list":["post-1038","post","type-post","status-publish","format-standard","has-post-thumbnail","hentry","category-communaute","category-evenements"],"aioseo_notices":[],"_links":{"self":[{"href":"https:\/\/academiespatiale.fr\/index.php\/wp-json\/wp\/v2\/posts\/1038","targetHints":{"allow":["GET"]}}],"collection":[{"href":"https:\/\/academiespatiale.fr\/index.php\/wp-json\/wp\/v2\/posts"}],"about":[{"href":"https:\/\/academiespatiale.fr\/index.php\/wp-json\/wp\/v2\/types\/post"}],"author":[{"embeddable":true,"href":"https:\/\/academiespatiale.fr\/index.php\/wp-json\/wp\/v2\/users\/1"}],"replies":[{"embeddable":true,"href":"https:\/\/academiespatiale.fr\/index.php\/wp-json\/wp\/v2\/comments?post=1038"}],"version-history":[{"count":4,"href":"https:\/\/academiespatiale.fr\/index.php\/wp-json\/wp\/v2\/posts\/1038\/revisions"}],"predecessor-version":[{"id":7447,"href":"https:\/\/academiespatiale.fr\/index.php\/wp-json\/wp\/v2\/posts\/1038\/revisions\/7447"}],"wp:featuredmedia":[{"embeddable":true,"href":"https:\/\/academiespatiale.fr\/index.php\/wp-json\/wp\/v2\/media\/1040"}],"wp:attachment":[{"href":"https:\/\/academiespatiale.fr\/index.php\/wp-json\/wp\/v2\/media?parent=1038"}],"wp:term":[{"taxonomy":"category","embeddable":true,"href":"https:\/\/academiespatiale.fr\/index.php\/wp-json\/wp\/v2\/categories?post=1038"},{"taxonomy":"post_tag","embeddable":true,"href":"https:\/\/academiespatiale.fr\/index.php\/wp-json\/wp\/v2\/tags?post=1038"}],"curies":[{"name":"wp","href":"https:\/\/api.w.org\/{rel}","templated":true}]}}