{"id":4866,"global_id":"academiespatiale.fr?id=4866","global_id_lineage":["academiespatiale.fr?id=4866"],"author":"1","status":"publish","date":"2025-05-27 16:39:43","date_utc":"2025-05-27 14:39:43","modified":"2025-05-27 16:51:26","modified_utc":"2025-05-27 14:51:26","url":"https:\/\/academiespatiale.fr\/index.php\/event\/lundi-2-juin-2025-ceremonie-de-devoilement-de-lequipe-de-france-pour-les-olympiades-internationales-dastronomie-et-dastrophysique\/","rest_url":"https:\/\/academiespatiale.fr\/index.php\/wp-json\/tribe\/events\/v1\/events\/4866","title":"C\u00e9r\u00e9monie de d\u00e9voilement de l&rsquo;\u00e9quipe de France pour les Olympiades Internationales d&rsquo;Astronomie et d&rsquo;Astrophysique","description":"<div  class=\"tribe-events-schedule tribe-clearfix\" >\n\t<p class=\"tribe-events-schedule__datetime\">\n\t\t<span class=\"tribe-events-schedule__date tribe-events-schedule__date--start\">\n\t\t\t\t\t<\/span>\n\n\t\t\t\t\t<span class=\"tribe-events-schedule__separator tribe-events-schedule__separator--date\">\n\t\t\t\t : \t\t\t<\/span>\n\t\t\t<span class=\"tribe-events-schedule__time tribe-events-schedule__time--start\">\n\t\t\t\t\t\t\t<\/span>\n\t\t\n\t\t\t<\/p>\n<\/div>\n\n\n\n<div class=\"wp-block-cover is-light\" style=\"margin-top:0;margin-bottom:0;padding-top:var(--wp--preset--spacing--80);padding-right:var(--wp--preset--spacing--80);padding-bottom:var(--wp--preset--spacing--80);padding-left:var(--wp--preset--spacing--80)\"><span aria-hidden=\"true\" class=\"wp-block-cover__background has-white-background-color has-background-dim-100 has-background-dim\"><\/span><div class=\"wp-block-cover__inner-container is-layout-constrained wp-container-core-cover-is-layout-0275ab21 wp-block-cover-is-layout-constrained\">\n<p class=\"has-text-align-center\">La premi\u00e8re \u00e9quipe de France de lyc\u00e9ennes et de lyc\u00e9ens participant aux Olympiades Internationales d&rsquo;Astronomie et d&rsquo;Astrophysique (IOAA) sera d\u00e9voil\u00e9e lors d&rsquo;une c\u00e9r\u00e9monie organis\u00e9e le 2 juin \u00e0 l&rsquo;Institut d&rsquo;Astrophysique Spatiale (CNRS \/ Universit\u00e9 Paris-Saclay).<\/p>\n\n\n\n<div class=\"wp-block-columns is-layout-flex wp-container-core-columns-is-layout-28f84493 wp-block-columns-is-layout-flex\">\n<div class=\"wp-block-column is-vertically-aligned-center is-layout-flow wp-block-column-is-layout-flow\">\n<hr class=\"wp-block-separator has-alpha-channel-opacity\"\/>\n\n\n\n<div style=\"height:20px\" aria-hidden=\"true\" class=\"wp-block-spacer\"><\/div>\n\n\n\n<p class=\"has-text-align-center\" style=\"text-transform:uppercase\"><strong>Lundi 2 juin 2025<\/strong> <br>19h &#8211; 20h30<\/p>\n\n\n\n<p class=\"has-text-align-center\"><strong>C\u00e9r\u00e9monie de d\u00e9voilement de la premi\u00e8re \u00e9quipe de France de lyc\u00e9ennes et lyc\u00e9ens qui participeront aux IOAA de Mumbai (Inde) en ao\u00fbt.<\/strong><\/p>\n\n\n\n<p class=\"has-text-align-center\">Institut d&rsquo;Astrophysique Spatiale (IAS)<br>Salle 1 &#8211; B\u00e2t. 121 &#8211; Campus vall\u00e9e d&rsquo;Orsay<\/p>\n\n\n\n<p class=\"has-text-align-center\"><em>Gratuit, sur invitation<\/em><\/p>\n\n\n\n<hr class=\"wp-block-separator has-alpha-channel-opacity\"\/>\n<\/div>\n\n\n\n<div class=\"wp-block-column is-layout-flow wp-block-column-is-layout-flow\">\n<figure class=\"wp-block-image size-full\"><img loading=\"lazy\" decoding=\"async\" width=\"892\" height=\"1112\" src=\"https:\/\/academiespatiale.fr\/wp-content\/uploads\/2025\/05\/Affiche.png\" alt=\"\" class=\"wp-image-4789\" srcset=\"https:\/\/academiespatiale.fr\/wp-content\/uploads\/2025\/05\/Affiche.png 892w, https:\/\/academiespatiale.fr\/wp-content\/uploads\/2025\/05\/Affiche-241x300.png 241w, https:\/\/academiespatiale.fr\/wp-content\/uploads\/2025\/05\/Affiche-821x1024.png 821w\" sizes=\"auto, (max-width: 892px) 100vw, 892px\" \/><\/figure>\n<\/div>\n<\/div>\n\n\n\n<div style=\"height:20px\" aria-hidden=\"true\" class=\"wp-block-spacer\"><\/div>\n\n\n\n<p class=\"has-background-color-background-color has-background\">Plus d&rsquo;infos<br>\u2192 Suivre l&rsquo;\u00e9quipe fran\u00e7aise : <a href=\"http:\/\/blog.ac-versailles.fr\/ioaa\/\" target=\"_blank\" rel=\"noopener\" title=\"\">Pr\u00e9paration fran\u00e7aise aux IOAA<\/a><br>\u2192 Plan du campus d&rsquo;Orsay : <a href=\"https:\/\/www.ias.u-psud.fr\/fr\/le-laboratoire\/guide-du-visiteur\/plans-et-indications\" target=\"_blank\" rel=\"noopener\" title=\"\">Plans et indications | Institut d&rsquo;Astrophysique Spatiale<\/a><br>\u2192 Page officielle IOAA : <a href=\"https:\/\/ioaa2025.in\/\" target=\"_blank\" rel=\"noopener\" title=\"\">ioaa2025.in<\/a><br><br>Vous avez une invitation ?<br>\u2192 Formulaire \u00e0 remplir avant le 31 mai 18h : <a href=\"https:\/\/forms.gle\/yf655m5k7RmqudqbA\" target=\"_blank\" rel=\"noopener\" title=\"\">https:\/\/forms.gle\/yf655m5k7RmqudqbA<\/a><\/p>\n\n\n\n<p>A l&rsquo;issue d&rsquo;une pr\u00e9paration d&rsquo;un an \u00e0 l&rsquo;IAS (Institut d&rsquo;Astrophysique Spatiale) et \u00e0 l&rsquo;OSUPS (Observatoire des Sciences de l&rsquo;Univers de l&rsquo;Universit\u00e9 Paris-Saclay) et d&rsquo;une \u00e9preuve de s\u00e9lection, l&rsquo;\u00e9quipe finale sera d\u00e9voil\u00e9e lors de la c\u00e9r\u00e9monie de d\u00e9voilement du 2 juin : 2 \u00e0 4 \u00e9l\u00e8ves seront d\u00e9sign\u00e9s (en visant la parit\u00e9) pour repr\u00e9senter la France lors de la prochaine \u00e9dition internationale des IOAA qui aura lieu \u00e0 Mumbai (Inde) du 11 au 21 ao\u00fbt 2025.<\/p>\n\n\n\n<p><strong>Programme de la soir\u00e9e <\/strong>:<br><em>(19h &#8211; 20h30)<\/em><\/p>\n\n\n\n<ul class=\"wp-block-list\">\n<li>Introduction et pr\u00e9sentation par Herv\u00e9 Dole<\/li>\n\n\n\n<li>Conf\u00e9rence &#8211; Astrophysique<\/li>\n\n\n\n<li>Questions du public<\/li>\n\n\n\n<li>Conf\u00e9rence &#8211; Spatial<\/li>\n\n\n\n<li>Remise des prix<\/li>\n\n\n\n<li>Cloture<\/li>\n<\/ul>\n\n\n\n<p>Les prix (mentions et s\u00e9lections en \u00e9quipe de France) seront remis par un repr\u00e9sentant de l&rsquo;Universit\u00e9 Paris-Saclay, de la Fondation, de l&rsquo;Acad\u00e9mie spatiale d\u2019Ile-de-France, de la SAF, et par <strong>Sylvie Retailleau<\/strong>, ancienne ministre de l&rsquo;Enseignement sup\u00e9rieur et de la Recherche, Pr\u00e9sidente de l&rsquo;Universit\u00e9 Paris-Saclay et professeure de Physique.<\/p>\n\n\n\n<div style=\"height:30px\" aria-hidden=\"true\" class=\"wp-block-spacer\"><\/div>\n\n\n\n<hr class=\"wp-block-separator has-alpha-channel-opacity\"\/>\n\n\n<div class=\"wp-block-image\">\n<figure class=\"aligncenter size-large\"><img loading=\"lazy\" decoding=\"async\" width=\"1024\" height=\"89\" src=\"https:\/\/academiespatiale.fr\/wp-content\/uploads\/2025\/05\/IAOO_frise_logos2-1024x89.png\" alt=\"\" class=\"wp-image-4787\" srcset=\"https:\/\/academiespatiale.fr\/wp-content\/uploads\/2025\/05\/IAOO_frise_logos2-1024x89.png 1024w, https:\/\/academiespatiale.fr\/wp-content\/uploads\/2025\/05\/IAOO_frise_logos2-300x26.png 300w, https:\/\/academiespatiale.fr\/wp-content\/uploads\/2025\/05\/IAOO_frise_logos2-768x67.png 768w, https:\/\/academiespatiale.fr\/wp-content\/uploads\/2025\/05\/IAOO_frise_logos2-1536x134.png 1536w, https:\/\/academiespatiale.fr\/wp-content\/uploads\/2025\/05\/IAOO_frise_logos2.png 1942w\" sizes=\"auto, (max-width: 1024px) 100vw, 1024px\" \/><\/figure>\n<\/div>\n\n\n<div style=\"height:20px\" aria-hidden=\"true\" class=\"wp-block-spacer\"><\/div>\n\n\n\n<p><em>Cet projet est rendu possible notamment gr\u00e2ce \u00e0 l&rsquo;\u00e9quipe encadrante : <strong>Alain Cano<\/strong> (Lyc\u00e9e de la vall\u00e9e de Chevreuse) et le professeur <strong>Herv\u00e9 Dole<\/strong> (Univ. Paris-Saclay \/ IAS \/ OSUPS). Et est soutenu par la Fondation Universit\u00e9 Paris-Saclay, le CMA Acad\u00e9mie Spatiale d&rsquo;\u00cele-de-France et la Soci\u00e9t\u00e9 Astronomique de France, l&rsquo;Universit\u00e9 Paris-Saclay, l&rsquo;OSUPS et l&rsquo;IAS.<\/em><\/p>\n\n\n\n<div style=\"height:30px\" aria-hidden=\"true\" class=\"wp-block-spacer\"><\/div>\n\n\n\n<p class=\"has-text-align-center has-large-font-size\"><\/p>\n<\/div><\/div>\n\n\n\n<div style=\"height:30px\" aria-hidden=\"true\" class=\"wp-block-spacer\"><\/div>\n\n\n\t<div  class=\"tribe-block tribe-block__events-link\" >\n\t\t<div class=\"tribe-events tribe-common\">\n\t\t\t<div class=\"tribe-events-c-subscribe-dropdown__container\">\n\t\t\t\t<div class=\"tribe-events-c-subscribe-dropdown\">\n\t\t\t\t\t<div class=\"tribe-common-c-btn-border tribe-events-c-subscribe-dropdown__button\">\n\t\t\t\t\t\t<svg\n\t class=\"tribe-common-c-svgicon tribe-common-c-svgicon--cal-export tribe-events-c-subscribe-dropdown__export-icon\" \taria-hidden=\"true\"\n\tviewBox=\"0 0 23 17\"\n\txmlns=\"http:\/\/www.w3.org\/2000\/svg\"\n>\n\t<path fill-rule=\"evenodd\" clip-rule=\"evenodd\" d=\"M.128.896V16.13c0 .211.145.383.323.383h15.354c.179 0 .323-.172.323-.383V.896c0-.212-.144-.383-.323-.383H.451C.273.513.128.684.128.896Zm16 6.742h-.901V4.679H1.009v10.729h14.218v-3.336h.901V7.638ZM1.01 1.614h14.218v2.058H1.009V1.614Z\" \/>\n\t<path d=\"M20.5 9.846H8.312M18.524 6.953l2.89 2.909-2.855 2.855\" stroke-width=\"1.2\" stroke-linecap=\"round\" stroke-linejoin=\"round\"\/>\n<\/svg>\n\t\t\t\t\t\t<button\n\t\t\t\t\t\t\tclass=\"tribe-events-c-subscribe-dropdown__button-text\"\n\t\t\t\t\t\t\taria-expanded=\"false\"\n\t\t\t\t\t\t\taria-controls=\"tribe-events-subscribe-dropdown-content\"\n\t\t\t\t\t\t\taria-label=\"Afficher les liens permettant d\u2019ajouter des \u00e9v\u00e8nements \u00e0 votre calendrier\"\n\t\t\t\t\t\t>\n\t\t\t\t\t\t\tAjouter au calendrier\t\t\t\t\t\t<\/button>\n\t\t\t\t\t\t<svg\n\t class=\"tribe-common-c-svgicon tribe-common-c-svgicon--caret-down tribe-events-c-subscribe-dropdown__button-icon\" \taria-hidden=\"true\"\n\tviewBox=\"0 0 10 7\"\n\txmlns=\"http:\/\/www.w3.org\/2000\/svg\"\n>\n\t<path fill-rule=\"evenodd\" clip-rule=\"evenodd\" d=\"M1.008.609L5 4.6 8.992.61l.958.958L5 6.517.05 1.566l.958-.958z\" class=\"tribe-common-c-svgicon__svg-fill\"\/>\n<\/svg>\n\t\t\t\t\t<\/div>\n\t\t\t\t\t<div id=\"tribe-events-subscribe-dropdown-content\" class=\"tribe-events-c-subscribe-dropdown__content\">\n\t\t\t\t\t\t<ul class=\"tribe-events-c-subscribe-dropdown__list\">\n\t\t\t\t\t\t\t\t\t\t\t\t\t\t\t<li class=\"tribe-events-c-subscribe-dropdown__list-item tribe-events-c-subscribe-dropdown__list-item--gcal\">\n\t\t\t\t\t\t\t\t\t<a\n\t\t\t\t\t\t\t\t\t\thref=\"\"\n\t\t\t\t\t\t\t\t\t\tclass=\"tribe-events-c-subscribe-dropdown__list-item-link\"\n\t\t\t\t\t\t\t\t\t\ttarget=\"_blank\"\n\t\t\t\t\t\t\t\t\t\trel=\"noopener noreferrer nofollow noindex\"\n\t\t\t\t\t\t\t\t\t>\n\t\t\t\t\t\t\t\t\t\tGoogle Agenda\t\t\t\t\t\t\t\t\t<\/a>\n\t\t\t\t\t\t\t\t<\/li>\n\t\t\t\t\t\t\t\t\t\t\t\t\t\t\t<li class=\"tribe-events-c-subscribe-dropdown__list-item tribe-events-c-subscribe-dropdown__list-item--ical\">\n\t\t\t\t\t\t\t\t\t<a\n\t\t\t\t\t\t\t\t\t\thref=\"\"\n\t\t\t\t\t\t\t\t\t\tclass=\"tribe-events-c-subscribe-dropdown__list-item-link\"\n\t\t\t\t\t\t\t\t\t\ttarget=\"_blank\"\n\t\t\t\t\t\t\t\t\t\trel=\"noopener noreferrer nofollow noindex\"\n\t\t\t\t\t\t\t\t\t>\n\t\t\t\t\t\t\t\t\t\tiCalendar\t\t\t\t\t\t\t\t\t<\/a>\n\t\t\t\t\t\t\t\t<\/li>\n\t\t\t\t\t\t\t\t\t\t\t\t\t\t\t<li class=\"tribe-events-c-subscribe-dropdown__list-item tribe-events-c-subscribe-dropdown__list-item--outlook-365\">\n\t\t\t\t\t\t\t\t\t<a\n\t\t\t\t\t\t\t\t\t\thref=\"\"\n\t\t\t\t\t\t\t\t\t\tclass=\"tribe-events-c-subscribe-dropdown__list-item-link\"\n\t\t\t\t\t\t\t\t\t\ttarget=\"_blank\"\n\t\t\t\t\t\t\t\t\t\trel=\"noopener noreferrer nofollow noindex\"\n\t\t\t\t\t\t\t\t\t>\n\t\t\t\t\t\t\t\t\t\tOutlook 365\t\t\t\t\t\t\t\t\t<\/a>\n\t\t\t\t\t\t\t\t<\/li>\n\t\t\t\t\t\t\t\t\t\t\t\t\t\t\t<li class=\"tribe-events-c-subscribe-dropdown__list-item tribe-events-c-subscribe-dropdown__list-item--outlook-live\">\n\t\t\t\t\t\t\t\t\t<a\n\t\t\t\t\t\t\t\t\t\thref=\"\"\n\t\t\t\t\t\t\t\t\t\tclass=\"tribe-events-c-subscribe-dropdown__list-item-link\"\n\t\t\t\t\t\t\t\t\t\ttarget=\"_blank\"\n\t\t\t\t\t\t\t\t\t\trel=\"noopener noreferrer nofollow noindex\"\n\t\t\t\t\t\t\t\t\t>\n\t\t\t\t\t\t\t\t\t\tOutlook Live\t\t\t\t\t\t\t\t\t<\/a>\n\t\t\t\t\t\t\t\t<\/li>\n\t\t\t\t\t\t\t\t\t\t\t\t\t<\/ul>\n\t\t\t\t\t<\/div>\n\t\t\t\t<\/div>\n\t\t\t<\/div>\n\t\t<\/div>\n\t<\/div>","excerpt":"","slug":"lundi-2-juin-2025-ceremonie-de-devoilement-de-lequipe-de-france-pour-les-olympiades-internationales-dastronomie-et-dastrophysique","image":{"url":"https:\/\/academiespatiale.fr\/wp-content\/uploads\/2025\/05\/IOAA2025_ceremonie2juin.png","id":4792,"extension":"png","width":750,"height":500,"filesize":155428,"sizes":{"medium":{"width":300,"height":200,"mime-type":"image\/png","filesize":26063,"url":"https:\/\/academiespatiale.fr\/wp-content\/uploads\/2025\/05\/IOAA2025_ceremonie2juin-300x200.png"},"thumbnail":{"width":150,"height":150,"mime-type":"image\/png","filesize":11895,"url":"https:\/\/academiespatiale.fr\/wp-content\/uploads\/2025\/05\/IOAA2025_ceremonie2juin-150x150.png"},"hestia-blog":{"width":360,"height":240,"mime-type":"image\/png","filesize":35052,"url":"https:\/\/academiespatiale.fr\/wp-content\/uploads\/2025\/05\/IOAA2025_ceremonie2juin-360x240.png"}}},"all_day":false,"start_date":"2025-06-02 19:00:00","start_date_details":{"year":"2025","month":"06","day":"02","hour":"19","minutes":"00","seconds":"00"},"end_date":"2025-06-02 20:30:00","end_date_details":{"year":"2025","month":"06","day":"02","hour":"20","minutes":"30","seconds":"00"},"utc_start_date":"2025-06-02 17:00:00","utc_start_date_details":{"year":"2025","month":"06","day":"02","hour":"17","minutes":"00","seconds":"00"},"utc_end_date":"2025-06-02 18:30:00","utc_end_date_details":{"year":"2025","month":"06","day":"02","hour":"18","minutes":"30","seconds":"00"},"timezone":"Europe\/Paris","timezone_abbr":"","cost":"","cost_details":{"currency_symbol":"\u20ac","currency_code":"EUR","currency_position":"suffix","values":[]},"website":"","show_map":false,"show_map_link":false,"hide_from_listings":false,"sticky":false,"featured":false,"categories":[],"tags":[],"venue":[],"organizer":[],"custom_fields":[],"json_ld":{"@context":"http:\/\/schema.org","@type":"Event","name":"C\u00e9r\u00e9monie de d\u00e9voilement de l&rsquo;\u00e9quipe de France pour les Olympiades Internationales d&rsquo;Astronomie et d&rsquo;Astrophysique","description":"","image":"https:\/\/academiespatiale.fr\/wp-content\/uploads\/2025\/05\/IOAA2025_ceremonie2juin.png","url":"https:\/\/academiespatiale.fr\/index.php\/event\/lundi-2-juin-2025-ceremonie-de-devoilement-de-lequipe-de-france-pour-les-olympiades-internationales-dastronomie-et-dastrophysique\/","eventAttendanceMode":"https:\/\/schema.org\/OfflineEventAttendanceMode","eventStatus":"https:\/\/schema.org\/EventScheduled","startDate":"2025-06-02T19:00:00+02:00","endDate":"2025-06-02T20:30:00+02:00","performer":"Organization"}}