{"id":3506,"global_id":"academiespatiale.fr?id=3506","global_id_lineage":["academiespatiale.fr?id=3506"],"author":"1","status":"publish","date":"2025-02-21 16:39:40","date_utc":"2025-02-21 15:39:40","modified":"2025-02-21 16:42:03","modified_utc":"2025-02-21 15:42:03","url":"https:\/\/academiespatiale.fr\/index.php\/event\/journee-internationale-des-droits-des-femmes-cerveau-et-sante-spatiale-des-femmes-en-action\/","rest_url":"https:\/\/academiespatiale.fr\/index.php\/wp-json\/tribe\/events\/v1\/events\/3506","title":"[Journ\u00e9e Internationale des Droits des Femmes] Cerveau et sant\u00e9 spatiale, des femmes en action !","description":"<div  class=\"tribe-events-schedule tribe-clearfix\" >\n\t<p class=\"tribe-events-schedule__datetime\">\n\t\t<span class=\"tribe-events-schedule__date tribe-events-schedule__date--start\">\n\t\t\t\t\t<\/span>\n\n\t\t\t\t\t<span class=\"tribe-events-schedule__separator tribe-events-schedule__separator--date\">\n\t\t\t\t : \t\t\t<\/span>\n\t\t\t<span class=\"tribe-events-schedule__time tribe-events-schedule__time--start\">\n\t\t\t\t\t\t\t<\/span>\n\t\t\n\t\t\t<\/p>\n<\/div>\n\n\n\n<p class=\"has-medium-font-size\">\u00c0 l\u2019occasion de la Semaine du Cerveau et de la Journ\u00e9e Internationale des Droits des Femmes, le P\u00f4le spatial Universit\u00e9 Paris Cit\u00e9 vous invite \u00e0 un \u00e9v\u00e9nement captivant d\u00e9di\u00e9 \u00e0 la sant\u00e9 et aux neurosciences en milieu spatial. Cet \u00e9v\u00e9nement, ouvert \u00e0 toutes et \u00e0 tous, mettra en lumi\u00e8re les travaux passionnants de femmes m\u00e9decins et chercheures repoussant les fronti\u00e8res de la connaissance, tant pour l\u2019exploration spatiale que pour la sant\u00e9 sur Terre.<\/p>\n\n\n\n<div class=\"wp-block-columns is-layout-flex wp-container-core-columns-is-layout-28f84493 wp-block-columns-is-layout-flex\">\n<div class=\"wp-block-column is-layout-flow wp-block-column-is-layout-flow\">\n<hr class=\"wp-block-separator has-alpha-channel-opacity\"\/>\n\n\n\n<p class=\"has-text-align-center has-medium-font-size\"><strong>Samedi 8 mars 2025<br>De 14h30 \u00e0 18h15<\/strong><\/p>\n\n\n\n<p class=\"has-text-align-center has-medium-font-size\">Amphith\u00e9\u00e2tre Weiss<br>Campus Sainte-Germain-des-Pr\u00e9s<br>Universit\u00e9 Paris Cit\u00e9<br>45, rue des Saints-P\u00e8res, 75006 Paris<\/p>\n\n\n\n<p class=\"has-text-align-center has-medium-font-size\">Entr\u00e9e gratuite, sur inscription<\/p>\n\n\n\n<hr class=\"wp-block-separator has-alpha-channel-opacity\"\/>\n\n\n\n<p class=\"has-medium-font-size\">Au programme :<\/p>\n\n\n\n<p class=\"has-medium-font-size\">\u2013 Conf\u00e9rences accessibles et passionnantes !<br>\u2013 T\u00e9moignages inspirants de femmes scientifiques et m\u00e9decins.<br>\u2013 \u00c9changes autour des avanc\u00e9es qui rapprochent science et exploration spatiale.<\/p>\n<\/div>\n\n\n\n<div class=\"wp-block-column is-layout-flow wp-block-column-is-layout-flow\"><div class=\"wp-block-image\">\n<figure class=\"aligncenter size-large is-resized\"><a href=\"https:\/\/u-paris.fr\/%C3%A9v%C3%A8nement\/cerveau-et-sante-spatiale-des-femmes-en-action\/ \" target=\"_blank\" rel=\" noreferrer noopener\"><img loading=\"lazy\" decoding=\"async\" width=\"683\" height=\"1024\" src=\"https:\/\/academiespatiale.fr\/wp-content\/uploads\/2025\/02\/8mars2025_Cerveau-et-sante-spatiale-683x1024.png\" alt=\"\" class=\"wp-image-3501\" style=\"width:362px;height:auto\" srcset=\"https:\/\/academiespatiale.fr\/wp-content\/uploads\/2025\/02\/8mars2025_Cerveau-et-sante-spatiale-683x1024.png 683w, https:\/\/academiespatiale.fr\/wp-content\/uploads\/2025\/02\/8mars2025_Cerveau-et-sante-spatiale-200x300.png 200w, https:\/\/academiespatiale.fr\/wp-content\/uploads\/2025\/02\/8mars2025_Cerveau-et-sante-spatiale-768x1152.png 768w, https:\/\/academiespatiale.fr\/wp-content\/uploads\/2025\/02\/8mars2025_Cerveau-et-sante-spatiale-1024x1536.png 1024w, https:\/\/academiespatiale.fr\/wp-content\/uploads\/2025\/02\/8mars2025_Cerveau-et-sante-spatiale-1365x2048.png 1365w\" sizes=\"auto, (max-width: 683px) 100vw, 683px\" \/><\/a><\/figure>\n<\/div><\/div>\n<\/div>\n\n\n\n<p class=\"has-white-background-color has-background has-medium-font-size\"><strong>INSCRIPTION<\/strong><br>\u2192 <a href=\"https:\/\/evento.renater.fr\/survey\/inscription-cerveau-et-sante-spatiale-des-femmes-en-action-h2vrl9yn\">R\u00e9pondre au sondage &#8211; Inscription : Cerveau et Sant\u00e9 Spatiale : des femmes en action ! &#8211; Evento<\/a><br><br>Plus d&rsquo;infos<br>\u2192 <a href=\"https:\/\/u-paris.fr\/%C3%A9v%C3%A8nement\/cerveau-et-sante-spatiale-des-femmes-en-action\/\" target=\"_blank\" rel=\"noopener\" title=\"\">Cerveau et sant\u00e9 spatiale, des femmes en action ! | Universit\u00e9 Paris Cit\u00e9<\/a><\/p>\n\n\n<div  class=\"tribe-block tribe-block__organizer__details tribe-clearfix\" >\n\t<div class=\"tribe-block__organizer__title\">\n\t\t<h3>Universit\u00e9 Paris Cit\u00e9<\/h3>\n\t<\/div>\n\t\t\t\t<p class=\"tribe-block__organizer__website\"><a href=\"https:\/\/u-paris.fr\/\" target=\"_blank\" rel=\"noopener noreferrer\">Voir le site Organisateur<\/a><\/p>\n\t\t<\/div>\n\n\n<div  class=\"tribe-block tribe-block__venue tribe-clearfix tribe-block__venue--has-map\" >\n\t\n\t\t\n<div class=\"tribe-block__venue__map\">\n\t\n<iframe loading=\"lazy\"\n  title=\"L\u2018iframe Google maps affichant l\u2019adresse \u00e0 Campus Saint-Germain-des-Pr\u00e9s\"\n  aria-label=\"Plan des lieux\"\n  width=\"310px\"\n  height=\"256px\"\n  frameborder=\"0\" style=\"border:0\"\n  src=\"https:\/\/www.google.com\/maps\/embed\/v1\/place?key=AIzaSyDNsicAsP6-VuGtAb1O9riI3oc_NOb7IOU&#038;q=45%2C+rue+des+Saints-P%C3%A8res+Paris+75006+&#038;zoom=10\" allowfullscreen>\n<\/iframe>\n<\/div>\n\n\t<\/div>\n\n\n\n\n\t<div  class=\"tribe-block tribe-block__events-link\" >\n\t\t<div class=\"tribe-events tribe-common\">\n\t\t\t<div class=\"tribe-events-c-subscribe-dropdown__container\">\n\t\t\t\t<div class=\"tribe-events-c-subscribe-dropdown\">\n\t\t\t\t\t<div class=\"tribe-common-c-btn-border tribe-events-c-subscribe-dropdown__button\">\n\t\t\t\t\t\t<svg\n\t class=\"tribe-common-c-svgicon tribe-common-c-svgicon--cal-export tribe-events-c-subscribe-dropdown__export-icon\" \taria-hidden=\"true\"\n\tviewBox=\"0 0 23 17\"\n\txmlns=\"http:\/\/www.w3.org\/2000\/svg\"\n>\n\t<path fill-rule=\"evenodd\" clip-rule=\"evenodd\" d=\"M.128.896V16.13c0 .211.145.383.323.383h15.354c.179 0 .323-.172.323-.383V.896c0-.212-.144-.383-.323-.383H.451C.273.513.128.684.128.896Zm16 6.742h-.901V4.679H1.009v10.729h14.218v-3.336h.901V7.638ZM1.01 1.614h14.218v2.058H1.009V1.614Z\" \/>\n\t<path d=\"M20.5 9.846H8.312M18.524 6.953l2.89 2.909-2.855 2.855\" stroke-width=\"1.2\" stroke-linecap=\"round\" stroke-linejoin=\"round\"\/>\n<\/svg>\n\t\t\t\t\t\t<button\n\t\t\t\t\t\t\tclass=\"tribe-events-c-subscribe-dropdown__button-text\"\n\t\t\t\t\t\t\taria-expanded=\"false\"\n\t\t\t\t\t\t\taria-controls=\"tribe-events-subscribe-dropdown-content\"\n\t\t\t\t\t\t\taria-label=\"Afficher les liens permettant d\u2019ajouter des \u00e9v\u00e8nements \u00e0 votre calendrier\"\n\t\t\t\t\t\t>\n\t\t\t\t\t\t\tAjouter au calendrier\t\t\t\t\t\t<\/button>\n\t\t\t\t\t\t<svg\n\t class=\"tribe-common-c-svgicon tribe-common-c-svgicon--caret-down tribe-events-c-subscribe-dropdown__button-icon\" \taria-hidden=\"true\"\n\tviewBox=\"0 0 10 7\"\n\txmlns=\"http:\/\/www.w3.org\/2000\/svg\"\n>\n\t<path fill-rule=\"evenodd\" clip-rule=\"evenodd\" d=\"M1.008.609L5 4.6 8.992.61l.958.958L5 6.517.05 1.566l.958-.958z\" class=\"tribe-common-c-svgicon__svg-fill\"\/>\n<\/svg>\n\t\t\t\t\t<\/div>\n\t\t\t\t\t<div id=\"tribe-events-subscribe-dropdown-content\" class=\"tribe-events-c-subscribe-dropdown__content\">\n\t\t\t\t\t\t<ul class=\"tribe-events-c-subscribe-dropdown__list\">\n\t\t\t\t\t\t\t\t\t\t\t\t\t\t\t<li class=\"tribe-events-c-subscribe-dropdown__list-item tribe-events-c-subscribe-dropdown__list-item--gcal\">\n\t\t\t\t\t\t\t\t\t<a\n\t\t\t\t\t\t\t\t\t\thref=\"\"\n\t\t\t\t\t\t\t\t\t\tclass=\"tribe-events-c-subscribe-dropdown__list-item-link\"\n\t\t\t\t\t\t\t\t\t\ttarget=\"_blank\"\n\t\t\t\t\t\t\t\t\t\trel=\"noopener noreferrer nofollow noindex\"\n\t\t\t\t\t\t\t\t\t>\n\t\t\t\t\t\t\t\t\t\tGoogle Agenda\t\t\t\t\t\t\t\t\t<\/a>\n\t\t\t\t\t\t\t\t<\/li>\n\t\t\t\t\t\t\t\t\t\t\t\t\t\t\t<li class=\"tribe-events-c-subscribe-dropdown__list-item tribe-events-c-subscribe-dropdown__list-item--ical\">\n\t\t\t\t\t\t\t\t\t<a\n\t\t\t\t\t\t\t\t\t\thref=\"\"\n\t\t\t\t\t\t\t\t\t\tclass=\"tribe-events-c-subscribe-dropdown__list-item-link\"\n\t\t\t\t\t\t\t\t\t\ttarget=\"_blank\"\n\t\t\t\t\t\t\t\t\t\trel=\"noopener noreferrer nofollow noindex\"\n\t\t\t\t\t\t\t\t\t>\n\t\t\t\t\t\t\t\t\t\tiCalendar\t\t\t\t\t\t\t\t\t<\/a>\n\t\t\t\t\t\t\t\t<\/li>\n\t\t\t\t\t\t\t\t\t\t\t\t\t\t\t<li class=\"tribe-events-c-subscribe-dropdown__list-item tribe-events-c-subscribe-dropdown__list-item--outlook-365\">\n\t\t\t\t\t\t\t\t\t<a\n\t\t\t\t\t\t\t\t\t\thref=\"\"\n\t\t\t\t\t\t\t\t\t\tclass=\"tribe-events-c-subscribe-dropdown__list-item-link\"\n\t\t\t\t\t\t\t\t\t\ttarget=\"_blank\"\n\t\t\t\t\t\t\t\t\t\trel=\"noopener noreferrer nofollow noindex\"\n\t\t\t\t\t\t\t\t\t>\n\t\t\t\t\t\t\t\t\t\tOutlook 365\t\t\t\t\t\t\t\t\t<\/a>\n\t\t\t\t\t\t\t\t<\/li>\n\t\t\t\t\t\t\t\t\t\t\t\t\t\t\t<li class=\"tribe-events-c-subscribe-dropdown__list-item tribe-events-c-subscribe-dropdown__list-item--outlook-live\">\n\t\t\t\t\t\t\t\t\t<a\n\t\t\t\t\t\t\t\t\t\thref=\"\"\n\t\t\t\t\t\t\t\t\t\tclass=\"tribe-events-c-subscribe-dropdown__list-item-link\"\n\t\t\t\t\t\t\t\t\t\ttarget=\"_blank\"\n\t\t\t\t\t\t\t\t\t\trel=\"noopener noreferrer nofollow noindex\"\n\t\t\t\t\t\t\t\t\t>\n\t\t\t\t\t\t\t\t\t\tOutlook Live\t\t\t\t\t\t\t\t\t<\/a>\n\t\t\t\t\t\t\t\t<\/li>\n\t\t\t\t\t\t\t\t\t\t\t\t\t<\/ul>\n\t\t\t\t\t<\/div>\n\t\t\t\t<\/div>\n\t\t\t<\/div>\n\t\t<\/div>\n\t<\/div>","excerpt":"","slug":"journee-internationale-des-droits-des-femmes-cerveau-et-sante-spatiale-des-femmes-en-action","image":{"url":"https:\/\/academiespatiale.fr\/wp-content\/uploads\/2025\/02\/Sante-spatiale-8mars2025.png","id":3509,"extension":"png","width":750,"height":500,"filesize":443692,"sizes":{"medium":{"width":300,"height":200,"mime-type":"image\/png","filesize":94701,"url":"https:\/\/academiespatiale.fr\/wp-content\/uploads\/2025\/02\/Sante-spatiale-8mars2025-300x200.png"},"thumbnail":{"width":150,"height":150,"mime-type":"image\/png","filesize":39133,"url":"https:\/\/academiespatiale.fr\/wp-content\/uploads\/2025\/02\/Sante-spatiale-8mars2025-150x150.png"},"hestia-blog":{"width":360,"height":240,"mime-type":"image\/png","filesize":128963,"url":"https:\/\/academiespatiale.fr\/wp-content\/uploads\/2025\/02\/Sante-spatiale-8mars2025-360x240.png"}}},"all_day":false,"start_date":"2025-03-08 14:30:00","start_date_details":{"year":"2025","month":"03","day":"08","hour":"14","minutes":"30","seconds":"00"},"end_date":"2025-03-08 18:30:00","end_date_details":{"year":"2025","month":"03","day":"08","hour":"18","minutes":"30","seconds":"00"},"utc_start_date":"2025-03-08 13:30:00","utc_start_date_details":{"year":"2025","month":"03","day":"08","hour":"13","minutes":"30","seconds":"00"},"utc_end_date":"2025-03-08 17:30:00","utc_end_date_details":{"year":"2025","month":"03","day":"08","hour":"17","minutes":"30","seconds":"00"},"timezone":"Europe\/Paris","timezone_abbr":"","cost":"","cost_details":{"currency_symbol":"\u20ac","currency_code":"EUR","currency_position":"suffix","values":[]},"website":"https:\/\/u-paris.fr\/vnement\/cerveau-et-sante-spatiale-des-femmes-en-action\/","show_map":false,"show_map_link":false,"hide_from_listings":false,"sticky":false,"featured":false,"categories":[],"tags":[],"venue":{"id":3508,"author":"1","status":"publish","date":"2025-02-21 16:38:03","date_utc":"0000-00-00 00:00:00","modified":"2025-02-21 16:38:03","modified_utc":"0000-00-00 00:00:00","url":"https:\/\/academiespatiale.fr\/index.php\/lieu\/","venue":"Campus Saint-Germain-des-Pr\u00e9s","address":"45, rue des Saints-P\u00e8res","city":"Paris","zip":"75006","json_ld":{"@type":"Place","name":"Campus Saint-Germain-des-Pr\u00e9s","description":"","url":"","address":{"@type":"PostalAddress","streetAddress":"45, rue des Saints-P\u00e8res","addressLocality":"Paris","postalCode":"75006"},"telephone":"","sameAs":""},"show_map":true,"show_map_link":true,"global_id":"academiespatiale.fr?id=3508","global_id_lineage":["academiespatiale.fr?id=3508"]},"organizer":[{"id":2276,"author":"1","status":"publish","date":"2024-11-22 11:22:26","date_utc":"0000-00-00 00:00:00","modified":"2024-11-22 11:22:26","modified_utc":"0000-00-00 00:00:00","url":"https:\/\/academiespatiale.fr\/index.php\/organisateur\/","organizer":"Universit\u00e9 Paris Cit\u00e9","website":"https:\/\/u-paris.fr\/","json_ld":{"@type":"Person","name":"Universit\u00e9 Paris Cit\u00e9","description":"","url":"https:\/\/u-paris.fr\/","telephone":"","email":"","sameAs":"https:\/\/u-paris.fr\/"},"global_id":"academiespatiale.fr?id=2276","global_id_lineage":["academiespatiale.fr?id=2276"]}],"custom_fields":[],"json_ld":{"@context":"http:\/\/schema.org","@type":"Event","name":"[Journ\u00e9e Internationale des Droits des Femmes] Cerveau et sant\u00e9 spatiale, des femmes en action !","description":"&lt;p&gt;\u00c0 l\u2019occasion de la Semaine du Cerveau et de la Journ\u00e9e Internationale des Droits des Femmes, le P\u00f4le spatial Universit\u00e9 Paris Cit\u00e9 vous invite \u00e0 un \u00e9v\u00e9nement captivant d\u00e9di\u00e9 \u00e0 la sant\u00e9 et aux neurosciences en milieu spatial. Cet \u00e9v\u00e9nement, ouvert \u00e0 toutes et \u00e0 tous, mettra en lumi\u00e8re les [&hellip;]&lt;\/p&gt;\\n","image":"https:\/\/academiespatiale.fr\/wp-content\/uploads\/2025\/02\/Sante-spatiale-8mars2025.png","url":"https:\/\/academiespatiale.fr\/index.php\/event\/journee-internationale-des-droits-des-femmes-cerveau-et-sante-spatiale-des-femmes-en-action\/","eventAttendanceMode":"https:\/\/schema.org\/OfflineEventAttendanceMode","eventStatus":"https:\/\/schema.org\/EventScheduled","startDate":"2025-03-08T14:30:00+01:00","endDate":"2025-03-08T18:30:00+01:00","location":{"@type":"Place","name":"Campus Saint-Germain-des-Pr\u00e9s","description":"","url":"","address":{"@type":"PostalAddress","streetAddress":"45, rue des Saints-P\u00e8res","addressLocality":"Paris","postalCode":"75006"},"telephone":"","sameAs":""},"organizer":{"@type":"Person","name":"Universit\u00e9 Paris Cit\u00e9","description":"","url":"https:\/\/u-paris.fr\/","telephone":"","email":"","sameAs":"https:\/\/u-paris.fr\/"},"performer":"Organization"}}